{"id":128862,"date":"2025-09-25T06:40:12","date_gmt":"2025-09-25T06:40:12","guid":{"rendered":"https:\/\/www.europesays.com\/it\/128862\/"},"modified":"2025-09-25T06:40:12","modified_gmt":"2025-09-25T06:40:12","slug":"naldi-ex-fisioterapista-di-sinner-con-jannik-nessun-rancore","status":"publish","type":"post","link":"https:\/\/www.europesays.com\/it\/128862\/","title":{"rendered":"Naldi, ex fisioterapista di Sinner: &#8220;Con Jannik nessun rancore&#8221;"},"content":{"rendered":"<p>                                L&#8217;ex fisioterapista di Jannik, da cui l&#8217;azzurro si \u00e8 separato dopo il caso Clostebol: &#8220;Non ho mai voluto commentare quanto \u00e8 successo e continuer\u00f2 a non farlo. Anche se \u00e8 una vicenda che mi ha fatto male, umanamente e professionalmente&#8221;<\/p>\n<p>            <a class=\"image is-50x50\" href=\"https:\/\/www.gazzetta.it\/redazione\/federica-cocchi\/\" rel=\"nofollow noopener\" target=\"_blank\"><br \/>\n                <img decoding=\"async\" class=\"is-rounded\" src=\"https:\/\/www.europesays.com\/it\/wp-content\/uploads\/2025\/09\/1758238450_922_omino.png\" alt=\"Federica Cocchi\"\/><br \/>\n            <\/a><\/p>\n<p>Giornalista<\/p>\n<p>                    25 settembre 2025 (modifica alle 08:35)  &#8211; MILANO<\/p>\n<p class=\"paragraph\" spellcheck=\"true\">Jannik Sinner ha completato il team con l\u2019ultima casella mancante: il fisioterapista. L\u2019ex numero 1 al mondo si \u00e8 affidato a uno dei pi\u00f9 esperti sul circuito, Alejandro Resnicoff, per oltre 20 anni con l\u2019Atp. L\u2019argentino con lontane origini italiane, la nonna era abruzzese di Ortona, affiancher\u00e0 Umberto Ferrara, riabilitato dopo il caso Clostebol e nuovamente nel team. Non \u00e8 rientrato in squadra invece Giacomo Naldi, che da qualche tempo lavora nella squadra di Francesco Passaro, che ha assistito anche allo Us Open di quest\u2019anno. Un rientro formato Slam per il bolognese, il cui dito incerottato \u00e8 stato per mesi sui giornali e siti di tutto il mondo. Ora su quel polpastrello solo una piccola cicatrice, impercettibile alla vista e per Naldi, diventato pap\u00e0 di una bambina un anno fa, \u00e8 tempo di ricominciare: \u201cNon ho mai voluto commentare quanto \u00e8 successo col team Sinner e continuer\u00f2 a non farlo. Anche se \u00e8 una vicenda che mi ha fatto male, umanamente e professionalmente\u201d.\u00a0<\/p>\n<p>    la ripresa\u2014 \u00a0<\/p>\n<p class=\"paragraph is-inline\" spellcheck=\"true\">Dopo un periodo di assestamento, in cui il professionista bolognese ha ripreso a lavorare con i suoi pazienti nello studio di Casalecchio, Giacomo si \u00e8 sentito pronto per ricominciare nell\u2019ambiente che gli aveva dato grandi soddisfazioni.  \u201cMi ha fatto molto piacere tornare sul circuito, vivere l\u2019atmosfera di un Grande Slam. E l\u2019accoglienza \u00e8 stata ottima da parte di tutti. Giocatori, allenatori, preparatori\u201d. Compreso il nuovo numero 1 al mondo, Carlos Alcaraz: \u201cMi \u00e8 venuto incontro, \u00e8 stato come sempre gentilissimo, abbiamo fatto due chiacchiere ed \u00e8 una cosa che mi ha fatto un piacere immenso\u201d. Nessun imbarazzo, dunque, nessuno sguardo di traverso o chiacchiericcio: \u201cTutto assolutamente tranquillo. Alla fine il tempo passa, le persone vanno avanti ognuna secondo il proprio percorso. Come sono andate le cose ormai lo sanno tutti e chi non lo sa pu\u00f2 andare a leggersi la sentenza. Non mi sono sentito osservato, \u00e8 stato come riprendere il filo del discorso dove lo avevo lasciato\u201d.<\/p>\n<p>    con Jannik\u2014 \u00a0<\/p>\n<p class=\"paragraph is-inline\" spellcheck=\"true\">Inevitabile anche l\u2019incontro con Jannik Sinner e il resto della squadra di cui ha fatto parte: \u201cAnche durante il procedimento abbiamo sempre avuto rapporti buoni \u2013 prosegue Naldi, fisioterapista e osteopata per anni con la Virtus Bologna -. Io mi sono sempre comportato correttamente, non ho mai cercato visibilit\u00e0. Queste sono le prime dichiarazioni ufficiali che faccio da quando tutto \u00e8 accaduto, a volte mi sono state messe in bocca delle parole prese in altri contesti che hanno scatenato odio social e polemiche nei miei confronti. A differenza di altri, non ho mai detto nulla dell\u2019accaduto, e penso che la mia correttezza sia stata evidente e apprezzata\u201d. Anche da Sinner, con cui l\u2019incontro \u00e8 stato sereno: \u201cAbbiamo parlato, \u00e8 stato cordiale, ci siamo raccontati cose private. Al di l\u00e0 di tutto, resta il rapporto umano dopo un caso che ci ha coinvolto ed \u00e8 stata solo una sfortunata serie di coincidenze, e ne siamo consapevoli. Ho visto Cahill, che \u00e8 sempre stato molto amabile, ho incrociato Ferrara. Io vengo dal basket, ho sempre cercato di portare anche nel team Sinner lo spirito di gruppo ed \u00e8 una delle cose che pi\u00f9 \u00e8 stata apprezzata. Anche se la collaborazione si \u00e8 interrotta non c\u2019\u00e8 nessun rancore. Quello che \u00e8 successo non si pu\u00f2 cambiare, ma bisogna voltare pagina. La vita va avanti\u201d.<\/p>\n<p>    mentalit\u00e0 del gruppo\u2014 \u00a0<\/p>\n<p class=\"paragraph is-inline\" spellcheck=\"true\">La mentalit\u00e0 del gruppo ora l\u2019ha portata nella squadra di Francesco Passaro, altri obiettivi ma sempre lo stesso impegno: \u201cL\u2019ho aiutato con un problema fisico che aveva avuto e abbiamo iniziato a collaborare. Quello che mi piace \u00e8 che non importa quale sia il traguardo, che si tratti di uno Slam o della Top 100, tutti devono andare nella stessa direzione per raggiungerlo. Ognuno con la propria passione e la propria competenza. Ora finiremo la stagione con l\u2019obiettivo di entrare direttamente in tabellone in Australia\u201d. Un posto pieno di ricordi.<\/p>\n<p class=\"is-copyright\">\u00a9 RIPRODUZIONE RISERVATA<\/p>\n","protected":false},"excerpt":{"rendered":"L&#8217;ex fisioterapista di Jannik, da cui l&#8217;azzurro si \u00e8 separato dopo il caso Clostebol: &#8220;Non ho mai voluto&hellip;\n","protected":false},"author":3,"featured_media":128863,"comment_status":"","ping_status":"","sticky":false,"template":"","format":"standard","meta":{"footnotes":""},"categories":[1457],"tags":[500,32,85026,28510,2554,1330,12721,5494,5698,85027,85028,85029,85030,122,2154,85031,85032,5493,5499,1250,1862,5500,399,1537,90,89,1269,1717,6091,5503,1312,5541,85033,17736,85034,9608,366,3423,245,244,1857,1886,3339,1273],"class_list":{"0":"post-128862","1":"post","2":"type-post","3":"status-publish","4":"format-standard","5":"has-post-thumbnail","7":"category-tennis","8":"tag-accaduto","9":"tag-andare","10":"tag-apprezzata","11":"tag-bolognese","12":"tag-cambiare","13":"tag-cercato","14":"tag-circuito","15":"tag-clostebol","16":"tag-commentare","17":"tag-commentare-successo","18":"tag-continuero","19":"tag-continuero-farlo","20":"tag-continuero-farlo-vicenda","21":"tag-cose","22":"tag-farlo","23":"tag-farlo-vicenda","24":"tag-farlo-vicenda-umanamente","25":"tag-ferrara","26":"tag-fisioterapista","27":"tag-francesco","28":"tag-francesco-passaro","29":"tag-giacomo","30":"tag-incontro","31":"tag-it","32":"tag-italia","33":"tag-italy","34":"tag-jannik","35":"tag-jannik-sinner","36":"tag-mentalita","37":"tag-naldi","38":"tag-numero","39":"tag-pagina","40":"tag-passaro","41":"tag-piacere","42":"tag-professionalmente","43":"tag-propria","44":"tag-sinner","45":"tag-slam","46":"tag-sport","47":"tag-sports","48":"tag-squadra","49":"tag-successo","50":"tag-team","51":"tag-tennis"},"share_on_mastodon":{"url":"","error":""},"_links":{"self":[{"href":"https:\/\/www.europesays.com\/it\/wp-json\/wp\/v2\/posts\/128862","targetHints":{"allow":["GET"]}}],"collection":[{"href":"https:\/\/www.europesays.com\/it\/wp-json\/wp\/v2\/posts"}],"about":[{"href":"https:\/\/www.europesays.com\/it\/wp-json\/wp\/v2\/types\/post"}],"author":[{"embeddable":true,"href":"https:\/\/www.europesays.com\/it\/wp-json\/wp\/v2\/users\/3"}],"replies":[{"embeddable":true,"href":"https:\/\/www.europesays.com\/it\/wp-json\/wp\/v2\/comments?post=128862"}],"version-history":[{"count":0,"href":"https:\/\/www.europesays.com\/it\/wp-json\/wp\/v2\/posts\/128862\/revisions"}],"wp:featuredmedia":[{"embeddable":true,"href":"https:\/\/www.europesays.com\/it\/wp-json\/wp\/v2\/media\/128863"}],"wp:attachment":[{"href":"https:\/\/www.europesays.com\/it\/wp-json\/wp\/v2\/media?parent=128862"}],"wp:term":[{"taxonomy":"category","embeddable":true,"href":"https:\/\/www.europesays.com\/it\/wp-json\/wp\/v2\/categories?post=128862"},{"taxonomy":"post_tag","embeddable":true,"href":"https:\/\/www.europesays.com\/it\/wp-json\/wp\/v2\/tags?post=128862"}],"curies":[{"name":"wp","href":"https:\/\/api.w.org\/{rel}","templated":true}]}}