{"id":128972,"date":"2025-09-25T08:06:17","date_gmt":"2025-09-25T08:06:17","guid":{"rendered":"https:\/\/www.europesays.com\/it\/128972\/"},"modified":"2025-09-25T08:06:17","modified_gmt":"2025-09-25T08:06:17","slug":"torino-pisa-lappello-della-maratona-stadio-vuoto-per-45-minuti","status":"publish","type":"post","link":"https:\/\/www.europesays.com\/it\/128972\/","title":{"rendered":"Torino\u2013Pisa, l\u2019appello della Maratona: \u201cStadio vuoto per 45 minuti\u201d"},"content":{"rendered":"<p>Dopo la marcia e il clima teso allo stadio di domenica scorsa, anche questa sera \u00e8 annunciata una nuova manifestazione di dissenso.<\/p>\n<p>Continua la contestazione della tifoseria granata nei confronti della propriet\u00e0 rappresentata da Urbano Cairo. Dopo la marcia organizzata domenica scorsa, 21 settembre 2025, dallo Stadio Filadelfia allo Stadio Olimpico-Grande Torino, poi protrattasi anche durante il match con l&#8217;Atalanta, sono previste nuove manifestazioni di dissenso anche in occasione della gara di Coppa Italia con il Pisa, in programma questa sera alle ore 21. L&#8217;invito per la serata \u00e8 di lasciare vuoti i settori dello stadio per i primi 45 minuti dell&#8217;incontro. &#8220;L&#8217;acufene \u00e8 tornato&#8230; Il silenzio \u00e8 servito&#8221;, si legge infatti nel manifesto. Il riferimento \u00e8 chiaramente alle parole rilasciate nei giorni scorsi dal patron granata, che aveva definito le critiche al suo operato &#8220;come un acufene, non ci faccio pi\u00f9 caso&#8221;. La Curva Maratona aveva gi\u00e0 replicato con lo striscione\u00a0&#8220;Ecco il tuo acufene&#8221;. Nel nuovo volantino si precisa in cosa consister\u00e0 la protesta:\u00a0&#8220;Invitiamo tutti i tifosi granata a lasciare lo stadio vuoto per i primi 45 minuti. Il Toro siamo noi!!!&#8221;. Al centro campeggia una foto che ritrae il presidente Cairo in forma clownesca.<\/p>\n<p class=\"is-copyright\">\u00a9 RIPRODUZIONE RISERVATA<\/p>\n","protected":false},"excerpt":{"rendered":"Dopo la marcia e il clima teso allo stadio di domenica scorsa, anche questa sera \u00e8 annunciata una&hellip;\n","protected":false},"author":3,"featured_media":128973,"comment_status":"","ping_status":"","sticky":false,"template":"","format":"standard","meta":{"footnotes":"","_share_on_mastodon":"0"},"categories":[1452],"tags":[82294,7775,721,16417,1112,85143,1740,5197,1537,90,89,53,15344,13417,3479,3124,3338,82565,1739,245,244,2957],"class_list":["post-128972","post","type-post","status-publish","format-standard","has-post-thumbnail","category-calcio","tag-acufene","tag-cairo","tag-calcio","tag-dissenso","tag-domenica","tag-domenica-scorsa","tag-football","tag-granata","tag-it","tag-italia","tag-italy","tag-lasciare","tag-maratona","tag-marcia","tag-minuti","tag-pisa","tag-primi","tag-primi-minuti","tag-soccer","tag-sport","tag-sports","tag-stadio"],"share_on_mastodon":{"url":"","error":""},"_links":{"self":[{"href":"https:\/\/www.europesays.com\/it\/wp-json\/wp\/v2\/posts\/128972","targetHints":{"allow":["GET"]}}],"collection":[{"href":"https:\/\/www.europesays.com\/it\/wp-json\/wp\/v2\/posts"}],"about":[{"href":"https:\/\/www.europesays.com\/it\/wp-json\/wp\/v2\/types\/post"}],"author":[{"embeddable":true,"href":"https:\/\/www.europesays.com\/it\/wp-json\/wp\/v2\/users\/3"}],"replies":[{"embeddable":true,"href":"https:\/\/www.europesays.com\/it\/wp-json\/wp\/v2\/comments?post=128972"}],"version-history":[{"count":0,"href":"https:\/\/www.europesays.com\/it\/wp-json\/wp\/v2\/posts\/128972\/revisions"}],"wp:featuredmedia":[{"embeddable":true,"href":"https:\/\/www.europesays.com\/it\/wp-json\/wp\/v2\/media\/128973"}],"wp:attachment":[{"href":"https:\/\/www.europesays.com\/it\/wp-json\/wp\/v2\/media?parent=128972"}],"wp:term":[{"taxonomy":"category","embeddable":true,"href":"https:\/\/www.europesays.com\/it\/wp-json\/wp\/v2\/categories?post=128972"},{"taxonomy":"post_tag","embeddable":true,"href":"https:\/\/www.europesays.com\/it\/wp-json\/wp\/v2\/tags?post=128972"}],"curies":[{"name":"wp","href":"https:\/\/api.w.org\/{rel}","templated":true}]}}