{"id":129411,"date":"2025-09-25T12:33:11","date_gmt":"2025-09-25T12:33:11","guid":{"rendered":"https:\/\/www.europesays.com\/it\/129411\/"},"modified":"2025-09-25T12:33:11","modified_gmt":"2025-09-25T12:33:11","slug":"alex-marquez-molte-volte-nel-paddock-non-rispettano-gresini","status":"publish","type":"post","link":"https:\/\/www.europesays.com\/it\/129411\/","title":{"rendered":"Alex Marquez: &#8220;Molte volte nel paddock non rispettano Gresini&#8221;"},"content":{"rendered":"<p><a href=\"https:\/\/it.motorsport.com\/driver\/alex-marquez\/163635\/\" target=\"_blank\" rel=\"noopener nofollow\">Alex Marquez<\/a> festeggia. Il secondo in classifica generale si presenta al Gran Premio del Giappone, che segna l&#8217;inizio del tour asiatico della MotoGP 2025, con la possibilit\u00e0 di ritardare il match point del fratello Marc per il suo nono titolo mondiale. Se il numero 73 riuscir\u00e0 ad evitare che l&#8217;anziano dei Marquez\u00a0 faccia tre punti pi\u00f9 di lui per tutto il fine settimana, allora Marc dovr\u00e0 aspettare il round indonesiano, tra sette giorni. Ma non \u00e8 questo il problema che ha occupato Alex in questi giorni.<\/p>\n<p>Il team <a href=\"https:\/\/it.motorsport.com\/team\/gresini-moto2\/2362\/\" target=\"_blank\" rel=\"noopener nofollow\">Gresini Racing<\/a> ha confermato qualche giorno fa la notizia che era stata riportata da Motorsport.com: Alex avr\u00e0 una <a href=\"https:\/\/it.motorsport.com\/team\/ducati\/2259\/\" target=\"_blank\" rel=\"noopener nofollow\">Ducati<\/a> ufficiale nel 2026, una Desmosedici GP26, la stessa che avranno <a href=\"https:\/\/it.motorsport.com\/driver\/marc-marquez\/159980\/\" target=\"_blank\" rel=\"noopener nofollow\">Marc Marquez<\/a> e <a href=\"https:\/\/it.motorsport.com\/driver\/francesco-bagnaia-2-1445004012\/164617\/\" target=\"_blank\" rel=\"noopener nofollow\">Pecco Bagnaia<\/a> nel team factory e anche <a href=\"https:\/\/it.motorsport.com\/driver\/fabio-di-giannantonio\/177448\/\" target=\"_blank\" rel=\"noopener nofollow\">Fabio Di Giannantonio<\/a> nel box della <a href=\"https:\/\/it.motorsport.com\/team\/team-vr46\/2355\/\" target=\"_blank\" rel=\"noopener nofollow\">Pertamina Enduro VR46<\/a>.<\/p>\n<p>Un Alex felice ne ha parlato gioved\u00ec, al suo arrivo al Twin Ring Motegi. Il pilota di Cervera ha spiegato cosa significher\u00e0 per lui in termini di lavoro nella prossima stagione e, soprattutto, ha colto l&#8217;occasione per rivendicare la squadra fondata a suo tempo da Fausto Gresini e attualmente gestita dalla vedova, Nadia Padovani, che insieme a lui far\u00e0 un salto di qualit\u00e0.<\/p>\n<p>&#8220;Sono assolutamente entusiasta.\u00a0Credo che sia un premio soprattutto per la squadra&#8221;, ha esordito Alex. &#8220;Se si guarda storicamente al Gresini Racing con la Ducati, il primo anno con <a href=\"https:\/\/it.motorsport.com\/driver\/enea-bastianini-2-1445006891\/164612\/\" target=\"_blank\" rel=\"noopener nofollow\">Enea Bastianini<\/a>, il secondo anno con me e &#8216;Diggia&#8217;, abbiamo vinto una gara, successivamente con Marc&#8230; \u00c8 davvero incredibile quello che pu\u00f2 fare una piccola squadra, perch\u00e9 molte volte, nel paddock, penso che non abbiano il rispetto (meritato) per Gresini, che \u00e8 una squadra incredibile&#8221;.<\/p>\n<p>   <img decoding=\"async\" draggable=\"false\" src=\"https:\/\/www.europesays.com\/it\/wp-content\/uploads\/2025\/09\/1758803591_323_alex-marquez-gresini-racing.jpg\" alt=\"Alex M\u00e1rquez, Gresini Racing\" loading=\"lazy\" width=\"1200\" height=\"800\"\/> <\/p>\n<p class=\"title\">Alex M\u00e1rquez, Gresini Racing<\/p>\n<p class=\"photographer\">Foto di: Gold and Goose Photography \/ LAT Images \/ via Getty Images<\/p>\n<p>&#8220;Quindi, s\u00ec, \u00e8 davvero una buona notizia. Sappiamo che avremo pi\u00f9 responsabilit\u00e0 in molte cose, ma \u00e8 una cosa molto bella da vedere e sapere che avremo la moto ufficiale, per avvicinarci e avere le stesse cose dei piloti ufficiali&#8221;.<\/p>\n<p>Per sapere se i suoi fine settimana cambieranno molto nel 2026, ha commentato: &#8220;Penso che, soprattutto, i test cambieranno parecchio.\u00a0Durante i fine settimana, bisogna anche dare priorit\u00e0 alle prestazioni e non fare molti test. \u00c8 vero che in alcuni Gran Premi avremo nuovi elementi, nuove parti o qualcosa che dovremo testare. Ma alla fine non dobbiamo perdere la priorit\u00e0, che \u00e8 la prestazione&#8221;.<\/p>\n<p>Guardando a questo fine settimana, il due volte campione del mondo spera di trarre il massimo da Motegi e di ritardare l&#8217;arrivo alla corona di Marc: &#8220;Siamo qui per cercare di fare del nostro meglio, come sempre, per avere un fine settimana solido.\u00a0Sar\u00e0 davvero importante, veniamo da una buona esperienza a Barcellona e a Misano e cercheremo di estrarre il nostro potenziale al 100%. E cercare di ritardare un po&#8217; il titolo di Marc, perch\u00e9 sarebbe una buona cosa per noi, significherebbe che abbiamo avuto un weekend davvero buono.\u00a0Quindi cercheremo di dare il massimo e vedremo dove saremo domenica&#8221;, ha concluso.<\/p>\n<p>Leggi anche:<\/p>\n","protected":false},"excerpt":{"rendered":"Alex Marquez festeggia. Il secondo in classifica generale si presenta al Gran Premio del Giappone, che segna l&#8217;inizio&hellip;\n","protected":false},"author":3,"featured_media":129412,"comment_status":"","ping_status":"","sticky":false,"template":"","format":"standard","meta":{"footnotes":""},"categories":[1455],"tags":[3677,15567,12234,1537,90,89,1783,1785,85302,1784,245,244,84474],"class_list":{"0":"post-129411","1":"post","2":"type-post","3":"status-publish","4":"format-standard","5":"has-post-thumbnail","7":"category-moto","8":"tag-alex-marquez","9":"tag-gp-del-giappone","10":"tag-gresini-racing","11":"tag-it","12":"tag-italia","13":"tag-italy","14":"tag-moto","15":"tag-motogp","16":"tag-motogp-alex-marquez-molte-volte-nel-paddock-non-rispettano-gresini","17":"tag-motorcycle","18":"tag-sport","19":"tag-sports","20":"tag-twin-ring-motegi"},"share_on_mastodon":{"url":"","error":""},"_links":{"self":[{"href":"https:\/\/www.europesays.com\/it\/wp-json\/wp\/v2\/posts\/129411","targetHints":{"allow":["GET"]}}],"collection":[{"href":"https:\/\/www.europesays.com\/it\/wp-json\/wp\/v2\/posts"}],"about":[{"href":"https:\/\/www.europesays.com\/it\/wp-json\/wp\/v2\/types\/post"}],"author":[{"embeddable":true,"href":"https:\/\/www.europesays.com\/it\/wp-json\/wp\/v2\/users\/3"}],"replies":[{"embeddable":true,"href":"https:\/\/www.europesays.com\/it\/wp-json\/wp\/v2\/comments?post=129411"}],"version-history":[{"count":0,"href":"https:\/\/www.europesays.com\/it\/wp-json\/wp\/v2\/posts\/129411\/revisions"}],"wp:featuredmedia":[{"embeddable":true,"href":"https:\/\/www.europesays.com\/it\/wp-json\/wp\/v2\/media\/129412"}],"wp:attachment":[{"href":"https:\/\/www.europesays.com\/it\/wp-json\/wp\/v2\/media?parent=129411"}],"wp:term":[{"taxonomy":"category","embeddable":true,"href":"https:\/\/www.europesays.com\/it\/wp-json\/wp\/v2\/categories?post=129411"},{"taxonomy":"post_tag","embeddable":true,"href":"https:\/\/www.europesays.com\/it\/wp-json\/wp\/v2\/tags?post=129411"}],"curies":[{"name":"wp","href":"https:\/\/api.w.org\/{rel}","templated":true}]}}