{"id":129445,"date":"2025-09-25T12:54:20","date_gmt":"2025-09-25T12:54:20","guid":{"rendered":"https:\/\/www.europesays.com\/it\/129445\/"},"modified":"2025-09-25T12:54:20","modified_gmt":"2025-09-25T12:54:20","slug":"specializzazioni-sanitarie-per-il-2024-25-a-disposizione-15-088-posti","status":"publish","type":"post","link":"https:\/\/www.europesays.com\/it\/129445\/","title":{"rendered":"Specializzazioni sanitarie, per il 2024\/25 a disposizione 15.088 posti"},"content":{"rendered":"<p>Ascolta la versione audio dell&#8217;articolo<\/p>\n<p class=\"atext\">Sono 15.088 i posti di formazione medica specialistica per il 2024\/2025. La ministra dell\u2019Universit\u00e0 e della Ricerca, Anna Maria Bernini, ha firmato il decreto che va a ripartire i posti disponibili per le Scuole di specializzazione accreditate di area sanitaria ad accesso riservato ai medici.<\/p>\n<p>I posti<\/p>\n<p class=\"atext\">Dei 15.088 contratti di specializzazione medica, 14.483 sono finanziati con risorse statali, mentre 559 sono i posti aggiuntivi che saranno sostenuti da fondi regionali e 46 i contratti possibili grazie a stanziamenti di altri enti pubblici e privati. A questi si aggiungono i 195 posti riservati alle categorie indicate dall\u2019articolo 35 del Dlgs 368\/1999 (sanit\u00e0 militare e servizio sanitario nazionale).<\/p>\n<p>Le domande<\/p>\n<p class=\"atext\">I concorrenti hanno tempo fino a luned\u00ec 29 settembre 2025 per effettuare la scelta di tipologia e di sede che potr\u00e0 essere effettuata tramite il portale www.universitaly.it (accedendo dalla propria pagina personale). La pubblicazione delle assegnazioni dei candidati alle Scuole \u00e8 prevista per marted\u00ec 30 settembre 2025 . Sempre da marted\u00ec 30 settembre, e fino a *luned\u00ec 6 ottobre 2025*, sar\u00e0 possibile effettuare l\u2019immatricolazione alle Scuole di assegnazione.<\/p>\n<p>L\u2019inizio di corsi<\/p>\n<p class=\"atext\">La prova di ammissione dei medici alle Scuole di specializzazione si \u00e8 svolta, a livello nazionale, lo scorso 22 luglio. L\u2019inizio delle attivit\u00e0 didattiche \u00e8 fissato a partire dal 1\u00b0 novembre 2025.<\/p>\n<p><a class=\"aprev aprev--acor aprev--acor-small aprev--shline\" href=\"https:\/\/areautente.ilsole24ore.com\/?newsletterDetails=SCUOLAPLUS#newsletter\" rel=\"nofollow noopener\" target=\"_blank\"><img decoding=\"async\" class=\"img-fluid\" src=\"https:\/\/www.europesays.com\/it\/wp-content\/uploads\/2025\/08\/258x258.png\" alt=\"Scopri di pi\u00f9\"\/><\/a><a class=\"aprev aprev--acor aprev--acor-small aprev--shline\" href=\"https:\/\/abbonamenti.ilsole24ore.com\/exco\/addToCart?sku=Z.SP_AXXAY5&amp;tipoAbbonamento=annuale&amp;tipoConsegna=noConsegna&amp;utm_medium=posizioni_marketing\" rel=\"nofollow noopener\" target=\"_blank\"><img decoding=\"async\" class=\"img-fluid\" src=\"https:\/\/www.europesays.com\/it\/wp-content\/uploads\/2025\/08\/258x258.png\" alt=\"Scopri di pi\u00f9\"\/><\/a><\/p>\n","protected":false},"excerpt":{"rendered":"Ascolta la versione audio dell&#8217;articolo Sono 15.088 i posti di formazione medica specialistica per il 2024\/2025. La ministra&hellip;\n","protected":false},"author":3,"featured_media":129446,"comment_status":"","ping_status":"","sticky":false,"template":"","format":"standard","meta":{"footnotes":""},"categories":[1481],"tags":[2065,2066,239,2063,2064,1537,90,89,240],"class_list":{"0":"post-129445","1":"post","2":"type-post","3":"status-publish","4":"format-standard","5":"has-post-thumbnail","7":"category-assistenza-sanitaria","8":"tag-assistenza-sanitaria","9":"tag-assistenzasanitaria","10":"tag-health","11":"tag-health-care","12":"tag-healthcare","13":"tag-it","14":"tag-italia","15":"tag-italy","16":"tag-salute"},"share_on_mastodon":{"url":"","error":""},"_links":{"self":[{"href":"https:\/\/www.europesays.com\/it\/wp-json\/wp\/v2\/posts\/129445","targetHints":{"allow":["GET"]}}],"collection":[{"href":"https:\/\/www.europesays.com\/it\/wp-json\/wp\/v2\/posts"}],"about":[{"href":"https:\/\/www.europesays.com\/it\/wp-json\/wp\/v2\/types\/post"}],"author":[{"embeddable":true,"href":"https:\/\/www.europesays.com\/it\/wp-json\/wp\/v2\/users\/3"}],"replies":[{"embeddable":true,"href":"https:\/\/www.europesays.com\/it\/wp-json\/wp\/v2\/comments?post=129445"}],"version-history":[{"count":0,"href":"https:\/\/www.europesays.com\/it\/wp-json\/wp\/v2\/posts\/129445\/revisions"}],"wp:featuredmedia":[{"embeddable":true,"href":"https:\/\/www.europesays.com\/it\/wp-json\/wp\/v2\/media\/129446"}],"wp:attachment":[{"href":"https:\/\/www.europesays.com\/it\/wp-json\/wp\/v2\/media?parent=129445"}],"wp:term":[{"taxonomy":"category","embeddable":true,"href":"https:\/\/www.europesays.com\/it\/wp-json\/wp\/v2\/categories?post=129445"},{"taxonomy":"post_tag","embeddable":true,"href":"https:\/\/www.europesays.com\/it\/wp-json\/wp\/v2\/tags?post=129445"}],"curies":[{"name":"wp","href":"https:\/\/api.w.org\/{rel}","templated":true}]}}