{"id":129907,"date":"2025-09-25T18:02:11","date_gmt":"2025-09-25T18:02:11","guid":{"rendered":"https:\/\/www.europesays.com\/it\/129907\/"},"modified":"2025-09-25T18:02:11","modified_gmt":"2025-09-25T18:02:11","slug":"ancelotti-richiami-neymar-nessuno-come-lui","status":"publish","type":"post","link":"https:\/\/www.europesays.com\/it\/129907\/","title":{"rendered":"Ancelotti richiami Neymar, nessuno come lui"},"content":{"rendered":"<p>&#8220;Richiama Neymar in nazionale&#8221;: \u00e8 la richiesta che Ronaldo fa a Carlo Ancelotti, ct italiano della Sele\u00e7ao che nelle sue quattro partite alla guida del Brasile non ha mai convocato il 33enne giocatore del Santos. Neymar \u00e8 il miglior marcatore della storia del Brasile con 79 reti (due pi\u00f9 di Pel\u00e8) in 128 partite (contro le 92 di O Rei) ma non gioca con la maglia verdeoro da ottobre 2023, quando subi&#8217; un grave incidente al ginocchio. Tornato a giocare in patria dopo l&#8217;esperienza in Arabia, all&#8217;Al Hilal, Neymar \u00e8 di nuovo protagonista col Santos. Ma per ora Ancelotti non lo ha preso in considerazione. &#8220;\u00c8 un giocatore decisivo per la Sele\u00e7ao brasiliana. Non abbiamo un altro giocatore come Neymar&#8221;, ha detto Ronaldo. &#8220;La gente spera al 100% che vada ai Mondiali perch\u00e9 se ci sar\u00e0, avremo sicuramente risultati migliori rispetto a quel che sarebbe senza di lui&#8221;. A settembre, Ancelotti non aveva chiuso del tutto le porte a un ritorno di O Ney. &#8220;Deve rimettersi in forma per aiutare la nazionale e dare il meglio di s\u00e9 ai Mondiali&#8221;.\u00a0<\/p>\n","protected":false},"excerpt":{"rendered":"&#8220;Richiama Neymar in nazionale&#8221;: \u00e8 la richiesta che Ronaldo fa a Carlo Ancelotti, ct italiano della Sele\u00e7ao che&hellip;\n","protected":false},"author":3,"featured_media":3278,"comment_status":"","ping_status":"","sticky":false,"template":"","format":"standard","meta":{"footnotes":""},"categories":[1452],"tags":[721,1740,1537,90,89,1739,245,244],"class_list":{"0":"post-129907","1":"post","2":"type-post","3":"status-publish","4":"format-standard","5":"has-post-thumbnail","7":"category-calcio","8":"tag-calcio","9":"tag-football","10":"tag-it","11":"tag-italia","12":"tag-italy","13":"tag-soccer","14":"tag-sport","15":"tag-sports"},"share_on_mastodon":{"url":"","error":""},"_links":{"self":[{"href":"https:\/\/www.europesays.com\/it\/wp-json\/wp\/v2\/posts\/129907","targetHints":{"allow":["GET"]}}],"collection":[{"href":"https:\/\/www.europesays.com\/it\/wp-json\/wp\/v2\/posts"}],"about":[{"href":"https:\/\/www.europesays.com\/it\/wp-json\/wp\/v2\/types\/post"}],"author":[{"embeddable":true,"href":"https:\/\/www.europesays.com\/it\/wp-json\/wp\/v2\/users\/3"}],"replies":[{"embeddable":true,"href":"https:\/\/www.europesays.com\/it\/wp-json\/wp\/v2\/comments?post=129907"}],"version-history":[{"count":0,"href":"https:\/\/www.europesays.com\/it\/wp-json\/wp\/v2\/posts\/129907\/revisions"}],"wp:featuredmedia":[{"embeddable":true,"href":"https:\/\/www.europesays.com\/it\/wp-json\/wp\/v2\/media\/3278"}],"wp:attachment":[{"href":"https:\/\/www.europesays.com\/it\/wp-json\/wp\/v2\/media?parent=129907"}],"wp:term":[{"taxonomy":"category","embeddable":true,"href":"https:\/\/www.europesays.com\/it\/wp-json\/wp\/v2\/categories?post=129907"},{"taxonomy":"post_tag","embeddable":true,"href":"https:\/\/www.europesays.com\/it\/wp-json\/wp\/v2\/tags?post=129907"}],"curies":[{"name":"wp","href":"https:\/\/api.w.org\/{rel}","templated":true}]}}