{"id":129927,"date":"2025-09-25T18:16:07","date_gmt":"2025-09-25T18:16:07","guid":{"rendered":"https:\/\/www.europesays.com\/it\/129927\/"},"modified":"2025-09-25T18:16:07","modified_gmt":"2025-09-25T18:16:07","slug":"flotilla-verso-gaza-rifiuta-la-proposta-di-fermarsi-a-cipro-il-fatto-quotidiano","status":"publish","type":"post","link":"https:\/\/www.europesays.com\/it\/129927\/","title":{"rendered":"Flotilla verso Gaza rifiuta la proposta di fermarsi a Cipro | Il Fatto Quotidiano"},"content":{"rendered":"<p>Niente cambio di programma. La delegazione italiana del <strong>Global Movement to Gaza<\/strong>, a nome del Comitato direttivo della <a href=\"https:\/\/www.ilfattoquotidiano.it\/in-edicola\/articoli\/2025\/09\/25\/flotilla-notte-di-fuoco-e-giornata-di-terrore\/8138302\/\" rel=\"nofollow noopener\" target=\"_blank\"><strong>Global<\/strong> <strong>Sumud<\/strong> <strong>Flotilla<\/strong><\/a>, comunica alle autorit\u00e0 italiane di <strong>non<\/strong> <strong>accettare<\/strong> la <strong>proposta<\/strong> ricevuta mercoled\u00ec su una possibile <strong>deviazione<\/strong> degli aiuti in direzione <strong>Cipro<\/strong>, per poi <a href=\"https:\/\/www.ilfattoquotidiano.it\/2025\/09\/24\/attacco-alla-flotilla-crosetto-ho-inviato-una-fregata-della-marina-militare-in-soccorso-degli-italiani\/8137414\/\" rel=\"nofollow noopener\" target=\"_blank\">farli arrivare a <strong>Gaza<\/strong> con il coinvolgimento del <strong>patriarcato latino<\/strong> di Gerusalemme<\/a>. Il no secco arriva dopo <a href=\"https:\/\/www.ilfattoquotidiano.it\/2025\/09\/24\/flotilla-gaza-meloni-irresponsabile-mediazione-cipro-notizie\/8138057\/\" rel=\"nofollow noopener\" target=\"_blank\">le parole di <strong>Giorgia<\/strong> <strong>Meloni<\/strong><\/a> che ha attaccato l\u2019iniziativa umanitaria definendola \u201cpericolosa e irresponsabile\u201d e solo finalizzata \u201ca creare problemi al governo\u201d, chiedendo agli attivisti di fermarsi a Cipro: \u201cNon c\u2019\u00e8 bisogno di rischiare la propria incolumit\u00e0 di infilarsi in un <strong>teatro<\/strong> <strong>di<\/strong> <strong>guerra<\/strong> per consegnare aiuti a Gaza che il governo italiano avrebbe potuto <strong>consegnare<\/strong> <strong>in<\/strong> <strong>poche<\/strong> <strong>ore<\/strong>\u201c, ha aggiunto la premier da New York.<\/p>\n<p><strong>\u201cObiettivo rompere l\u2019assedio\u201d \u2013<\/strong> \u201cRibadiamo \u2013 scrive il Global Movement to Gaza \u2013 che la nostra missione rimane fedele al suo <strong>obiettivo<\/strong> <strong>originario<\/strong> di <strong>rompere<\/strong> <strong>l\u2019assedio illegale<\/strong> e consegnare gli aiuti umanitari alla <strong>popolazione assediata di Gaza<\/strong>, vittima di <strong>genocidio<\/strong> e <strong>pulizia<\/strong> <strong>etnica\u201d<\/strong>. \u201cQualsiasi attacco o ostruzione alla missione \u2013 viene sottolineato \u2013 costituirebbe una grave violazione del diritto internazionale e un atto di sfida all\u2019ordinanza provvisoria della Corte internazionale di giustizia che impone a Israele di facilitare gli aiuti umanitari verso Gaza\u201d. La delegazione italiana continua a a chiedere al Governo \u201cuna risposta netta, severa e seria, in linea con il diritto internazionale\u201d.<\/p>\n<p><strong>Israele: \u201cAl servizio di Hamas\u201d \u2013<\/strong> Immediata la replica di Tel Aviv. \u201cIsraele ha <strong>accettato<\/strong> la proposta del governo italiano di scaricare gli aiuti nel porto di Cipro e poi trasferirli a Gaza. La flottiglia ha respinto la proposta italiana, dimostrando che <strong>il suo vero scopo \u00e8 la provocazione e il servizio ad Hamas<\/strong>\u201c, scrive su X il ministro degli Esteri israeliano <strong>Gideon<\/strong> <strong>Sa\u2019ar<\/strong>, ribadendo che \u201cIsraele non consentir\u00e0 alle navi di entrare in una zona di combattimento attiva e non permetter\u00e0 la violazione di un legittimo blocco navale. Israele \u00e8 ancora pronto a impegnarsi in qualsiasi accordo costruttivo per trasferire gli aiuti in modo legale e pacifico\u201d, ha concluso.<\/p>\n<p><strong>La mediazione del governo \u2013 <\/strong>Sulla proposta aveva lavorato il ministro degli Esteri <strong>Antonio<\/strong> <strong>Tajani<\/strong> che ha sentito i suoi omologhi di Cipro e Israele (ottenendone il consenso). Secondo quanto trapela, il governo invita la Flotilla a consegnare gli aiuti alle parrocchie del Patriarcato latino a Cipro, da qui verrebbero trasferiti al porto di Ashdod in Israele per poi, attraverso un corridoio aperto dalle <strong>Misericordie<\/strong>, farli arrivare a Gaza. Su questa ipotesi si \u00e8 attivato il Patriarcato latino di Gerusalemme, guidato dal cardinale Pizzaballa, per dare fattibilit\u00e0 alla mediazione. C\u2019\u00e8 stato anche un intervento del cardinale Matteo Zuppi, presidente della Cei, \u201cverso il Patriarcato latino di Gerusalemme per facilitare l\u2019arrivo e la consegna degli aiuti umanitari a Gaza\u201d.<\/p>\n<p><strong>Il rischio di attacchi nelle prossime 48 ore \u2013<\/strong> La situazione intanto rimane sempre molto tesa. Le imbarcazioni della Global Samud Flotilla si trovano al momento nei pressi delle coste meridionali di Cipro. Gli organizzatori della missione hanno <a href=\"https:\/\/www.ilfattoquotidiano.it\/2025\/09\/25\/flotilla-gaza-minacce-israele-notizie\/8139132\/\" rel=\"nofollow noopener\" target=\"_blank\">tenuto una \u201c<strong>conferenza<\/strong> <strong>stampa<\/strong> di <strong>emergenza<\/strong>\u201c<\/a> per <strong>allertare<\/strong> la comunit\u00e0 internazionale in merito a \u201c<strong>informazioni credibili di intelligence<\/strong> che indicano che \u00e8 probabile che <strong>Israele<\/strong> <strong>intensifichi<\/strong> gli <strong>attacchi<\/strong> <strong>violenti<\/strong> contro la flottiglia <strong>entro le prossime 48 ore<\/strong>, utilizzando potenzialmente <strong>armi<\/strong> che potrebbero <strong>affondare<\/strong>, <strong>ferire e\/o uccidere<\/strong> i partecipanti\u201d. Viene pertanto chiesto con urgenza \u201cche i governi e gli organismi internazionali intervengano e garantiscano il passaggio sicuro della flottiglia\u201d.<\/p>\n<p><strong>Le navi militari \u2013 <\/strong>Intanto <a href=\"https:\/\/www.ilfattoquotidiano.it\/live-post\/2025\/09\/25\/flotilla-crosetto-in-acque-israeliane-non-garantiremo-la-sicurezza-alle-navi-schlein-meloni-megalomane-divide-il-paese\/8138454\/\" rel=\"nofollow noopener\" target=\"_blank\">il ministro della Difesa, <strong>Guido<\/strong> <strong>Crosetto<\/strong>, ha disposto l\u2019invio verso l\u2019area dove naviga la Flotilla \u201cdi un\u2019altra nave<\/a>, la Alpino, che dispone di altre capacit\u00e0 se mai servissero\u201d. La fregata multiruolo <strong>Fasan<\/strong> della Marina militare italiana gi\u00e0 da ieri sera \u00e8 a sud di Creta in prossimit\u00e0 della flotta umanitaria degli attivisti e la segue per eventuali soccorsi. Mentre \u00e8 pronta a salpare dal porto di Cartagena anche la nave della marina militare spagnola Furor, come annunciato dal primo ministro Pedro S\u00e1nchez. A bordo della nave ci sono in totale 52 uomini e donne, e tra i loro compiti non c\u2019\u00e8 solo la sorveglianza marittima, ma anche missioni umanitarie, di mantenimento della pace, antidroga o controllo del traffico illegale di persone, riferisce la radio tv pubblica spagnola Rtve. La missione della Furor \u00e8 coordinata con quella delle due navi inviate dall\u2019Italia.<\/p>\n<p><strong>58 europarlamentari chiedono l\u2019intervento di Frontex \u2013<\/strong> Da Bruxelles <strong>58 europarlamentari<\/strong> di The Left, Greens, S&amp;D e dei Non iscritti hanno inviato una lettera a <strong>Ursula<\/strong> <strong>von<\/strong> <strong>der<\/strong> <strong>Leyen<\/strong> per chiedere un intervento urgente di <strong>Frontex<\/strong>. Alla presidente della Commissione Ue \u201cchiediamo di intervenire con urgenza per attivare i mezzi di Frontex al fine di prevenire nuovi attacchi e garantire protezione immediata a tutti i cittadini europei presenti nelle imbarcazioni applicando in maniera estensiva il regolamento che istituisce Frontex\u201d, afferma in una nota Danilo Della Valle, europarlamentare del Movimento 5 Stelle: \u201cL\u2019Ue ritorni a essere umana: a Gaza si muore di fame, l\u2019assedio israeliano va rotto portando aiuti e generi alimentari\u201d, ha aggiunto ricordando che \u201cla Commissione europea finora ha espresso solo qualche frase di solidariet\u00e0 di circostanza, ma adesso deve assumere un ruolo attivo coordinando le attivit\u00e0 di protezione delle imbarcazioni\u201d.<\/p>\n","protected":false},"excerpt":{"rendered":"Niente cambio di programma. La delegazione italiana del Global Movement to Gaza, a nome del Comitato direttivo della&hellip;\n","protected":false},"author":3,"featured_media":129928,"comment_status":"","ping_status":"","sticky":false,"template":"","format":"standard","meta":{"footnotes":""},"categories":[79],"tags":[14,93,94,1537,90,89,7,15,11,84,91,12,85,92],"class_list":{"0":"post-129927","1":"post","2":"type-post","3":"status-publish","4":"format-standard","5":"has-post-thumbnail","7":"category-italia","8":"tag-cronaca","9":"tag-cronaca-italiana","10":"tag-cronacaitaliana","11":"tag-it","12":"tag-italia","13":"tag-italy","14":"tag-news","15":"tag-notizie","16":"tag-ultime-notizie","17":"tag-ultime-notizie-e-news-di-oggi","18":"tag-ultime-notizie-italia","19":"tag-ultimenotizie","20":"tag-ultimenotizieenewsdioggi","21":"tag-ultimenotizieitalia"},"share_on_mastodon":{"url":"","error":""},"_links":{"self":[{"href":"https:\/\/www.europesays.com\/it\/wp-json\/wp\/v2\/posts\/129927","targetHints":{"allow":["GET"]}}],"collection":[{"href":"https:\/\/www.europesays.com\/it\/wp-json\/wp\/v2\/posts"}],"about":[{"href":"https:\/\/www.europesays.com\/it\/wp-json\/wp\/v2\/types\/post"}],"author":[{"embeddable":true,"href":"https:\/\/www.europesays.com\/it\/wp-json\/wp\/v2\/users\/3"}],"replies":[{"embeddable":true,"href":"https:\/\/www.europesays.com\/it\/wp-json\/wp\/v2\/comments?post=129927"}],"version-history":[{"count":0,"href":"https:\/\/www.europesays.com\/it\/wp-json\/wp\/v2\/posts\/129927\/revisions"}],"wp:featuredmedia":[{"embeddable":true,"href":"https:\/\/www.europesays.com\/it\/wp-json\/wp\/v2\/media\/129928"}],"wp:attachment":[{"href":"https:\/\/www.europesays.com\/it\/wp-json\/wp\/v2\/media?parent=129927"}],"wp:term":[{"taxonomy":"category","embeddable":true,"href":"https:\/\/www.europesays.com\/it\/wp-json\/wp\/v2\/categories?post=129927"},{"taxonomy":"post_tag","embeddable":true,"href":"https:\/\/www.europesays.com\/it\/wp-json\/wp\/v2\/tags?post=129927"}],"curies":[{"name":"wp","href":"https:\/\/api.w.org\/{rel}","templated":true}]}}