{"id":129931,"date":"2025-09-25T18:20:11","date_gmt":"2025-09-25T18:20:11","guid":{"rendered":"https:\/\/www.europesays.com\/it\/129931\/"},"modified":"2025-09-25T18:20:11","modified_gmt":"2025-09-25T18:20:11","slug":"un-percorso-di-cura-e-assistenza","status":"publish","type":"post","link":"https:\/\/www.europesays.com\/it\/129931\/","title":{"rendered":"un percorso di cura e assistenza"},"content":{"rendered":"<p>Arriva un momento, nella vita di una famiglia, in cui l\u2019amore e la dedizione non sono pi\u00f9 sufficienti. \u00c8 un pensiero difficile da accettare, eppure la realt\u00e0 a volte impone di riconoscere che le mura di casa, un tempo sinonimo di sicurezza, non riescono pi\u00f9 a garantire la giusta assistenza a un proprio caro. La scelta di una residenza sanitaria assistenziale nasce quasi sempre da qui: da un atto di responsabilit\u00e0.<\/p>\n<p>Non \u00e8 una resa, ma la ricerca di un luogo diverso, una comunit\u00e0 protetta dove la cura della persona \u00e8 un mestiere, fatto di competenze specifiche. Se si sta cercando una <a href=\"https:\/\/anniazzurri.it\/rsa-in-provincia-di-bologna\" rel=\"nofollow noopener\" target=\"_blank\">Rsa in provincia di Bologna<\/a>, l\u2019invito \u00e8 a guardare oltre la struttura, per capire il progetto umano che vi abita, perch\u00e9 \u00e8 quello che fa la differenza tra un posto dove stare e un posto dove vivere.<\/p>\n<p>L\u2019assistenza sanitaria: professionalit\u00e0 e presenza costante<\/p>\n<p>Il cuore di una RSA \u00e8 la sua capacit\u00e0 di fornire un\u2019<strong>assistenza sanitaria continuativa<\/strong>, impossibile da replicare a domicilio. La presenza <strong>infermieristica<\/strong>, garantita nell\u2019arco delle ventiquattro ore, assicura una gestione sicura e puntuale delle terapie farmacologiche, anche le pi\u00f9 complesse. Si occupa del monitoraggio dei parametri vitali, della prevenzione e cura delle lesioni da decubito, della gestione di medicazioni avanzate o di presidi come cateteri e sonde per la nutrizione. Questa sorveglianza costante \u00e8 fondamentale, specialmente per persone che rientrano da un ricovero ospedaliero o che presentano patologie instabili. L\u2019obiettivo non \u00e8 solo curare, ma <strong>prevenire<\/strong> <strong>le<\/strong> <strong>complicanze<\/strong>, agendo tempestivamente al primo segnale di allarme e garantendo una tranquillit\u00e0 che a casa sarebbe irraggiungibile.<\/p>\n<p>La riabilitazione e il mantenimento delle autonomie<\/p>\n<p>Un altro pilastro fondamentale \u00e8 il lavoro sul recupero e sul mantenimento delle <strong>capacit\u00e0 funzionali<\/strong>. Le RSA sono dotate di palestre e attrezzature specifiche dove i fisioterapisti lavorano quotidianamente con gli ospiti. Vengono definiti percorsi riabilitativi individuali per chi ha subito un intervento o un evento acuto, come una frattura o un ictus, con l\u2019obiettivo di recuperare la massima autonomia possibile. Per chi convive con patologie croniche o disabilit\u00e0 permanenti, invece, si strutturano attivit\u00e0 di mantenimento, sia individuali che di gruppo, per contrastare la rigidit\u00e0 articolare e preservare la capacit\u00e0 di compiere i piccoli gesti della vita quotidiana. A questo si affianca spesso la <strong>terapia occupazionale<\/strong>, che attraverso attivit\u00e0 pratiche e stimolanti aiuta a mantenere vive le abilit\u00e0 cognitive e la manualit\u00e0 fine, promuovendo l\u2019autostima e la partecipazione attiva.<\/p>\n<p>La cura della persona e il benessere quotidiano<\/p>\n<p>La dimensione socio-assistenziale \u00e8 ci\u00f2 che trasforma una struttura sanitaria in una vera e propria casa. Gli <strong>operatori socio-sanitari <\/strong>(OSS) sono le figure centrali di questo processo: aiutano nell\u2019igiene personale, nella vestizione, nell\u2019alimentazione, sempre con un approccio che mira a rispettare la privacy e a incoraggiare l\u2019autonomia residua. Ma il benessere va oltre. Le attivit\u00e0 di animazione, coordinate da educatori professionali, scandiscono la giornata e combattono il nemico pi\u00f9 grande: la solitudine. Laboratori creativi, musicoterapia, momenti di lettura, ginnastica dolce e feste a tema non sono semplici passatempi, ma potenti <strong>strumenti terapeutici<\/strong>. Ricostruiscono una socialit\u00e0, stimolano la mente e l\u2019umore, e garantiscono che ogni giorno abbia ancora un senso e un valore, al di l\u00e0 della condizione di fragilit\u00e0 fisica.<\/p>\n<p>Le porte d\u2019ingresso a una nuova quotidianit\u00e0<\/p>\n<p>Le strade per iniziare questo percorso sono essenzialmente due. C\u2019\u00e8 il percorso pubblico, attraverso il <strong>Servizio Sanitario Nazionale<\/strong>, che prevede una valutazione ufficiale della condizione di non autosufficienza. \u00c8 un diritto, ma richiede i suoi tempi. E poi c\u2019\u00e8 la scelta privata, che spesso nasce da un\u2019urgenza, da una situazione che precipita all\u2019improvviso. Non c\u2019\u00e8 una via migliore dell\u2019altra; sono semplicemente risposte a circostanze diverse. L\u2019importante \u00e8 che, varcata la soglia, l\u2019obiettivo sia comune: offrire un <strong>ambiente sicuro e stimolante<\/strong>, che tolga ai familiari il peso dell\u2019assistenza continua per restituire loro il tempo prezioso della relazione e dell\u2019affetto.<\/p>\n<p style=\"text-align: right;\"><strong>Messaggio pubbliredazionale<\/strong><\/p>\n<p>\t\t\t\tGrazie per aver letto questo articolo&#8230;<\/p>\n<p>Da 20 anni\u00a0<a class=\"vglnk\" href=\"https:\/\/www.estense.com\/\" rel=\"nofollow noopener\" target=\"_blank\">Estense.com<\/a>\u00a0offre una informazione indipendente ai suoi lettori e non ha mai accettato fondi pubblici per non pesare nemmeno un centesimo sulle spalle della collettivit\u00e0. Il lavoro che svolgiamo ha un costo economico non indifferente e la pubblicit\u00e0 dei privati non sempre \u00e8 sufficiente.<br \/>Per questo chiediamo a chi quotidianamente ci legge e, speriamo, ci apprezza di darci un piccolo contributo in base alle proprie possibilit\u00e0. Anche un piccolo sostegno, moltiplicato per le decine di migliaia di ferraresi che ci leggono ogni giorno, pu\u00f2 diventare fondamentale.<\/p>\n<p>\u00a0<\/p>\n<p><strong>OPPURE <\/strong>se preferisci non usare PayPal ma un normale bonifico bancario (anche periodico) puoi intestarlo a:<\/p>\n<p><strong>Scoop Media Edit<br \/><\/strong>IBAN:\u00a0<strong>IT06D0538713004000000035119 <\/strong>(Banca BPER)<br \/>Causale:\u00a0<strong>Donazione per\u00a0<a class=\"vglnk\" href=\"https:\/\/www.estense.com\/\" rel=\"nofollow noopener\" target=\"_blank\">Estense.com<\/a><\/strong><\/p>\n","protected":false},"excerpt":{"rendered":"Arriva un momento, nella vita di una famiglia, in cui l\u2019amore e la dedizione non sono pi\u00f9 sufficienti.&hellip;\n","protected":false},"author":3,"featured_media":129932,"comment_status":"","ping_status":"","sticky":false,"template":"","format":"standard","meta":{"footnotes":""},"categories":[1481],"tags":[2065,2066,239,2063,2064,1537,90,89,240],"class_list":{"0":"post-129931","1":"post","2":"type-post","3":"status-publish","4":"format-standard","5":"has-post-thumbnail","7":"category-assistenza-sanitaria","8":"tag-assistenza-sanitaria","9":"tag-assistenzasanitaria","10":"tag-health","11":"tag-health-care","12":"tag-healthcare","13":"tag-it","14":"tag-italia","15":"tag-italy","16":"tag-salute"},"share_on_mastodon":{"url":"","error":""},"_links":{"self":[{"href":"https:\/\/www.europesays.com\/it\/wp-json\/wp\/v2\/posts\/129931","targetHints":{"allow":["GET"]}}],"collection":[{"href":"https:\/\/www.europesays.com\/it\/wp-json\/wp\/v2\/posts"}],"about":[{"href":"https:\/\/www.europesays.com\/it\/wp-json\/wp\/v2\/types\/post"}],"author":[{"embeddable":true,"href":"https:\/\/www.europesays.com\/it\/wp-json\/wp\/v2\/users\/3"}],"replies":[{"embeddable":true,"href":"https:\/\/www.europesays.com\/it\/wp-json\/wp\/v2\/comments?post=129931"}],"version-history":[{"count":0,"href":"https:\/\/www.europesays.com\/it\/wp-json\/wp\/v2\/posts\/129931\/revisions"}],"wp:featuredmedia":[{"embeddable":true,"href":"https:\/\/www.europesays.com\/it\/wp-json\/wp\/v2\/media\/129932"}],"wp:attachment":[{"href":"https:\/\/www.europesays.com\/it\/wp-json\/wp\/v2\/media?parent=129931"}],"wp:term":[{"taxonomy":"category","embeddable":true,"href":"https:\/\/www.europesays.com\/it\/wp-json\/wp\/v2\/categories?post=129931"},{"taxonomy":"post_tag","embeddable":true,"href":"https:\/\/www.europesays.com\/it\/wp-json\/wp\/v2\/tags?post=129931"}],"curies":[{"name":"wp","href":"https:\/\/api.w.org\/{rel}","templated":true}]}}