{"id":129943,"date":"2025-09-25T18:30:11","date_gmt":"2025-09-25T18:30:11","guid":{"rendered":"https:\/\/www.europesays.com\/it\/129943\/"},"modified":"2025-09-25T18:30:11","modified_gmt":"2025-09-25T18:30:11","slug":"inter-full-immersion-esposito-coccolato-ad-appiano-dieta-maniacale","status":"publish","type":"post","link":"https:\/\/www.europesays.com\/it\/129943\/","title":{"rendered":"Inter, full immersion Esposito: coccolato ad Appiano, dieta maniacale"},"content":{"rendered":"<p>Ad Appiano stanno rapidamente imparando a conoscere la sua determinazione, la sua professionalit\u00e0 e la sua maturit\u00e0<\/p>\n<p>Ad Appiano stanno rapidamente imparando a conoscere la sua determinazione, la sua professionalit\u00e0 e la sua maturit\u00e0, nonostante i 20 anni. Pio Esposito sta conquistando tutto il mondo Inter, anche fuori dal campo. Perch\u00e9 questo ragazzo, a dispetto della giovane et\u00e0, sembra gi\u00e0 avere un cervello da veterano, da grande campione. Ed \u00e8 proprio quello che Pio vuole diventare: il piano \u00e8 ben preciso e prevede, oltre agli allenamenti agli ordini di Chivu, anche maniacalit\u00e0 a tavola e non solo. Racconta la Gazzetta dello Sport:<\/p>\n<p>&#8220;Il minore dei fratelli Esposito evidentemente vuol sfruttare al meglio questo avvio di stagione. E in questo suo percorso virtuoso c&#8217;\u00e8 grande attenzione anche all&#8217;aspetto alimentare. Nel quartier generale nerazzurro, infatti, viene coccolato a tutte le ore del giorno: da colazione a cena. E la sua dieta \u00e8 chiaramente seguita dallo staff. Con un&#8217;attenzione quasi maniacale&#8221;. <\/p>\n<p>&#8220;Quindi, concentrazione massima per l&#8217;atteso inserimento nel mondo dei grandi. Non a caso in questi mesi Esposito ha conquistato davvero tutti. Chivu lo conosce meglio sin dalle giovanili e sa benissimo quanto sia scrupoloso: in tutti gli atteggiamenti&#8221;.<\/p>\n<p>(Fonte: La Gazzetta dello Sport)<\/p>\n<p class=\"is-copyright\">\u00a9 RIPRODUZIONE RISERVATA<\/p>\n","protected":false},"excerpt":{"rendered":"Ad Appiano stanno rapidamente imparando a conoscere la sua determinazione, la sua professionalit\u00e0 e la sua maturit\u00e0 Ad&hellip;\n","protected":false},"author":3,"featured_media":129944,"comment_status":"","ping_status":"","sticky":false,"template":"","format":"standard","meta":{"footnotes":""},"categories":[1452],"tags":[7193,85476,85477,2109,721,2839,85478,12060,85479,85480,10799,7171,1740,1537,90,89,7173,1739,245,244],"class_list":{"0":"post-129943","1":"post","2":"type-post","3":"status-publish","4":"format-standard","5":"has-post-thumbnail","7":"category-calcio","8":"tag-appiano","9":"tag-appiano-rapidamente","10":"tag-appiano-rapidamente-imparando","11":"tag-attenzione","12":"tag-calcio","13":"tag-chivu","14":"tag-coccolato","15":"tag-conoscere","16":"tag-conoscere-determinazione","17":"tag-conoscere-determinazione-professionalita","18":"tag-determinazione","19":"tag-esposito","20":"tag-football","21":"tag-it","22":"tag-italia","23":"tag-italy","24":"tag-pio","25":"tag-soccer","26":"tag-sport","27":"tag-sports"},"share_on_mastodon":{"url":"","error":""},"_links":{"self":[{"href":"https:\/\/www.europesays.com\/it\/wp-json\/wp\/v2\/posts\/129943","targetHints":{"allow":["GET"]}}],"collection":[{"href":"https:\/\/www.europesays.com\/it\/wp-json\/wp\/v2\/posts"}],"about":[{"href":"https:\/\/www.europesays.com\/it\/wp-json\/wp\/v2\/types\/post"}],"author":[{"embeddable":true,"href":"https:\/\/www.europesays.com\/it\/wp-json\/wp\/v2\/users\/3"}],"replies":[{"embeddable":true,"href":"https:\/\/www.europesays.com\/it\/wp-json\/wp\/v2\/comments?post=129943"}],"version-history":[{"count":0,"href":"https:\/\/www.europesays.com\/it\/wp-json\/wp\/v2\/posts\/129943\/revisions"}],"wp:featuredmedia":[{"embeddable":true,"href":"https:\/\/www.europesays.com\/it\/wp-json\/wp\/v2\/media\/129944"}],"wp:attachment":[{"href":"https:\/\/www.europesays.com\/it\/wp-json\/wp\/v2\/media?parent=129943"}],"wp:term":[{"taxonomy":"category","embeddable":true,"href":"https:\/\/www.europesays.com\/it\/wp-json\/wp\/v2\/categories?post=129943"},{"taxonomy":"post_tag","embeddable":true,"href":"https:\/\/www.europesays.com\/it\/wp-json\/wp\/v2\/tags?post=129943"}],"curies":[{"name":"wp","href":"https:\/\/api.w.org\/{rel}","templated":true}]}}