{"id":129972,"date":"2025-09-25T18:53:10","date_gmt":"2025-09-25T18:53:10","guid":{"rendered":"https:\/\/www.europesays.com\/it\/129972\/"},"modified":"2025-09-25T18:53:10","modified_gmt":"2025-09-25T18:53:10","slug":"mondiali-di-ciclismo-2031-in-trentino-ufficiale-lassegnazione-delluci-sky-sport","status":"publish","type":"post","link":"https:\/\/www.europesays.com\/it\/129972\/","title":{"rendered":"Mondiali di ciclismo 2031 in Trentino: ufficiale l&#8217;assegnazione dell&#8217;Uci\u00a0|\u00a0Sky\u00a0Sport"},"content":{"rendered":"<p><strong>Il Trentino ospiter\u00e0 il &#8220;Super Mondiale&#8221; di ciclismo del 2031. Prove su strada, pista,\u00a0Mtb, Bmx&#8230; tutte insieme: 20 specialit\u00e0 riunite in un&#8217;unica grande manifestazione iridata.<\/strong> Con una collaborazione che ricorda il modello Milano-Cortina: <strong>le gare su pista infatti si svolgeranno in Veneto, nel velodromo di Spresiano<\/strong> in via di completamento (anche questa, un&#8217;ottima notizia per il ciclismo azzurro). Il direttivo della federazione internazionale (Uci), riunitosi mercoled\u00ec 24 settembre nella capitale ruandese, ha fatto la sua scelta, ufficializzata poi dal Congresso mondiale. Il ciclismo italiano \u00e8 in corsa anche per il <strong>Mondiale ciclocross del 2029 a Spresiano e quello Marathon del 2030 in Val Gardena<\/strong>, che si aggiungerebbe a quello del prossimo anno, gi\u00e0 assegnato a Primiero San Martino di Castrozza (Trento). L&#8217;en plein \u00e8 la conferma di una capacit\u00e0 organizzativa riconosciuta dal ciclismo mondiale.<strong> &#8220;Il Trentino \u00e8 pronto per ospitare il &#8216;Super Mondiale&#8217; di ciclismo del 2031. Abbiamo presentato un dossier di qualit\u00e0 che nasce da lontano<\/strong> e vuole coinvolgere gran parte della provincia per un evento che, dopo i Giochi Olimpici e Paralimpici invernali e le Olimpiadi invernali giovanili, vuol mostrare a tutto il mondo le bellezze e le capacit\u00e0 organizzative del Trentino&#8221;, <strong>le parole del presidente della Provincia autonoma di Trento, Maurizio Fugatti, a Kigali con il ceo di Trentino Marketing, Maurizio Rossini, <\/strong>nella delegazione che ha presentato il dossier.<\/p>\n","protected":false},"excerpt":{"rendered":"Il Trentino ospiter\u00e0 il &#8220;Super Mondiale&#8221; di ciclismo del 2031. Prove su strada, pista,\u00a0Mtb, Bmx&#8230; tutte insieme: 20&hellip;\n","protected":false},"author":3,"featured_media":129973,"comment_status":"","ping_status":"","sticky":false,"template":"","format":"standard","meta":{"footnotes":""},"categories":[1456],"tags":[1824,1825,1537,90,89,4422,245,244],"class_list":{"0":"post-129972","1":"post","2":"type-post","3":"status-publish","4":"format-standard","5":"has-post-thumbnail","7":"category-ciclismo","8":"tag-ciclismo","9":"tag-cycling","10":"tag-it","11":"tag-italia","12":"tag-italy","13":"tag-mondiali","14":"tag-sport","15":"tag-sports"},"share_on_mastodon":{"url":"","error":""},"_links":{"self":[{"href":"https:\/\/www.europesays.com\/it\/wp-json\/wp\/v2\/posts\/129972","targetHints":{"allow":["GET"]}}],"collection":[{"href":"https:\/\/www.europesays.com\/it\/wp-json\/wp\/v2\/posts"}],"about":[{"href":"https:\/\/www.europesays.com\/it\/wp-json\/wp\/v2\/types\/post"}],"author":[{"embeddable":true,"href":"https:\/\/www.europesays.com\/it\/wp-json\/wp\/v2\/users\/3"}],"replies":[{"embeddable":true,"href":"https:\/\/www.europesays.com\/it\/wp-json\/wp\/v2\/comments?post=129972"}],"version-history":[{"count":0,"href":"https:\/\/www.europesays.com\/it\/wp-json\/wp\/v2\/posts\/129972\/revisions"}],"wp:featuredmedia":[{"embeddable":true,"href":"https:\/\/www.europesays.com\/it\/wp-json\/wp\/v2\/media\/129973"}],"wp:attachment":[{"href":"https:\/\/www.europesays.com\/it\/wp-json\/wp\/v2\/media?parent=129972"}],"wp:term":[{"taxonomy":"category","embeddable":true,"href":"https:\/\/www.europesays.com\/it\/wp-json\/wp\/v2\/categories?post=129972"},{"taxonomy":"post_tag","embeddable":true,"href":"https:\/\/www.europesays.com\/it\/wp-json\/wp\/v2\/tags?post=129972"}],"curies":[{"name":"wp","href":"https:\/\/api.w.org\/{rel}","templated":true}]}}