{"id":129978,"date":"2025-09-25T18:57:11","date_gmt":"2025-09-25T18:57:11","guid":{"rendered":"https:\/\/www.europesays.com\/it\/129978\/"},"modified":"2025-09-25T18:57:11","modified_gmt":"2025-09-25T18:57:11","slug":"spalletti-linter-e-da-tenere-docchio-chivu-lo-conosco-bene-e-vi-dico","status":"publish","type":"post","link":"https:\/\/www.europesays.com\/it\/129978\/","title":{"rendered":"Spalletti: &#8220;L&#8217;Inter \u00e8 da tenere d&#8217;occhio. Chivu lo conosco bene e vi dico&#8230;&#8221;"},"content":{"rendered":"<p>Presente al Festival del Calcio Italiano, Luciano Spalletti ha detto la sua sulla lotta scudetto: &#8220;L&#8217;Inter \u00e8 da tenere d&#8217;occhio&#8221;<\/p>\n<p>Presente al <strong>Festival del Calcio Italiano<\/strong>\u00a0a presentare il suo libro &#8220;Il paradiso esiste, ma quanta fatica&#8221;, Luciano <strong>Spalletti<\/strong> ha detto la sua sulla lotta scudetto. &#8220;L&#8217;Inter\u00a0\u00e8 una squadra da tenere d&#8217;occhio. Ha\u00a0grandissime qualit\u00e0\u00a0e\u00a0Chivu, siccome l&#8217;ho allenato e lo conosco bene diventer\u00e0 un\u00a0grande allenatore.\u00a0Inter\u00a0e\u00a0Napoli\u00a0hanno delle chance in pi\u00f9 rispetto a\u00a0Juventus\u00a0e\u00a0Milan. Poi sar\u00e0 il\u00a0tempo\u00a0a confermare o smentire la mia idea&#8221;.<\/p>\n<p>Il tecnico torna poi sulla sua esperienza sulla panchina dell&#8217;Italia: &#8220;In questo momento l&#8217;esperienza dell&#8217;Italia\u00a0mi sta martellando forte in testa. E sinceramente non mi sono ancora posto l&#8217;obiettivo di doverla dimenticare, anzi si accetta tutta e anche il\u00a0dolore\u00a0che ti d\u00e0, perch\u00e9 non \u00e8 andata come volevo. Nello stesso tempo per\u00f2 voglio riconoscermi quello che \u00e8 stato l&#8217;impegno\u00a0che ho messo. Ed \u00e8 stato un\u00a0impegno totale. Ma ancora devo lasciare passare un po&#8217; di\u00a0tempo, perch\u00e9 \u00e8 nella fase del\u00a0dolore acuto. Si aspettano\u00a0momenti migliori\u00a0senza accelerare niente&#8221;.<\/p>\n<p class=\"is-copyright\">\u00a9 RIPRODUZIONE RISERVATA<\/p>\n","protected":false},"excerpt":{"rendered":"Presente al Festival del Calcio Italiano, Luciano Spalletti ha detto la sua sulla lotta scudetto: &#8220;L&#8217;Inter \u00e8 da&hellip;\n","protected":false},"author":3,"featured_media":129979,"comment_status":"","ping_status":"","sticky":false,"template":"","format":"standard","meta":{"footnotes":""},"categories":[1452],"tags":[721,23069,2839,30498,1905,4876,4631,1740,350,1537,90,89,8040,1739,24806,245,244,7816,85489],"class_list":{"0":"post-129978","1":"post","2":"type-post","3":"status-publish","4":"format-standard","5":"has-post-thumbnail","7":"category-calcio","8":"tag-calcio","9":"tag-calcio-italiano","10":"tag-chivu","11":"tag-conosco","12":"tag-dolore","13":"tag-esperienza","14":"tag-festival","15":"tag-football","16":"tag-inter","17":"tag-it","18":"tag-italia","19":"tag-italy","20":"tag-occhio","21":"tag-soccer","22":"tag-spalletti","23":"tag-sport","24":"tag-sports","25":"tag-tenere","26":"tag-tenere-occhio"},"share_on_mastodon":{"url":"","error":""},"_links":{"self":[{"href":"https:\/\/www.europesays.com\/it\/wp-json\/wp\/v2\/posts\/129978","targetHints":{"allow":["GET"]}}],"collection":[{"href":"https:\/\/www.europesays.com\/it\/wp-json\/wp\/v2\/posts"}],"about":[{"href":"https:\/\/www.europesays.com\/it\/wp-json\/wp\/v2\/types\/post"}],"author":[{"embeddable":true,"href":"https:\/\/www.europesays.com\/it\/wp-json\/wp\/v2\/users\/3"}],"replies":[{"embeddable":true,"href":"https:\/\/www.europesays.com\/it\/wp-json\/wp\/v2\/comments?post=129978"}],"version-history":[{"count":0,"href":"https:\/\/www.europesays.com\/it\/wp-json\/wp\/v2\/posts\/129978\/revisions"}],"wp:featuredmedia":[{"embeddable":true,"href":"https:\/\/www.europesays.com\/it\/wp-json\/wp\/v2\/media\/129979"}],"wp:attachment":[{"href":"https:\/\/www.europesays.com\/it\/wp-json\/wp\/v2\/media?parent=129978"}],"wp:term":[{"taxonomy":"category","embeddable":true,"href":"https:\/\/www.europesays.com\/it\/wp-json\/wp\/v2\/categories?post=129978"},{"taxonomy":"post_tag","embeddable":true,"href":"https:\/\/www.europesays.com\/it\/wp-json\/wp\/v2\/tags?post=129978"}],"curies":[{"name":"wp","href":"https:\/\/api.w.org\/{rel}","templated":true}]}}