{"id":130162,"date":"2025-09-25T21:09:11","date_gmt":"2025-09-25T21:09:11","guid":{"rendered":"https:\/\/www.europesays.com\/it\/130162\/"},"modified":"2025-09-25T21:09:11","modified_gmt":"2025-09-25T21:09:11","slug":"in-trentino-i-super-mondiali-di-ciclismo-2031","status":"publish","type":"post","link":"https:\/\/www.europesays.com\/it\/130162\/","title":{"rendered":"In Trentino i Super Mondiali di Ciclismo 2031"},"content":{"rendered":"<p>Quello che andr\u00e0 in scena in Trentino tra sei anni sar\u00e0 un&#8217;edizione dei mondiali &#8220;super&#8221; in quanto nelle due settimane di manifestazione saranno riunite tutte le principali discipline ciclistiche: strada (linea e cronometro), pista, mountain bike (cross country, downhill, marathon), Gravel, Bmx (racing, freestyle flatland, freestyle park), trial, enduro, granfondo, indoor cycling (artistic &amp; cycle ball), cycling E-Sports, pump track e bike polo. Si preannuncia una manifestazione mai vista in termini numerici: \u00e8 prevista, infatti, la partecipazione di oltre 10 mila atleti impegnati in 20 discipline e pi\u00f9 di 200 maglie iridate in palio, tra categorie \u00e9lite, giovanili, paralimpiche e master.\u00a0Una manifestazione dal rilevo mediatico internazionale, con oltre 700 testate giornalistiche accreditate, mai vista per dimensioni e variet\u00e0, che richieder\u00e0 uno sforzo organizzativo importante e, al tempo stesso, offrir\u00e0 un\u2019occasione straordinaria di visibilit\u00e0 internazionale.\u00a0<\/p>\n<p>\u00a0&#8220;Al pari dei Giochi Olimpici e Paralimpici \u2013 prosegue il presidente Fugatti &#8211; i Super Mondiali comporteranno uno sforzo organizzativo importante: nell\u2019arco di due settimane ospiteremo tutti i migliori ciclisti impegnati in tutte le principali discipline e assicuriamo sin d\u2019ora che ancora una volta il Trentino sapr\u00e0 farsi trovare pronto e dar\u00e0 prova delle sue competenze e capacit\u00e0 organizzative gi\u00e0 mostrate nei numerosi altri appuntamenti sportivi che si svolgono sul nostro territorio. Grazie al Governo italiano e al ministro dello sport Andrea Abodi, al Coni, il CIP, alla Federazione Ciclistica italiana, a Trentino Marketing che ci ha accompagnato in tutto il percorso di candidatura\u00a0e a quanti hanno contribuito al raggiungimento di questo nuovo importante traguardo che dar\u00e0 ulteriore prestigio nel mondo al Trentino e all\u2019Italia intera&#8221;.\u00a0<\/p>\n<p>&#8220;\u00c8 una bella notizia per la citt\u00e0 &#8211; dichiara il sindaco di Trento Franco Ianeselli &#8211; un riconoscimento del quale siamo orgogliosi. Trento in questi anni ha investito molto sulla bicicletta, sia in termini di mobilit\u00e0 che di infrastrutture. Essere il capoluogo del territorio che ospiter\u00e0 una manifestazione cos\u00ec importante da un lato ci fa molto piacere, dall\u2019altro ci stimola a fare ancora meglio: a cominciare dalle opere che saranno necessarie e che \u00e8 fondamentale siano progettate e collocate fin da subito pensando alla loro fruizione anche dopo\u00a0i\u00a0Super\u00a0Mondiali&#8221;.\u00a0<\/p>\n<p>Maurizio Rossini, amministratore delegato di Trentino Marketing, rivela l&#8217;origine della candidatura: &#8220;Il percorso di candidatura \u00e8 stato avviato tre anni fa a seguito dei positivi risultati conseguiti ai Campionati Europei su Strada del 2021 e alla consolidata esperienza di Coppa del Mondo e Mondiali di MTB in Val di Sole e, soprattutto, a supporto di una precisa strategia di valorizzazione dell\u2019intero sistema trentino quale importante destinazione turistica internazionale per tutti gli amanti delle due ruote. Tale visione, pi\u00f9 volte rimarcata dall\u2019assessore Roberto Failoni, trova ora nel Super Mondiale Trentino2031 l\u2019occasione per un ulteriore salto di qualit\u00e0 nelle strutture, infrastrutture e nei servizi dedicati alle tante discipline delle due ruote e di cui potr\u00e0 beneficiare l\u2019intera comunit\u00e0 trentina e gli ospiti appassionati.\u00a0Il pieno sostegno alla nostra candidatura da parte del settore tecnico UCI e di tutto il Management Committee UCI, ci onora e\u00a0nel contempo\u00a0ci carica di un\u2019importante responsabilit\u00e0&#8221;.\u00a0<\/p>\n<p>&#8220;L\u2019assegnazione di questo \u2018mondiale dei mondiali\u2019 all\u2019Italia nel 2031- dichiara il Ministro per lo Sport e i Giovani Andrea Abodi &#8211; \u00e8 un altro meraviglioso riconoscimento internazionale delle capacit\u00e0 di rappresentare al meglio una candidatura ricca di contenuti e di opportunit\u00e0, in grado di coniugare un progetto eccellente con la credibilit\u00e0 di una squadra di istituzioni che nel tempo hanno saputo lavorare insieme per lo stesso obiettivo.\u00a0 Il Trentino, con il Veneto per il velodromo che stiamo realizzando a Spresiano, si conferma terra di sport, terra del ciclismo per eccellenza, con tutti i requisiti necessari per garantire un evento di eventi iridati fantastico, sia dal punto di vista tecnico, che delle suggestioni ed emozioni che questa terra offre da tutti i punti di vista. Saranno sei anni di lavoro comune, con la Provincia Autonoma di Trento e Trentino Marketing, con tutti i comuni coinvolti, insieme alla Federazione Ciclistica Italiana, cercando di associare alla dimensione sportiva tanti altri contenuti che renderanno indimenticabile la rassegna mondiale di tutte le discipline ciclistiche ospitate dall\u2019Italia. Il Governo lavorer\u00e0 per contribuire a garantire una positiva eredit\u00e0 su tre versanti: la promozione del ciclismo a scuola, lo sviluppo delle infrastrutture legate alle varie discipline ciclistiche e la sicurezza per chi va in bici per agonismo o per piacere. Auguro buon lavoro fin da subito per questa nuova entusiasmante avventura dello sport italiano, facendo i complimenti al Presidente Fugatti e alla sua squadra per questo prestigioso obiettivo raggiunto e ringraziando il presidente dell\u2019Unione Ciclistica Internazionale, David Lappartient, per la fiducia che ci ha affidato&#8221; conclude il Ministro.\u00a0<\/p>\n<p>\u201cCon orgoglio e soddisfazione saluto l\u2019assegnazione dei Super Mondiali di Ciclismo 2031 al Trentino &#8211; ha affermato il presidente del Coni Luciano Buonfiglio -. Oggi \u00e8 stato premiato un territorio unico e riconosciute, ancora una volta, le capacit\u00e0 dell\u2019Italia nell\u2019organizzazione dei grandi eventi sportivi. \u00c8 il risultato di un fantastico lavoro di squadra tra istituzioni, Federazione e realt\u00e0 locali. Questo \u2018Super Mondiale\u2019, che riunisce tutte le specialit\u00e0, offrir\u00e0 una vetrina straordinaria al nostro Paese e al suo patrimonio sportivo e culturale, alimentando quella passione per le discipline a due ruote che da sempre guida gli italiani\u201d.\u00a0<\/p>\n<p>\u00a0Il presidente dell&#8217;UCI David Lappartient ha dichiarato: &#8220;Dopo l&#8217;incredibile successo dell&#8217;edizione inaugurale nel 2023 e mentre ci prepariamo per un evento ancora pi\u00f9 grande nell&#8217;Alta Savoia, in Francia, nel 2027, sono lieto di annunciare che il Trentino ospiter\u00e0 i Campionati del Mondo di Ciclismo UCI nel 2031. Con un numero ancora maggiore di Campionati del Mondo UCI e grazie alla fantastica esperienza del Trentino nell&#8217;organizzazione di grandi eventi internazionali, possiamo aspettarci un evento di altissimo livello che metter\u00e0 in risalto la bellezza e la diversit\u00e0 del ciclismo e delle sue diverse discipline&#8221;.<\/p>\n<p>Cos\u00ec Cordiano Dagnoni,\u00a0presidente della Federazione Ciclistica Italiana: &#8220;L\u2019assegnazione del Super Mondiale del 2031 al Trentino, di cui siamo particolarmente felici, premia le capacit\u00e0 di una Regione che in questi anni ha dimostrato di saper accogliere e organizzare al meglio ogni disciplina del ciclismo, che puntualmente ha fatto registrare anche ottimi livelli di partecipazione. A questo punto ci manca soltanto il nuovo velodromo, cui la Federazione sta lavorando di concerto con l\u2019Unione ciclistica internazionale: sar\u00e0 un impianto adeguato al livello che una rassegna iridata richiede. Come Paese e come Federazione ciclistica italiana, l\u2019assegnazione del Super Mondiale del 2031 ci rende particolarmente orgogliosi, perch\u00e9 conferma la nostra affidabilit\u00e0 come organizzatori e i nostri standard qualitativi, ormai universalmente riconosciuti&#8221;.\u00a0<\/p>\n<p>Marco Giunio De Sanctis, Presidente Comitato Italiano Paralimpico esprime tutto il suo entusiasmo: &#8220;Una notizia che ci riempie di orgoglio, l\u2019assegnazione all\u2019Italia, e in particolare al Trentino, dei Super Mondiali UCI di ciclismo e paraciclismo 2031. Lasciatemi esprimere tutto il mio entusiasmo per un appuntamento, quello organizzato dall\u2019Unione Ciclistica Internazionale, cui il movimento paralimpico ha sempre contribuito ottenendo un bottino di medaglie prestigiose, e che svolgendosi in Italia, davanti al pubblico di casa, sapr\u00e0 ancor pi\u00f9 distinguersi e farsi onore.\u00a0Il Trentino \u00e8 terra di grandi paesaggi naturali, teatro ideale di importanti manifestazioni sportive da sempre, \u00e8 ospite del Festival dello Sport, appuntamento di vertice per tutte le componenti, in qualsiasi veste professionale, di questo mondo variegato e composito. Ha gi\u00e0 ospitato uno spettacolare europeo di ciclismo nel 2021, ha esperienza nell\u2019ospitalit\u00e0, grandi capacit\u00e0 organizzative e ricettive.\u00a0Per quanto ci riguarda, vi assicuriamo che lo spettacolo delle competizioni paralimpiche, sulle due e tre ruote e in handbike, coroner\u00e0 i successi delle prove olimpiche, aggiungendo prestigio e valore a una rassegna che avr\u00e0 i riflettori del mondo sportivo puntati addosso. In bocca al lupo agli organizzatori, ai volontari, soprattutto agli atleti. Ci saranno medaglie pesanti da rincorrere ma soprattutto messaggi di inclusione dalla profonda portata culturale da diffondere.&#8221;<\/p>\n<p>Cos\u00ec Fausto Lorenz, presidente Apt\u00a0Val di Fassa: &#8220;\u00c8 con emozione ed orgoglio che accogliamo la notizia dell\u2019assegnazione dei Super Mondiali di Ciclismo 2031 al Trentino e quindi anche alla Val di Fassa. \u00c8 senz\u2019altro un riconoscimento di grande rilievo per tutto il territorio provinciale. In particolare, la nostra valle, da sempre terra di sport e di sacrificio, di passione e ospitalit\u00e0, \u00e8 onorata di contribuire all\u2019organizzazione di una manifestazione di questo livello. Siamo, quindi, desiderosi di confrontarci con la massima qualit\u00e0 organizzativa e infrastrutturale richiesta per un evento di tale portata&#8221;.\u00a0<\/p>\n<p>&#8220;Dal 2008 &#8211; afferma\u00a0Luciano Rizzi, Presidente di Apt Val di Sole e Grandi Eventi Val di Sole\u00a0&#8211; quando abbiamo portato la mountain bike ai massimi livelli in Val di Sole, non avrei mai immaginato di arrivare a ospitare quattro Mondiali in meno di vent\u2019anni \u2013 con il prossimo nel 2026 \u2013 e di essere parte di un evento storico come i Super Mondiali di ciclismo 2031. \u00c8 un sogno che oggi \u00e8 diventato realt\u00e0. In questi anni abbiamo sviluppato competenze organizzative di altissimo livello e una rara capacit\u00e0 di collaborazione, sia tra le realt\u00e0 delle due ruote che con le eccellenze e i servizi del territorio. Trentino 2031 sar\u00e0 un\u2019occasione straordinaria per mostrare al mondo l\u2019unicit\u00e0 e le tante sfaccettature del nostro territorio&#8221;.\u00a0<\/p>\n<p>&#8220;\u00c8 un vero vanto per la nostra provincia essere stata scelta per ospitare i 2031 UCI Cycling World Championships &#8211; spiega Silvio Rigatti, Presidente Apt Garda\u00a0Dolomiti\u00a0-. Un riconoscimento che premia l\u2019impegno di un intero territorio nella valorizzazione del ciclismo, della mobilit\u00e0 sostenibile e della qualit\u00e0 dell\u2019accoglienza. Come Presidente di uno dei territori che avranno l\u2019onore di accogliere questo evento, sono orgoglioso di poter offrire agli atleti da tutto il mondo l\u2019opportunit\u00e0 di sfidarsi su percorsi tecnici e spettacolari, immersi in paesaggi da cartolina che raccontano l\u2019identit\u00e0 autentica del nostro ambito&#8221;.\u00a0<\/p>\n<p>Scarica interviste e videoservice <a href=\"https:\/\/drive.google.com\/drive\/folders\/1ncp4BT88qApUCply8IQ-Djl9zTnz3XQ1?usp=drive_link\" title=\"Link a qui\" rel=\"nofollow noopener\" target=\"_blank\">qui<\/a><\/p>\n","protected":false},"excerpt":{"rendered":"Quello che andr\u00e0 in scena in Trentino tra sei anni sar\u00e0 un&#8217;edizione dei mondiali &#8220;super&#8221; in quanto nelle&hellip;\n","protected":false},"author":3,"featured_media":130163,"comment_status":"","ping_status":"","sticky":false,"template":"","format":"standard","meta":{"footnotes":""},"categories":[1456],"tags":[1824,22948,1825,1537,90,89,22947,22949,22951,245,244,22946,22950],"class_list":{"0":"post-130162","1":"post","2":"type-post","3":"status-publish","4":"format-standard","5":"has-post-thumbnail","7":"category-ciclismo","8":"tag-ciclismo","9":"tag-comunicati","10":"tag-cycling","11":"tag-it","12":"tag-italia","13":"tag-italy","14":"tag-provincia-autonoma-di-trento","15":"tag-radio-news","16":"tag-riviste","17":"tag-sport","18":"tag-sports","19":"tag-ufficio-stampa","20":"tag-web-tv"},"share_on_mastodon":{"url":"","error":""},"_links":{"self":[{"href":"https:\/\/www.europesays.com\/it\/wp-json\/wp\/v2\/posts\/130162","targetHints":{"allow":["GET"]}}],"collection":[{"href":"https:\/\/www.europesays.com\/it\/wp-json\/wp\/v2\/posts"}],"about":[{"href":"https:\/\/www.europesays.com\/it\/wp-json\/wp\/v2\/types\/post"}],"author":[{"embeddable":true,"href":"https:\/\/www.europesays.com\/it\/wp-json\/wp\/v2\/users\/3"}],"replies":[{"embeddable":true,"href":"https:\/\/www.europesays.com\/it\/wp-json\/wp\/v2\/comments?post=130162"}],"version-history":[{"count":0,"href":"https:\/\/www.europesays.com\/it\/wp-json\/wp\/v2\/posts\/130162\/revisions"}],"wp:featuredmedia":[{"embeddable":true,"href":"https:\/\/www.europesays.com\/it\/wp-json\/wp\/v2\/media\/130163"}],"wp:attachment":[{"href":"https:\/\/www.europesays.com\/it\/wp-json\/wp\/v2\/media?parent=130162"}],"wp:term":[{"taxonomy":"category","embeddable":true,"href":"https:\/\/www.europesays.com\/it\/wp-json\/wp\/v2\/categories?post=130162"},{"taxonomy":"post_tag","embeddable":true,"href":"https:\/\/www.europesays.com\/it\/wp-json\/wp\/v2\/tags?post=130162"}],"curies":[{"name":"wp","href":"https:\/\/api.w.org\/{rel}","templated":true}]}}