{"id":130236,"date":"2025-09-25T22:07:11","date_gmt":"2025-09-25T22:07:11","guid":{"rendered":"https:\/\/www.europesays.com\/it\/130236\/"},"modified":"2025-09-25T22:07:11","modified_gmt":"2025-09-25T22:07:11","slug":"si-puo-puntare-in-alto","status":"publish","type":"post","link":"https:\/\/www.europesays.com\/it\/130236\/","title":{"rendered":"Si pu\u00f2 puntare in alto"},"content":{"rendered":"<p>Di seguito le parole dei bianconeri.<\/p>\n<p>Udinese, le parole di Atta e Zaniolo<\/p>\n<p><strong>ATTA: <\/strong>\u201cMolto importante il gol di San Siro contro l\u2019Inter per me, \u00e8 stato il mio primo. Non so onestamente quanti gol potrei fare, <strong>spero molti<\/strong>. Come squadra pensiamo a partita dopo partita, siamo gi\u00e0 pronti alla sfida contro il Sassuolo. Gueye \u00e8 grande, veloce, credo che con gli attaccanti che abbiamo imparer\u00e0 molto e sar\u00e0 importante per noi\u201d.<\/p>\n<p><img loading=\"lazy\" decoding=\"async\" width=\"740\" height=\"420\" src=\"data:image\/svg+xml,%3Csvg%20xmlns=\" http:=\"\" alt=\"atta-udinese-gdm-INTERNO\" class=\"wp-image-449526\" data-lazy- data-lazy- data-lazy-src=\"https:\/\/www.europesays.com\/it\/wp-content\/uploads\/2025\/09\/atta-udinese-gdm-INTERNO.jpg\"\/>Arthur Atta, Udinese<\/p>\n<p><strong>ZANIOLO: \u201c<\/strong><strong>Siamo veramente una grande famiglia<\/strong>, tutti lavorano per un solo obiettivo. <strong>Ci sono tutti i presupposti per fare una grande annata<\/strong>, sia dal punto di vista personale che collettivo. Il primo gol \u00e8 stato emozionante, mio figlio mi chiedeva sempre una dedica e ho colto l\u2019occasione per farlo. Siamo solo all\u2019inizio, in queste prime due-tre settimane <strong>mi sto trovando molto bene<\/strong> sia con i compagni che con lo staff, mi hanno fatto sentire subito a casa e penso che questa sia una <strong>tappa fondamentale in questo momento per la mia carriera<\/strong>. Ruolo? Nel calcio di adesso conta e non conta, bisogna fare quello che il mister chiede e poi posso giocare un po\u2019 ovunque, l\u2019importante \u00e8 mettere tutto quello che si ha in campo\u201d.<\/p>\n<p>Le parole di Zanoli e Kamara<\/p>\n<p><strong>ZANOLI: <\/strong>\u201c<strong>Mi sto trovando alla grande<\/strong>, sono carico per questa nuova avventura e non vedo l\u2019ora di giocare. \u00c8 un lavoro diverso rispetto a quello che facevo a Napoli, ma tutti mi stanno dando una grande mano per integrarmi al meglio. <strong>Spero sia una stagione d\u2019oro sia per l\u2019Udinese che per me<\/strong>, ma sicuramente lo sar\u00e0. In spogliatoio sentiamo che si pu\u00f2 fare bene, questo \u00e8 un ambiente tranquillo che lascia il tempo di crescere, <strong>si pu\u00f2 puntare in alto<\/strong>. L\u2019obiettivo \u00e8 fare bene e puntare sempre pi\u00f9 in alto, ma dobbiamo puntare in alto; a livello personale cerco di fare quello step in pi\u00f9 che mi manca\u201d.<\/p>\n<p><strong>KAMARA: <\/strong>\u201cSpero sia una stagione d\u2019oro per l\u2019Udinese. Ora abbiamo 7 punti in 4 partite, spero che faremo una bella stagione. L\u2019ultima sconfitta ci ha fatto capire che dobbiamo continuare a lavorare. La vittoria di San Siro contro l\u2019Inter ci ha dato <strong>tanta fiducia<\/strong>, spero che ci servir\u00e0 per il prosieguo della stagione. Abbiamo un bello spogliatoio, abbiamo la mentalit\u00e0 giusta. In questi giorni mi ha convinto molto Palma, \u00e8 un ragazzo giovane da tenere d\u2019occhio\u201d.<\/p>\n<p>\t\tContinua a leggere<\/p>\n","protected":false},"excerpt":{"rendered":"Di seguito le parole dei bianconeri. Udinese, le parole di Atta e Zaniolo ATTA: \u201cMolto importante il gol&hellip;\n","protected":false},"author":3,"featured_media":130237,"comment_status":"","ping_status":"","sticky":false,"template":"","format":"standard","meta":{"footnotes":""},"categories":[1452],"tags":[721,1740,1537,90,89,1739,245,244],"class_list":{"0":"post-130236","1":"post","2":"type-post","3":"status-publish","4":"format-standard","5":"has-post-thumbnail","7":"category-calcio","8":"tag-calcio","9":"tag-football","10":"tag-it","11":"tag-italia","12":"tag-italy","13":"tag-soccer","14":"tag-sport","15":"tag-sports"},"share_on_mastodon":{"url":"","error":""},"_links":{"self":[{"href":"https:\/\/www.europesays.com\/it\/wp-json\/wp\/v2\/posts\/130236","targetHints":{"allow":["GET"]}}],"collection":[{"href":"https:\/\/www.europesays.com\/it\/wp-json\/wp\/v2\/posts"}],"about":[{"href":"https:\/\/www.europesays.com\/it\/wp-json\/wp\/v2\/types\/post"}],"author":[{"embeddable":true,"href":"https:\/\/www.europesays.com\/it\/wp-json\/wp\/v2\/users\/3"}],"replies":[{"embeddable":true,"href":"https:\/\/www.europesays.com\/it\/wp-json\/wp\/v2\/comments?post=130236"}],"version-history":[{"count":0,"href":"https:\/\/www.europesays.com\/it\/wp-json\/wp\/v2\/posts\/130236\/revisions"}],"wp:featuredmedia":[{"embeddable":true,"href":"https:\/\/www.europesays.com\/it\/wp-json\/wp\/v2\/media\/130237"}],"wp:attachment":[{"href":"https:\/\/www.europesays.com\/it\/wp-json\/wp\/v2\/media?parent=130236"}],"wp:term":[{"taxonomy":"category","embeddable":true,"href":"https:\/\/www.europesays.com\/it\/wp-json\/wp\/v2\/categories?post=130236"},{"taxonomy":"post_tag","embeddable":true,"href":"https:\/\/www.europesays.com\/it\/wp-json\/wp\/v2\/tags?post=130236"}],"curies":[{"name":"wp","href":"https:\/\/api.w.org\/{rel}","templated":true}]}}