{"id":130363,"date":"2025-09-25T23:42:09","date_gmt":"2025-09-25T23:42:09","guid":{"rendered":"https:\/\/www.europesays.com\/it\/130363\/"},"modified":"2025-09-25T23:42:09","modified_gmt":"2025-09-25T23:42:09","slug":"non-vuole-arricchirsi-e-preoccupata","status":"publish","type":"post","link":"https:\/\/www.europesays.com\/it\/130363\/","title":{"rendered":"Non vuole arricchirsi, \u00e8 preoccupata"},"content":{"rendered":"<p>\n\t\t\t\t\t\t\t\t\t\t\t\t25 settembre 2025 | 22.01\n\t\t\t\t\t\t\t\t\t\t\t<\/p>\n<p>\n\t\t\t\t\t\t\t\t\t\t\t\tLETTURA: 2 minuti\n\t\t\t\t\t\t\t\t\t\t\t<\/p>\n<p class=\"art-text\" id=\"\">&#8220;L&#8217;azione della mia assistita, Evelina Sgarbi, nasce a seguito della grave depressione che ha colpito il padre. Evelina \u00e8 seriamente preoccupata, vede che il padre non \u00e8 supportato in modo adeguato, l&#8217;ha visto in condizioni pietose ed \u00e8 per questo che ha chiesto un&#8217;amministrazione di sostegno&#8221;. A parlare con l&#8217;Adnkronos \u00e8 Lorenzo Iacobbi, il legale della figlia di Vittorio Sgarbi, Evelina, che dopo la notizia della richiesta di un&#8217;amministratore di sostegno per il padre da parte della donna &#8211; e la reazione di amarezza del critico d&#8217;arte &#8211; ci tiene a fare chiarezza sulle reali intenzioni della sua assistita.<\/p>\n<p class=\"art-text\" id=\"\">Sgarbi, secondo quanto riporta il legale della figlia, avrebbe avuto &#8220;due ricoveri al Gemelli, e l&#8217;ultimo ricovero aveva certificata nel referto una grave depressione e una grave malnutrizione. Evelina non ha contatti diretti con l&#8217;entourage che lo circonda, perch\u00e9 hanno sollevato un muro facendolo diventare inaccessibile. Essendo dunque estremamente preoccupata per il padre, vuole vederci chiaro&#8221;. L&#8217;intento dunque &#8220;non \u00e8 certo quello di arricchirsi, \u00e8 preoccupata dello stato di salute di Vittorio Sgarbi &#8211; scandisce l&#8217;avvocato Iacobbi-  Vorrebbe che chi gli sta accanto lo curasse perch\u00e9 lei non lo pu\u00f2 fare, e avere chiarezza per capire chi e come lo stanno gestendo&#8221;. <\/p>\n<p class=\"art-text\" id=\"\">Le &#8220;critiche ricevute&#8221; dopo la diffusione della notizia sulla decisione di far nominare un amministratore &#8220;l&#8217;hanno molto ferita -rivela il legale- perch\u00e9 sono illazioni che insinuano che l&#8217;azione di Evelina sia contro il padre, e che lo abbia fatto per interesse. Ma basta pensare che lei ha chiesto la nomina di un amministratore esterno, non si sta proponendo lei, e questo la dice lunga&#8221;. Evelina &#8220;\u00e8 stata tacciata dal padre di essere troppo esosa, ma lei ha rifiutato di partecipare a due reality proprio perch\u00e9 \u00e8 molto schiva e non le interessa arricchirsi o apparire&#8221;. E sugli &#8220;attacchi&#8221; che la sua assistita avrebbe ricevuto, il legale chiosa: &#8220;Sono denigratori e saranno affrontati nelle sedi opportune&#8221;.<\/p>\n","protected":false},"excerpt":{"rendered":"25 settembre 2025 | 22.01 LETTURA: 2 minuti &#8220;L&#8217;azione della mia assistita, Evelina Sgarbi, nasce a seguito della&hellip;\n","protected":false},"author":3,"featured_media":130364,"comment_status":"","ping_status":"","sticky":false,"template":"","format":"standard","meta":{"footnotes":""},"categories":[79],"tags":[14,93,94,1537,90,89,7,15,11,84,91,12,85,92],"class_list":{"0":"post-130363","1":"post","2":"type-post","3":"status-publish","4":"format-standard","5":"has-post-thumbnail","7":"category-italia","8":"tag-cronaca","9":"tag-cronaca-italiana","10":"tag-cronacaitaliana","11":"tag-it","12":"tag-italia","13":"tag-italy","14":"tag-news","15":"tag-notizie","16":"tag-ultime-notizie","17":"tag-ultime-notizie-e-news-di-oggi","18":"tag-ultime-notizie-italia","19":"tag-ultimenotizie","20":"tag-ultimenotizieenewsdioggi","21":"tag-ultimenotizieitalia"},"share_on_mastodon":{"url":"","error":""},"_links":{"self":[{"href":"https:\/\/www.europesays.com\/it\/wp-json\/wp\/v2\/posts\/130363","targetHints":{"allow":["GET"]}}],"collection":[{"href":"https:\/\/www.europesays.com\/it\/wp-json\/wp\/v2\/posts"}],"about":[{"href":"https:\/\/www.europesays.com\/it\/wp-json\/wp\/v2\/types\/post"}],"author":[{"embeddable":true,"href":"https:\/\/www.europesays.com\/it\/wp-json\/wp\/v2\/users\/3"}],"replies":[{"embeddable":true,"href":"https:\/\/www.europesays.com\/it\/wp-json\/wp\/v2\/comments?post=130363"}],"version-history":[{"count":0,"href":"https:\/\/www.europesays.com\/it\/wp-json\/wp\/v2\/posts\/130363\/revisions"}],"wp:featuredmedia":[{"embeddable":true,"href":"https:\/\/www.europesays.com\/it\/wp-json\/wp\/v2\/media\/130364"}],"wp:attachment":[{"href":"https:\/\/www.europesays.com\/it\/wp-json\/wp\/v2\/media?parent=130363"}],"wp:term":[{"taxonomy":"category","embeddable":true,"href":"https:\/\/www.europesays.com\/it\/wp-json\/wp\/v2\/categories?post=130363"},{"taxonomy":"post_tag","embeddable":true,"href":"https:\/\/www.europesays.com\/it\/wp-json\/wp\/v2\/tags?post=130363"}],"curies":[{"name":"wp","href":"https:\/\/api.w.org\/{rel}","templated":true}]}}