{"id":130395,"date":"2025-09-26T00:09:10","date_gmt":"2025-09-26T00:09:10","guid":{"rendered":"https:\/\/www.europesays.com\/it\/130395\/"},"modified":"2025-09-26T00:09:10","modified_gmt":"2025-09-26T00:09:10","slug":"svastica-e-minacce-contro-lavvocato-luzon-vicepresidente-della-comunita-ebraica","status":"publish","type":"post","link":"https:\/\/www.europesays.com\/it\/130395\/","title":{"rendered":"svastica e minacce contro l\u2019avvocato Luzon, vicepresidente della comunit\u00e0 ebraica"},"content":{"rendered":"<p>Minacce, insulti e simboli d\u2019odio. La sede dello studio legale e commerciale dell\u2019avvocato Alessandro Luzon, vicepresidente della Comunit\u00e0 ebraica di Roma, \u00e8 stata vandalizzata. Sulla targa, staccata e gettata a terra, sono comparsi messaggi intimidatori come \u201cboia\u201d e \u201cguardati le spalle\u201d, accompagnati da una svastica accanto alla bandiera dello stato di Israele. Un atto che ha immediatamente suscitato un\u2019ondata di indignazione e condanne.<\/p>\n<p>La condanna della comunit\u00e0 ebraica<\/p>\n<p>Il presidente della comunit\u00e0 ebraica di Roma, Victor Fadlun, ha parlato di \u201cgesto vigliacco\u201d e di un segnale preoccupante: &#8220;Sono mesi che mettiamo in guardia contro il ritorno di un antisemitismo che non \u00e8 mai stato davvero debellato. Abbiamo assistito a un infittirsi di episodi allarmanti, frutto anche di una campagna d\u2019odio portata avanti da influencer, da alcuni esponenti politici e dalle piazze pro-Pal. L\u2019intera Comunit\u00e0 ebraica di Roma condanna l\u2019atto antisemita ed esprime piena solidariet\u00e0 ad Alessandro Luzon. Ci aspettiamo che la stessa condanna arrivi da tutte le forze politiche e sociali&#8221;.<\/p>\n<p>La reazione delle istituzioni<\/p>\n<p>Il sindaco di Roma, Roberto Gualtieri, ha ribadito con fermezza il rifiuto della Capitale verso ogni forma di odio:<br \/>&#8220;Esprimo la mia pi\u00f9 profonda solidariet\u00e0 alla Comunit\u00e0 ebraica romana e al vicepresidente Alessandro Luzon. Roma respinge con decisione ogni antisemitismo e violenza, che non troveranno mai spazio nella nostra citt\u00e0&#8221;. Sulla stessa linea l\u2019ambasciatore di Israele in Italia, Jonathan Peled, che ha definito l\u2019episodio &#8220;un atto vile e inaccettabile. Nessuna giustificazione, nessuna indifferenza: l\u2019antisemitismo va condannato sempre, senza ambiguit\u00e0&#8221;.<\/p>\n<p>Anche dal mondo politico \u00e8 arrivata una presa di posizione netta. Paolo Barelli, presidente dei deputati di Forza Italia, ha sottolineato: &#8220;Contrastare ogni rigurgito di antisemitismo \u00e8 una battaglia di civilt\u00e0 che riguarda tutti. A Luzon e alla Comunit\u00e0 ebraica di Roma va la nostra solidariet\u00e0 e il nostro sostegno&#8221;.<\/p>\n","protected":false},"excerpt":{"rendered":"Minacce, insulti e simboli d\u2019odio. La sede dello studio legale e commerciale dell\u2019avvocato Alessandro Luzon, vicepresidente della Comunit\u00e0&hellip;\n","protected":false},"author":3,"featured_media":130396,"comment_status":"","ping_status":"","sticky":false,"template":"","format":"standard","meta":{"footnotes":""},"categories":[79],"tags":[1460,14,93,94,1537,90,89,7,15,11,84,91,12,85,92],"class_list":{"0":"post-130395","1":"post","2":"type-post","3":"status-publish","4":"format-standard","5":"has-post-thumbnail","7":"category-italia","8":"tag-antisemitismo","9":"tag-cronaca","10":"tag-cronaca-italiana","11":"tag-cronacaitaliana","12":"tag-it","13":"tag-italia","14":"tag-italy","15":"tag-news","16":"tag-notizie","17":"tag-ultime-notizie","18":"tag-ultime-notizie-e-news-di-oggi","19":"tag-ultime-notizie-italia","20":"tag-ultimenotizie","21":"tag-ultimenotizieenewsdioggi","22":"tag-ultimenotizieitalia"},"share_on_mastodon":{"url":"","error":""},"_links":{"self":[{"href":"https:\/\/www.europesays.com\/it\/wp-json\/wp\/v2\/posts\/130395","targetHints":{"allow":["GET"]}}],"collection":[{"href":"https:\/\/www.europesays.com\/it\/wp-json\/wp\/v2\/posts"}],"about":[{"href":"https:\/\/www.europesays.com\/it\/wp-json\/wp\/v2\/types\/post"}],"author":[{"embeddable":true,"href":"https:\/\/www.europesays.com\/it\/wp-json\/wp\/v2\/users\/3"}],"replies":[{"embeddable":true,"href":"https:\/\/www.europesays.com\/it\/wp-json\/wp\/v2\/comments?post=130395"}],"version-history":[{"count":0,"href":"https:\/\/www.europesays.com\/it\/wp-json\/wp\/v2\/posts\/130395\/revisions"}],"wp:featuredmedia":[{"embeddable":true,"href":"https:\/\/www.europesays.com\/it\/wp-json\/wp\/v2\/media\/130396"}],"wp:attachment":[{"href":"https:\/\/www.europesays.com\/it\/wp-json\/wp\/v2\/media?parent=130395"}],"wp:term":[{"taxonomy":"category","embeddable":true,"href":"https:\/\/www.europesays.com\/it\/wp-json\/wp\/v2\/categories?post=130395"},{"taxonomy":"post_tag","embeddable":true,"href":"https:\/\/www.europesays.com\/it\/wp-json\/wp\/v2\/tags?post=130395"}],"curies":[{"name":"wp","href":"https:\/\/api.w.org\/{rel}","templated":true}]}}