{"id":130584,"date":"2025-09-26T02:55:23","date_gmt":"2025-09-26T02:55:23","guid":{"rendered":"https:\/\/www.europesays.com\/it\/130584\/"},"modified":"2025-09-26T02:55:23","modified_gmt":"2025-09-26T02:55:23","slug":"il-centrosinistra-di-vasto-la-protesta-dei-medici-di-famiglia-della-asl-lanciano-vasto-chieti-e-un-campanello-d-allarme-che-non-si-puo-ignorare","status":"publish","type":"post","link":"https:\/\/www.europesays.com\/it\/130584\/","title":{"rendered":"Il centrosinistra di Vasto:\u201d La protesta dei medici di famiglia della Asl Lanciano-Vasto-Chieti \u00e8 un campanello d\u2019 allarme che non si pu\u00f2 ignorare\u201d"},"content":{"rendered":"<p>        <img fetchpriority=\"high\" width=\"810\" height=\"456\" src=\"https:\/\/www.europesays.com\/it\/wp-content\/uploads\/2025\/09\/20250421_071501-1024x576.jpg\" class=\"attachment-large size-large wp-post-image\" alt=\"Asl Vasto\" decoding=\"async\"  \/><\/p>\n<p>La protesta dei medici di famiglia della Asl Lanciano-Vasto-Chieti \u00e8 un campanello d\u2019 allarme che non si pu\u00f2 ignorare. \u201cNon siamo salvadanai, siamo medici\u201d : un gesto forte quello della restituzione simbolica dei camici, che denuncia un sistema sanitario sempre pi\u00f9 piegato ai tagli e alla logica dei bilanci, e meno orientato al diritto alla salute.<\/p>\n<p>La responsabilit\u00e0 \u00e8 chiara. La destra che governa la regione Abruzzo e il governo nazionale stanno smantellando la sanit\u00e0 pubblica, lasciando territori, professionisti e cittadini colpevolmente soli di fronte alle carenze. Le politiche della giunta Marsilio prevedono ulteriori tagli per oltre 8 milioni di euro, il che \u00e8 gravissimo. Dove sono Marsilio, Magnacca e Prospero? Dopo aver preso diversi voti anche a Vasto, oggi pugnalano il territorio smantellando la sanit\u00e0. A Roma\u00a0 il governo Meloni continua sulla stessa linea: ridurre la spesa sanitaria, alimentare la privatizzazione, scaricando i costi su lavoratori e famiglie gi\u00e0 colpiti dalle conseguenze di altre decisioni.<\/p>\n<p>Cos\u00ec si smantella il Servizio sanitario nazionale. Si mortifica il lavoro di chi ogni giorno cura le persone nei territori. Noi come centrosinistra non possiamo accettarlo. Siamo dalla parte dei medici e dei cittadini: la sanit\u00e0 deve tornare a costruire salute. Basta con i tagli, basta con la propaganda. Servono meno parole e pi\u00f9 investimenti, assunzioni, servizi di qualit\u00e0 e vicini alle comunit\u00e0.<\/p>\n<p><b>Centrosinistra Vasto<\/b><\/p>\n<p><a href=\"https:\/\/de5.it\" rel=\"nofollow noopener\" target=\"_blank\"><img loading=\"lazy\" decoding=\"async\" width=\"140\" height=\"117\" src=\"data:image\/svg+xml,%3Csvg%20xmlns=\" http:=\"\" data-lazy-src=\"https:\/\/www.europesays.com\/it\/wp-content\/uploads\/2025\/09\/de5.png.webp.webp\"\/><\/a>    <\/p>\n","protected":false},"excerpt":{"rendered":"La protesta dei medici di famiglia della Asl Lanciano-Vasto-Chieti \u00e8 un campanello d\u2019 allarme che non si pu\u00f2&hellip;\n","protected":false},"author":3,"featured_media":130585,"comment_status":"","ping_status":"","sticky":false,"template":"","format":"standard","meta":{"footnotes":""},"categories":[1481],"tags":[2065,2066,239,2063,2064,1537,90,89,240],"class_list":{"0":"post-130584","1":"post","2":"type-post","3":"status-publish","4":"format-standard","5":"has-post-thumbnail","7":"category-assistenza-sanitaria","8":"tag-assistenza-sanitaria","9":"tag-assistenzasanitaria","10":"tag-health","11":"tag-health-care","12":"tag-healthcare","13":"tag-it","14":"tag-italia","15":"tag-italy","16":"tag-salute"},"share_on_mastodon":{"url":"","error":""},"_links":{"self":[{"href":"https:\/\/www.europesays.com\/it\/wp-json\/wp\/v2\/posts\/130584","targetHints":{"allow":["GET"]}}],"collection":[{"href":"https:\/\/www.europesays.com\/it\/wp-json\/wp\/v2\/posts"}],"about":[{"href":"https:\/\/www.europesays.com\/it\/wp-json\/wp\/v2\/types\/post"}],"author":[{"embeddable":true,"href":"https:\/\/www.europesays.com\/it\/wp-json\/wp\/v2\/users\/3"}],"replies":[{"embeddable":true,"href":"https:\/\/www.europesays.com\/it\/wp-json\/wp\/v2\/comments?post=130584"}],"version-history":[{"count":0,"href":"https:\/\/www.europesays.com\/it\/wp-json\/wp\/v2\/posts\/130584\/revisions"}],"wp:featuredmedia":[{"embeddable":true,"href":"https:\/\/www.europesays.com\/it\/wp-json\/wp\/v2\/media\/130585"}],"wp:attachment":[{"href":"https:\/\/www.europesays.com\/it\/wp-json\/wp\/v2\/media?parent=130584"}],"wp:term":[{"taxonomy":"category","embeddable":true,"href":"https:\/\/www.europesays.com\/it\/wp-json\/wp\/v2\/categories?post=130584"},{"taxonomy":"post_tag","embeddable":true,"href":"https:\/\/www.europesays.com\/it\/wp-json\/wp\/v2\/tags?post=130584"}],"curies":[{"name":"wp","href":"https:\/\/api.w.org\/{rel}","templated":true}]}}