{"id":130594,"date":"2025-09-26T03:06:15","date_gmt":"2025-09-26T03:06:15","guid":{"rendered":"https:\/\/www.europesays.com\/it\/130594\/"},"modified":"2025-09-26T03:06:15","modified_gmt":"2025-09-26T03:06:15","slug":"chiara-ferragni-sensuale-in-slip-dress-alla-milano-fashion-week-2025","status":"publish","type":"post","link":"https:\/\/www.europesays.com\/it\/130594\/","title":{"rendered":"Chiara Ferragni sensuale in slip dress alla Milano Fashion Week 2025"},"content":{"rendered":"<p>La <strong>Milano Fashion Week 2025<\/strong>, come tutte quelle che l\u2019hanno preceduta, non prevede esclusivamente le tante sfilate pronte a svelare gli ultimi progetti delle maison pi\u00f9 celebri al mondo, ma anche prestigiosi eventi ad alto tasso di glamour: i <strong>Black Carpet Awards<\/strong> sono proprio uno di questi. Alla loro terza edizione, questi vogliono premiare l\u2019eccellenza, la diversit\u00e0 e l\u2019inclusivit\u00e0 dei brand, onorando i successi di quelle voci inascoltate della societ\u00e0. Ad ospitare la cerimonia questa volta \u00e8 stato il Teatro Manzoni, straripante di ben settecento presone provenienti da vari contesti sociali: a catturare l\u2019attenzione \u00e8 stata <strong>Chiara Ferragni<\/strong> che, recentemente tornata sulla \u201cpiazza fashion\u201d, \u00e8 nota per sostenere diverse personalit\u00e0 emergenti del settore. Vediamo come ha scelto di personificare il proprio concetto di moda e inclusione.\n<\/p>\n<p>Chiara Ferragni, la tenuta ultra sensuale ai Black Carpet Awards: tutto sullo slip dress dorato per la Milano Fashion Week 2025<\/p>\n<p><a href=\"https:\/\/dilei.it\/star-e-vip\/chiara-ferragni\/\" rel=\"nofollow noopener\" target=\"_blank\">Chiara Ferragni<\/a> sembra essere tornata nella sua forma migliore: ci troviamo di fronte ad una rinascita a tutti gli effetti, un ritorno alle origini, ottenuta con sofferenza e fatica dopo lo scandalo con la Balocco ed il difficile divorzio da <a href=\"https:\/\/dilei.it\/star-e-vip\/fedez\/\" rel=\"nofollow noopener\" target=\"_blank\">Fedez<\/a>.<\/p>\n<p>Cos\u00ec, dopo essere tornata in copertina, eccola prendere nuovamente parte alle sfilate ed agli eventi mondani pi\u00f9 chiacchierati. La sua <a href=\"https:\/\/dilei.it\/moda\/speciale\/milano-fashion-week-settembre-2025\/\" rel=\"nofollow noopener\" target=\"_blank\">Milano Fashion Week 2025<\/a> ad esempio ha avuto inizio nel migliore dei modi, prima con lo show di <strong>Missoni<\/strong>, occupandone il front row\u00a0e, verso sera, con i <strong>Black Carpet Awards<\/strong>, dove ha letteralmente brillato.<\/p>\n<p>Lo sappiamo: da tempo la Regina delle Influencer \u00e8 impegnatissima nel sostenere artisti emergenti del settore moda, ed \u00e8 proprio per l\u2019impegno ed il ruolo di rilievo che riveste in questo contesto che la sua presenza all\u2019edizione di quest\u2019anno era dovuta. E, per rendere onore alla cerimonia ed al suo nobile significato, l\u2019imprenditrice digitale ha dato il meglio di s\u00e9 \u2014 e della propria immensa cabina armadio \u2014 sfoggiando un <strong>look<\/strong> in perfetto equilibrio tra classe e sensualit\u00e0.<\/p>\n<p>Il protagonista? Un lungo <a href=\"https:\/\/dilei.it\/moda\/slip-dress-abito-sottoveste\/1431315\/\" rel=\"nofollow noopener\" target=\"_blank\">slip dress<\/a> di seta dorata firmato <strong>Torlowei<\/strong>, strepitosa stilista nigeriana, che altro non ha fatto che suggellare la posizione della tendenza lingerie all\u2019interno della scena <a href=\"https:\/\/dilei.it\/moda\/tendenze-moda-autunno-2025\/1768712\/\" rel=\"nofollow noopener\" target=\"_blank\">moda dell\u2019autunno 2025<\/a>: sulla vetta.<\/p>\n<p>Si trattava di un sinuoso modello che si adagiava con grazia sulle forme, dalla silhouette a sirena, contraddistinto da generosi inserti in pizzo sia in prossimit\u00e0 dello scollo all\u2019americana che della schiena. Chiudevano il sontuoso outfit dei tacchi vertiginosi e dei gioielli luminosissimi di <strong>Damiani<\/strong>, che abbagliavano facendo capolino dal raccolto messy.<\/p>\n<p>Chiara Ferragni rilancia il suo brand con una \u201cRivoluzione Romantica\u201d<\/p>\n<p>Oltre a sostenere l\u2019operato degli altri talentuosi designer, <strong>Chiara Ferragni<\/strong> sta anche provando a <a href=\"https:\/\/dilei.it\/vip\/chiara-ferragni-strategia-brand-riferimento-puramente-casuale\/1844469\/\" rel=\"nofollow noopener\" target=\"_blank\">rilanciare il suo omonimo brand<\/a>: per farlo ha scelto di puntare su di una <strong>collaborazione<\/strong>, tanto inattesa quanto significativa, con <strong>Rivoluzione Romantica<\/strong>, il celebre duo di <strong>DJ italiani<\/strong> che fonde musica, moda, inventiva e sentimenti.<\/p>\n<blockquote class=\"instagram-media\" data-instgrm-captioned=\"\" data-instgrm-permalink=\"https:\/\/www.instagram.com\/p\/DOyV3HviCFX\/?utm_source=ig_embed&amp;utm_campaign=loading\" data-instgrm-version=\"14\" style=\" background:#FFF; border:0; border-radius:3px; box-shadow:0 0 1px 0 rgba(0,0,0,0.5),0 1px 10px 0 rgba(0,0,0,0.15); margin: 1px; max-width:100%; min-width:326px; padding:0; width:99.375%; width:-webkit-calc(100% - 2px); width:calc(100% - 2px);\"\/>\n<p>La<strong> capsule collection<\/strong> frutto di questo featuring \u00e8 una sorta di inno a tutti gli inguaribili romantici ed ai \u201csottoni di professione\u201d che, malgrado i drammi, continuano ancora a credere nell\u2019amore. Con grande autoironia, l\u2019influencer ha dunque trasformato la vulnerabilit\u00e0 in un manifesto dedicando t-shirt, felpe e accessori al cosiddetto Club degli Illusi. Una vittoria facile, insomma, visto che la suddetta categoria comprende la maggior parte di noi.<\/p>\n<p>\t<script async src=\"\/\/www.instagram.com\/embed.js\"><\/script><\/p>\n","protected":false},"excerpt":{"rendered":"La Milano Fashion Week 2025, come tutte quelle che l\u2019hanno preceduta, non prevede esclusivamente le tante sfilate pronte&hellip;\n","protected":false},"author":3,"featured_media":130595,"comment_status":"","ping_status":"","sticky":false,"template":"","format":"standard","meta":{"footnotes":""},"categories":[1451],"tags":[1621,1620,1774,203,204,1537,90,89],"class_list":{"0":"post-130594","1":"post","2":"type-post","3":"status-publish","4":"format-standard","5":"has-post-thumbnail","7":"category-celebrita","8":"tag-celebrita","9":"tag-celebrities","10":"tag-chiara-ferragni","11":"tag-entertainment","12":"tag-intrattenimento","13":"tag-it","14":"tag-italia","15":"tag-italy"},"share_on_mastodon":{"url":"","error":""},"_links":{"self":[{"href":"https:\/\/www.europesays.com\/it\/wp-json\/wp\/v2\/posts\/130594","targetHints":{"allow":["GET"]}}],"collection":[{"href":"https:\/\/www.europesays.com\/it\/wp-json\/wp\/v2\/posts"}],"about":[{"href":"https:\/\/www.europesays.com\/it\/wp-json\/wp\/v2\/types\/post"}],"author":[{"embeddable":true,"href":"https:\/\/www.europesays.com\/it\/wp-json\/wp\/v2\/users\/3"}],"replies":[{"embeddable":true,"href":"https:\/\/www.europesays.com\/it\/wp-json\/wp\/v2\/comments?post=130594"}],"version-history":[{"count":0,"href":"https:\/\/www.europesays.com\/it\/wp-json\/wp\/v2\/posts\/130594\/revisions"}],"wp:featuredmedia":[{"embeddable":true,"href":"https:\/\/www.europesays.com\/it\/wp-json\/wp\/v2\/media\/130595"}],"wp:attachment":[{"href":"https:\/\/www.europesays.com\/it\/wp-json\/wp\/v2\/media?parent=130594"}],"wp:term":[{"taxonomy":"category","embeddable":true,"href":"https:\/\/www.europesays.com\/it\/wp-json\/wp\/v2\/categories?post=130594"},{"taxonomy":"post_tag","embeddable":true,"href":"https:\/\/www.europesays.com\/it\/wp-json\/wp\/v2\/tags?post=130594"}],"curies":[{"name":"wp","href":"https:\/\/api.w.org\/{rel}","templated":true}]}}