{"id":130743,"date":"2025-09-26T05:07:14","date_gmt":"2025-09-26T05:07:14","guid":{"rendered":"https:\/\/www.europesays.com\/it\/130743\/"},"modified":"2025-09-26T05:07:14","modified_gmt":"2025-09-26T05:07:14","slug":"alta-tensione-nei-cieli-scontro-sulla-flotilla-altri-dazi-di-trump-comey-ex-capo-fbi-incriminato-sarkozy-andra-in-cella","status":"publish","type":"post","link":"https:\/\/www.europesays.com\/it\/130743\/","title":{"rendered":"Alta tensione nei cieli, scontro sulla Flotilla, altri dazi di Trump, Comey (ex capo Fbi) incriminato, Sarkozy andr\u00e0 in cella"},"content":{"rendered":"<td\/>\n<td width=\"600\" style=\"background-color: #F3F3F3;margin-top: 20px;\">\n<tr class=\"nl-number\">\n<\/tr>\n<tr class=\"nl-greetings\">\n<\/tr>\n<tr class=\"title\" wp_automatic_readability=\"7\">\n<td data-default=\"__TODAY_DATE__\" data-default-type=\"title\" style=\"text-align:center;\">Alta tensione nei cieli, scontro sulla Flotilla, altri dazi di Trump, Comey (ex capo Fbi) incriminato, Sarkozy andr\u00e0 in cella\u00a0<\/td>\n<\/tr>\n<tr>\n<td>\n<p>    <img decoding=\"async\" class=\"newsletterMainImage\" width=\"100%\" style=\"display: block; margin-bottom:8px\" alt=\"TOPSHOT - This handout video grab recorded on September 13, 2025, and released on September 14, 2025, by the French Army (Etat Major des Armees), shows a French Air Force Dassault Rafale B fighter jet configured for air-to-air weaponry deployed at...\" src=\"https:\/\/dimages2.corriereobjects.it\/files\/image_768_432\/files\/fp\/uploads\/2025\/09\/14\/68c6ca1491666.r_d.1929-1310-3943.jpeg\" data-full-src=\"https:\/\/www.europesays.com\/it\/wp-content\/uploads\/2025\/09\/68c6ca1491666.jpeg\"\/><\/p>\n<\/td>\n<\/tr>\n<tr>\n<td width=\"20\"\/>\n<td style=\"padding-left: 10px;\" width=\"60\">\n\t\t\t\t\t\t\t\t\t\t\t\t<img decoding=\"async\" class=\"newsletter-author-image\" src=\"https:\/\/www.europesays.com\/it\/wp-content\/uploads\/2025\/09\/luca-angelini.jpg\" alt=\"editorialista\" width=\"48\" height=\"auto\" style=\"border-radius: 20px; display: block;padding-right:10px;\"\/>\n\t\t\t\t\t\t\t\t\t\t\t<\/td>\n<td style=\"width: 520px; font-size: 17px; font-family: Arial, Helvetica, sans-serif;\">\n<p>\t\t\t\t\t\t\t\t\t\t\t\t\t\tdi \u00a0<br \/>\nLuca Angelini<\/p>\n<p><\/p>\n<\/td>\n<\/tr>\n<tr>\n<td><\/td>\n<\/tr>\n<tr wp_automatic_readability=\"281.43216905726\">\n<td\/>\n<td style=\"width: 550px; text-align: left; font-family: Arial, Helvetica, sans-serif; color: #333333; font-size: 20px; line-height: 29px; padding-bottom: 30px;\" wp_automatic_readability=\"182.68403956349\">\n<p class=\"chapter-paragraph notranslate\" translate=\"no\" style=\"line-height: 29px;font-family: Arial, Helvetica, sans-serif;\">Quattro F-16 della US Air Force che si alzano in volo per intercettare aerei russi &#8211; due bombardieri strategici Tu-95 e due caccia S-35 &#8211; sopra l\u2019<b>Alaska<\/b>. Due Gripen ungheresi della Nato che in <b>Lituania<\/b> intercettano un Su-30, un Su-35 e tre MiG-31 di Mosca in prossimit\u00e0 dello spazio aereo lettone. Infine alcuni droni che, <b>tra Danimarca e Svezia<\/b>, hanno provocato un nuovo stop agli aeroporti danesi. Le <b>tensione nei cieli<\/b> sopra l\u2019Europa (e non soltanto in quelli) continua a salire. Anche perch\u00e9, a gettare altra benzina sul fuoco, ci ha pensato l\u2019ambasciatore russo a Parigi, <b>Alexei Meshkov<\/b>. Negando ogni coinvolgimento di Mosca, in un\u2019intervista a una radio francese ha detto che <b>l\u2019abbattimento di un aereo russo da parte della Nato, pur in caso di violazione dei cieli dell\u2019Alleanza, equivarrebbe a una dichiarazione di guerra<\/b>. Mentre, dopo la risposta data marted\u00ec da <b>Donald Trump<\/b>,  sulla reazione che la Nato dovrebbe avere rispetto ai velivoli russi, ieri il segretario della Nato <b>Mark Rutte<\/b> si \u00e8 detto <b>d\u2019accordo sulla necessit\u00e0 di abbattere i jet russi <\/b>se violano lo spazio aereo dell\u2019Alleanza.<\/p>\n<p>Rutte ha anche aggiunto: \u00abHo appena parlato con la prima ministra danese <b>Mette Frederiksen<\/b> sulla situazione dei droni, che prendiamo molto sul serio\u00bb. In particolare <b>si sono dovuti fermare gli scali di Aalborg e Billund<\/b>, mentre droni sono stati avvistati a Esbjerg, Sonderborg e Skrydstrup. Episodi preoccupanti perch\u00e9 Aalborg funge anche da <b>base militare<\/b> e Skrydstrup ospita alcuni F-35 e F-16. Avvistamenti anche sopra il reggimento dei Dragoni dello Jutland a Holstebro. Se le indagini dell\u2019intelligence danese non sono ancora concluse e dunque <b>non \u00e8 possibile attribuire direttamente a Mosca la responsabilit\u00e0 di questi episodi<\/b>, Copenaghen pare tentata di evocare altre consultazioni sulla base dell\u2019articolo 4 del Trattato atlantico.<\/p>\n<p>\u00abMa \u2013 scrive da Odessa l\u2019inviata Marta Serafini &#8211; non sono solo i cieli a inquietare le cancellerie europee, timorose che siano proprio gli Stati dell\u2019Unione a finire tra incudine e martello. Il <b>cambio di posizione<\/b> della Casa Bianca sulla possibilit\u00e0 che Kiev possa <b>recuperare i territori oggi occupati<\/b> viene giudicata molto freddamente. \u201cDietro questo sorprendente ottimismo <b>si nasconde l\u2019annuncio di un minore coinvolgimento degli Stati Uniti<\/b> e il trasferimento della responsabilit\u00e0 di porre fine alla guerra all\u2019Europa: meglio la verit\u00e0 che le illusioni\u201d, nota il premier polacco <b>Donald Tusk<\/b>\u00bb.<\/p>\n<p>In questa chiave va anche letta, <a href=\"https:\/\/www.corriere.it\/esteri\/25_settembre_25\/svolta-germania-giuerra-ucraina-1d68a430-332e-40cb-a178-cd460958fxlk.shtml\" rel=\"nofollow noopener\" target=\"_blank\">secondo Federico Fubini e Mara Gergolet<\/a>, la decisione del cancelliere tedesco <b>Friedrich Merz<\/b> di aprire alla possibilit\u00e0 di <b>usare i fondi russi congelati per finanziare (con un prestito da 140 miliardi di euro) lo sforzo bellico ucraino<\/b>: \u00abLa svolta tedesca \u00e8 maturata lentamente. Ma dopo il vertice in Alaska, fra Trump e Putin <b>si \u00e8 fatta largo la consapevolezza che la Casa Bianca non avrebbe fermato il Cremlino<\/b>, n\u00e9 si sarebbe spesa per l\u2019Ucraina. Nessun leader Ue vuole contrariare pubblicamente Trump, ma nessuno \u00e8 ingenuo. Berlino e alcuni Paesi nordici hanno gi\u00e0 messo in piedi uno schema in cui pagano dai propri bilanci i Patriot americani inviati in Ucraina (e in futuro potrebbero usare il frutto dei beni russi per questo). L\u2019ultima goccia dev\u2019essere stato il discorso del presidente americano all\u2019Onu. Quando ha detto, con l\u2019ennesima giravolta, che \u201cgli ucraini possono vincere e riprendersi tutto il territorio\u201d ma \u201ccon l\u2019aiuto dell\u2019Ue\u201d. <b>Come a dire che la Casa Bianca se ne sarebbe lavata le mani<\/b>\u00bb.<\/p>\n<p>Ottimista, ma con prudenza, resta invece <b>Volodymyr Zelensky<\/b>. Dopo aver incassato il pieno sostegno di Trump, il leader ucraino, in un\u2019intervista ad Axios, pur confermando la sua intenzione di non ricandidarsi una volta finita la guerra, annuncia di aver <b>chiesto a Trump \u00abun nuovo sistema d\u2019arma\u00bb<\/b> che costringerebbe il presidente russo Vladimir Putin a sedersi al tavolo dei negoziati e di aver <b>ricevuto il sostegno esplicito della Casa Bianca a colpire le infrastrutture energetiche e l\u2019industria bellica russa<\/b>. Al Cremlino, ha aggiunto il presidente ucraino, dovrebbero dunque \u00abstudiare bene\u00bb dove si trovano \u00abi rifugi pi\u00f9 vicini\u00bb.<\/p>\n<p class=\"chapter-paragraph notranslate\" translate=\"no\" style=\"line-height: 29px;font-family: Arial, Helvetica, sans-serif;\">Commenta Giuseppe Sarcina nel suo <a href=\"https:\/\/www.corriere.it\/opinioni\/25_settembre_25\/i-calcoli-sbagliati-di-putin-90834010-c843-4601-9cb9-20a46ae42xlk.shtml\" rel=\"nofollow noopener\" target=\"_blank\">editoriale<\/a>: \u00abTutto lascia pensare che Vladimir Putin stia commettendo un secondo, clamoroso errore di valutazione sulla tenuta e sulle reazioni dell\u2019Occidente. <b>Il primo risale al 24 febbraio 2022, quando rovesci\u00f2 oltre 100 mila soldati sul territorio ucraino, con l\u2019idea di conquistare Kiev in pochi giorni, <\/b>cacciare Volodymyr Zelensky, sostituirlo con un simil Lukashenko e trasformare il Paese occupato in uno Stato vassallo come la Bielorussia. Ora, da qualche settimana a questa parte, Putin sta lanciando<b> una serie di incursioni aeree all\u2019interno della Nato, con l\u2019intenzione di approfondire le divisioni nel blocco europeo, nonch\u00e9 tra questo e gli Stati Uniti<\/b>. Sempre nascondendo la mano, com\u2019\u00e8 nello stile della casa.<b> <\/b>Ma, anche stavolta, gli effetti non sembrano quelli previsti dal Cremlino. Anzi, sta accadendo <b>esattamente il contrario<\/b>\u00bb. <\/p>\n<p>(Intanto un report di Morpheus Research, hedge fund americano, <a href=\"https:\/\/www.corriere.it\/economia\/finanza\/25_settembre_25\/morpheus-brunello-cucinelli-sanzioni-db7f6e5d-39f5-456f-851e-fd2c2bbdcxlk.shtml\" rel=\"nofollow noopener\" target=\"_blank\">accusa<\/a> la maison umbra <b>Brunello Cucinelli<\/b> di non aver mai davvero chiuso i suoi negozi in Russia, nonostante le sanzioni europee; \u00abAbbiamo rispettato tutte le normative europee\u00bb, si difende l\u2019azienda, ma il titolo in Borsa ha perso fino al 17%)<\/p>\n<p translate=\"no\" rcs-escape-lists=\"\" class=\"chapter-paragraph notranslate\" style=\"margin-bottom:25px;font-family: Arial, Helvetica, sans-serif; font-size: 20px; line-height: 29px;\"><b>Flotilla, \u00e8 scontro politico<\/b><\/p>\n<p>La <b>Global Sumud Flotilla<\/b> ha detto <b>no alla mediazione<\/b>. Il governo italiano aveva provato a convincere le imbarcazioni dirette a Gaza a lasciare a Cipro il loro carico di aiuti umanitari. Da l\u00ec poi, per intercessione della Cei, gli aiuti sarebbero stati consegnati a <b>Pierbattista Pizzaballa<\/b>, patriarca di Gerusalemme, per arrivare alla popolazione della Striscia. Ma l\u2019accordo non c\u2019\u00e8 stato. La Flotilla vuole creare corridoi umanitari e tirare dritto fino a Gaza.<\/p>\n<p>Il ministro della Difesa, <b>Guido Crosetto<\/b>, nelle sue informative a Camera e Senato ieri ha usato toni pacati, <a href=\"https:\/\/roma.corriere.it\/notizie\/politica\/25_settembre_25\/i-toni-soft-del-ministro-crosetto-stregano-l-opposizione-ma-poi-lo-scontro-sulla-flotilla-riparte-4b548d84-8aed-4fd4-9b7e-35eea2174xlk.shtml\" rel=\"nofollow noopener\" target=\"_blank\">apprezzati anche dall\u2019opposizione<\/a>. Ha mandato la fregata Fasan come sostegno alla Flotilla e ieri ha fatto sapere che presto arriver\u00e0, in sostituzione, la Alpino, fregata lanciamissili, precisando: \u00ab\u00c8 una nave per il soccorso dei nostri cittadini. Quindi, non va interpretato come un \u201catto di guerra\u201d o \u201cprovocatorio\u201d nei confronti di Israele\u00bb. Crosetto non ha comunque nascosto la preoccupazione: \u00abIl problema si porr\u00e0 quando la Flotilla arriver\u00e0 nelle acque bloccate dalle forze israeliane. Adesso \u00e8 ancora a 450 miglia, dal punto pericoloso, ma vogliamo far capire che <b>una volta usciti dalle acque internazionali nessuno sar\u00e0 in grado di garantire la sicurezza<\/b> e neanche l\u2019aiuto in caso accadesse qualcosa\u00bb. <\/p>\n<p>Crosetto a parte, i toni, in Parlamento, sono stati aspri. Alle opposizioni non \u00e8 andato gi\u00f9 che la premier, <b>Giorgia Meloni<\/b>, abbia definito \u201cirresponsabili\u201d i membri della Flotilla. <b>Elly Schlein<\/b>, segretaria del Pd, ha attaccato: \u00abIeri la premier ha detto: \u201cMi sembra si stia esagerando\u201d. E pensavo che si riferisse a Netanyahu, e non alla Global Sumud Flotilla, che fa quello che i governi europei dovrebbero fare e non fanno. Le parole durissime di Meloni contro la Flotilla non le abbiamo mai sentite pronunciare per i crimini di Netanyahu\u00bb. E alla premier che parlava di una volont\u00e0 di creare problemi al governo italiano, Schlein ha ricordato che a imbarcarsi sono state circa 500 persone di 44 Paesi diversi.  <b>Maria Elena Boschi<\/b>, di Italia viva, ha fatto un appello a Crosetto: \u00abDica alla premier di abbassare i toni\u00bb.<\/p>\n<p>Sulla mediazione non accolta, <b>Angelo Bonelli<\/b> (Avs) accusa Meloni di averne rivelato i contenuti, che avrebbero dovuto restare segreti. Ma il vicepremier e ministro degli Esteri, <b>Antonio Tajani<\/b>, intervistato da Paola Di Caro si dice convinto che ci siano ancora spazi per un\u2019intesa con la Flotilla: \u00abCi auguriamo che ci ripensino e si continui a lavorare. Noi insistiamo: se l\u2019obiettivo \u00e8 offrire aiuto alla popolazione di Gaza, possiamo trovare modi per portare gli aiuti. \u00c8 l\u2019unica soluzione possibile per evitare rischi altissimi\u00bb. (Dei motivi della mediazione respinta si \u00e8 occupato anche Alessandro Trocino nella nostra <a href=\"https:\/\/www.corriere.it\/il-punto\/la-rassegna\/25_settembre_25\/cosa-vuole-la-flotilla-l-alleanza-tunisia-iran-le-sparizioni-forzate-in-ecuador-i-divorzi-tardivi-tre-generazioni-di-palestinesi.shtml?refresh_ce\" rel=\"nofollow noopener\" target=\"_blank\">Rassegna<\/a>; <a href=\"https:\/\/www.corriere.it\/lodicoalcorriere\/25_settembre_26\/compatrioti-o-irresponsabili-il-dilemma-della-fregata-rd-8d35a4a4-bb8a-4994-a17b-88ea5118bxlk.shtml\" rel=\"nofollow noopener\" target=\"_blank\">qui<\/a> la risposta di Aldo Cazzullo ai lettori)<\/p>\n<p><b>Le parole di Meloni all\u2019Onu<\/b><\/p>\n<p>Non ha parlato espressamente di \u00abcrimini di Netanyahu\u00bb, come vorrebbe Schlein. Ma quelle usate dalla presidente del Consiglio nel suo intervento all\u2019Assemblea generale dell\u2019Onu sono state, <a href=\"https:\/\/www.corriere.it\/esteri\/25_settembre_25\/meloni-all-onu-israele-ha-superato-i-limiti-a-gaza-mosca-ha-calpestato-il-trattato-dell-onu-dc801ef7-70d8-477b-bbc3-c16041d4cxlk.shtml\" rel=\"nofollow noopener\" target=\"_blank\">scrive<\/a> l\u2019inviato Marco Galluzzo, \u00ab<b>parole nette, forse quelle pi\u00f9 dure pronunciate finora da Giorgia Meloni contro Israele<\/b>\u00bb. \u00abLa reazione a una aggressione deve sempre rispettare il <b>principio di proporzionalit\u00e0<\/b> &#8211; ha detto la premier -. Vale per gli individui, e vale a maggior ragione per gli Stati. E <b>Israele ha superato quel limite<\/b>, con una guerra su larga scala che sta coinvolgendo oltre misura la popolazione civile palestinese. \u00c8 su questo limite che <b>lo Stato ebraico ha finito per infrangere le norme umanitarie, causando una strage tra i civili<\/b>\u00bb. La premier ha anche aggiunto che Israele \u00ab<b>non ha il diritto di impedire che domani nasca uno Stato palestinese<\/b>, n\u00e9 di costruire nuovi insediamenti in Cisgiordania al fine di impedirlo. Per questo abbiamo sottoscritto la Dichiarazione di New York sulla soluzione dei due Stati\u00bb. (Gianluca Mercuri, nella nostra <a href=\"https:\/\/www.corriere.it\/il-punto\/la-rassegna\/25_settembre_25\/cosa-vuole-la-flotilla-l-alleanza-tunisia-iran-le-sparizioni-forzate-in-ecuador-i-divorzi-tardivi-tre-generazioni-di-palestinesi.shtml\" rel=\"nofollow noopener\" target=\"_blank\">Rassegna<\/a>, ha spiegato perch\u00e9 \u00able parole di Giorgia Meloni non erano da sottovalutare a sinistra n\u00e9 da scavalcare a destra, ma da incoraggiare. Forse non \u00e8 ancora tardi\u00bb)<\/p>\n<p>Nel frattempo, il presidente americano <b>Donald Trump<\/b> ha ripetuto ieri che <b>non permetter\u00e0 a Israele di annettere la Cisgiordania<\/b> (\u00abNo, non lo consentir\u00f2\u00bb) e ha sottolineato di averne discusso con il premier <b>Benjamin Netanyahu<\/b>, che far\u00e0 oggi il suo discorso alle Nazioni Unite e si recher\u00e0 in visita alla Casa Bianca luned\u00ec. \u00abHo parlato con Bibi Netanyahu oggi e abbiamo parlato con tutti i leader del Medio Oriente. <b>Siamo vicini ad un accordo su Gaza, forse anche alla pace<\/b>\u00bb, ha detto Trump nello Studio Ovale, parlando con i giornalisti mentre firmava alcuni ordini esecutivi. \u00ab\u00c8 abbastanza, \u00e8 ora di fermarsi\u00bb. <\/p>\n<p>(Non si fermano, invece, le <b>mobilitazioni pro Palestina in Italia<\/b>: dopo lo sciopero generale di luned\u00ec scorso, l\u2019Unione sindacale di base con altre sigle legate ai movimenti pro Pal rilancia e annuncia da oggi una mobilitazione permanente in 100 piazze in vista della manifestazione nazionale a Roma il 4 ottobre, organizzata dalle associazioni di palestinesi in Italia. Le tende compariranno davanti alla stazione Termini a Roma, al valico 3 a Genova, a Milano in piazza della Scala e in altre 98 piazze d\u2019Italia. Anche la Cgil starebbe preparando uno sciopero generale)<\/p>\n<p class=\"chapter-paragraph notranslate\" translate=\"no\" style=\"line-height: 29px;font-family: Arial, Helvetica, sans-serif;\">L&#8217;Uefa starebbe valutando <b>la sospensione di Israele da tutte le competizioni calcistiche internazionali<\/b>. A scriverlo \u00e8 il quotidiano britannico Times, che parla di una decisione  \u00abattesa la prossima settimana, con la maggioranza dei membri favorevole\u00bb. Al momento, per\u00f2, dalla Uefa non risultato riunioni in programma dedicate a questo tema.<\/p>\n<p translate=\"no\" rcs-escape-lists=\"\" class=\"chapter-paragraph notranslate\" style=\"margin-bottom:25px;font-family: Arial, Helvetica, sans-serif; font-size: 20px; line-height: 29px;\"><b>Trump annuncia altri dazi<\/b><\/p>\n<p class=\"chapter-paragraph notranslate\" translate=\"no\" style=\"line-height: 29px;font-family: Arial, Helvetica, sans-serif;\">In barba alle intese siglate soltanto poche settimane fa, quando in Italia era ormai notte Donald Trump ha <a href=\"https:\/\/www.corriere.it\/economia\/finanza\/25_settembre_26\/trump-in-arrivo-nuovi-dazi-100-sui-farmaci-50-sui-mobili-25-sui-camion-34d5b135-9420-456b-97a6-a2fff7301xlk.shtml\" rel=\"nofollow noopener\" target=\"_blank\">annunciato<\/a> una <b>nuova, pesantissima tornata di dazi<\/b>. A partire dal 1\u00b0 ottobre, ha comunicato il presidente Usa sul suo social Truth, \u00abimporremo <b>dazi al 100% su qualsiasi prodotto farmaceutico<\/b> di marca o brevettato, a meno che un&#8217;azienda non stia <b>costruendo il proprio<\/b> <b>stabilimento di produzione<\/b> farmaceutica in America\u00bb. Trump ha precisato che \u00abla costruzione sar\u00e0 definita come <b>un cantiere in fase di avvio e\/o di costruzione<\/b>. Pertanto, non ci saranno dazi su questi prodotti farmaceutici se la costruzione \u00e8 iniziata\u00bb. L&#8217;accordo con l&#8217;Ue prevedeva, per i farmaci, una tariffa del 15%.<\/p>\n<p class=\"chapter-paragraph notranslate\" translate=\"no\" style=\"line-height: 29px;font-family: Arial, Helvetica, sans-serif;\">Sempre in data 1\u00b0 ottobre scatteranno <b>dazi al 50% per i mobili da cucina<\/b>, <b>da bagno e prodotti correlati<\/b>. La decisione \u00e8 stata presa perch\u00e9 gli Stati Uniti, ha scritto Trump su Truth, sono \u00abinondati da questi prodotti che arrivano da altri Paesi. \u00c8 ingiusto e <b>dobbiamo proteggere<\/b>, per motivi di sicurezza nazionale, <b>il processo manifatturiero<\/b>\u00bb.<\/p>\n<p class=\"chapter-paragraph notranslate\" translate=\"no\" style=\"line-height: 29px;font-family: Arial, Helvetica, sans-serif;\">Dal 1\u00b0 di ottobre si pagheranno dazi al 25% anche sulle <b>importazioni di camion pesanti<\/b> negli Stati Uniti. In questo caso la decisione \u00e8 dettata dalla necessit\u00e0 di <b>proteggere i \u00abnostri produttori\u00bb<\/b>.\u00a0 \u00a0<\/p>\n<p class=\"chapter-paragraph notranslate\" translate=\"no\" style=\"line-height: 29px;font-family: Arial, Helvetica, sans-serif;\">I nuovi dazi, se confermati nonostante l&#8217;intesa gi\u00e0 firmata con l&#8217;Ue, creerebbero danni enormi all&#8217;economia italiana.\u00a0\u00a0<\/p>\n<p translate=\"no\" rcs-escape-lists=\"\" class=\"chapter-paragraph notranslate\" style=\"margin-bottom:25px;font-family: Arial, Helvetica, sans-serif; font-size: 20px; line-height: 29px;\"><b>Sarkozy andr\u00e0 in carcere<\/b><\/p>\n<p>Il prossimo luned\u00ec 13 ottobre <b>Nicolas Sarkozy<\/b> dovr\u00e0 presentarsi davanti alla Procura finanziaria per conoscere il giorno della sua incarcerazione, che avverr\u00e0 entro quattro mesi, al pi\u00f9 tardi il 13 febbraio. Poi, visto che ha gi\u00e0 compiuto 70 anni, chieder\u00e0 di essere rimesso in libert\u00e0, magari con il braccialetto elettronico. \u00abMa <b>un passaggio in prigione, secondo tutti i giuristi, \u00e8 inevitabile<\/b> \u2013 scrive il corrispondente da Parigi Stefano Montefiori &#8211; ed \u00e8 questo che rende clamorosa la sentenza di ieri: <b>per la prima volta nella storia della Repubblica francese, un presidente (emerito) andr\u00e0 in carcere<\/b>\u00bb.<\/p>\n<p>L\u2019ex capo di Stato, dal 2007 al 2012, il gollista che conquist\u00f2 l\u2019Eliseo sconfiggendo la candidata socialista S\u00e9gol\u00e8ne Royal e dovette andarsene cinque anni dopo battuto dal socialista Fran\u00e7ois Hollande, \u00e8 stato condannato ieri a <b>cinque anni per associazione a delinquere<\/b> nel processo per i <b>presunti finanziamenti ottenuti da Gheddafi<\/b> nella sua vittoriosa, prima campagna presidenziale. L\u2019ex presidente \u00e8 stato assolto dall\u2019accusa di corruzione perch\u00e9 i finanziamenti non sono stati provati. Ma secondo il tribunale i suoi fedelissimi Claude Gu\u00e9ant e Brice Hortefeux come minimo hanno provato a ottenerli, viaggiando a Tripoli in Libia e incontrando gli emissari del dittatore. E lui, Sarkozy, <b>non poteva non sapere<\/b>. Per questo andr\u00e0 in prigione, forse alla Sant\u00e9, l\u2019unica rimasta a Parigi citt\u00e0, nel quartiere di Montparnasse.<\/p>\n<p>\u00abSignore e signori, quel che \u00e8 successo oggi in questa aula di tribunale \u00e8 di una gravit\u00e0 estrema per lo Stato di diritto e per la fiducia nella giustizia &#8211; ha <a href=\"https:\/\/www.corriere.it\/esteri\/25_settembre_25\/sarkozy-condanna-gheddafi-35e2d39f-28d0-4f1d-ab4d-a71a809fbxlk.shtml\" rel=\"nofollow noopener\" target=\"_blank\">commentato<\/a> Sarkozy subito dopo la condanna -.\u00a0Chiedo a tutti i francesi, che abbiano votato per me no, di giudicare loro stessi quel che \u00e8 appena successo. <b>L\u2019odio non ha alcun limite<\/b>.<b>\u00a0<\/b>Se vogliono assolutamente che io dorma in prigione, dormir\u00f2 in prigione, ma <b>a testa alta<\/b>, perch\u00e9 <b>sono innocente, e questa giustizia \u00e8 uno scandalo.\u00a0<\/b>Non mi scuso per cose che non ho fatto. Far\u00f2 appello, dovr\u00f2 comparire ammanettato davanti alla corte di appello, e pensano di umiliarmi ma chi hanno umiliato oggi \u00e8 la Francia, l\u2019immagine della Francia\u00bb. L\u2019ex presidente ha sempre sostenuto di essere <b>vittima di una vendetta del clan Gheddafi<\/b> per aver sollecitato l\u2019intervento degli Usa e della Nato che, nel 2011, fece crollare il regime.<\/p>\n<p class=\"chapter-paragraph notranslate\" translate=\"no\" style=\"line-height: 29px;font-family: Arial, Helvetica, sans-serif;\">Sarkozy si \u00e8 presentato in tribunale accompagnato dalla moglie, <b>Carla Bruni<\/b>, che in un gesto di stizza (<a href=\"https:\/\/video.corriere.it\/esteri\/carla-bruni-strappa-la-spugna-al-microfono-del-giornale-che-ha-svelato-il-caso-dei-fondi-libici-al-marito-sarkozy\/237efa9b-dbfd-46ba-bbaa-e006dc632xlk\" rel=\"nofollow noopener\" target=\"_blank\">qui il video<\/a>) ha strappato la cuffia del microfono di M\u00e9diapart, la testata che per prima ha sollevato il caso dei finanziamenti libici (<a href=\"https:\/\/www.corriere.it\/esteri\/25_settembre_25\/edwy-plenel-mediapart-sarkozy-intervista-30f4334e-bb3a-4a90-b30d-de61ed660xlk.shtml\" rel=\"nofollow noopener\" target=\"_blank\">qui l\u2019intervista<\/a> di Alessandra Coppola al suo co-fondatore, <b>Edwy Plenel<\/b>).<\/p>\n<p style=\"margin-bottom:25px;margin-left:10px;line-height:18px;\" class=\"notranslate\" translate=\"no\">\n        <img decoding=\"async\" width=\"100%\" height=\"auto\" alt=\"L\u2019affronto ai giornalisti, le citazioni di John Lennon: Carla in difesa del marito dopo gli anni pi\u00f9 tumultuosi\" src=\"https:\/\/dimages2.corriereobjects.it\/files\/image_688_515\/files\/fp\/uploads\/2025\/09\/25\/68d5a6a6f10a1.r_d.3006-1652-1281.jpeg\" data-full-src=\"https:\/\/www.europesays.com\/it\/wp-content\/uploads\/2025\/09\/68d5a6a6f10a1.jpeg\"\/><\/p>\n<p>    L&#8217;ex presidente francese Nicolas Sarkozy in tribunale con la moglie Carla Bruni<\/p>\n<ul>\n<li class=\"chapter-paragraph notranslate\" translate=\"no\" style=\"line-height: 29px;font-family: Arial, Helvetica, sans-serif;word-break: break-word; overflow-wrap: break-word;\">L&#8217;ex capo dell&#8217;Fbi <b>James Comey<\/b> \u00e8 stato <b>incriminato dal grand giur\u00ec<\/b>. Comey \u00e8 da anni un oppositore di Donald Trump e il presidente, abbattendo il muro che dovrebbe separare la Casa Bianca dal Dipartimento di Giustizia, nei giorni scorsi aveva rimproverato alla procuratrice generale\u00a0<b>Pam Bondi<\/b> di non perseguire a dovere i suoi nemici, fra i quali Comey. Dichiarazioni false e ostruzione di giustizia sono i due capi di accusa: si riferiscono a una testimonianza resa da Comey nel 2020 davanti alla Commissione Giustizia del Senato, in cui l\u2019ex direttore avrebbe negato di aver autorizzato la divulgazione di informazioni riservate alla stampa in merito all\u2019<b>inchiesta Russiagate<\/b>, sui presunti legami tra <a href=\"https:\/\/www.corriere.it\/russiagate\/\" rel=\"nofollow noopener\" target=\"_blank\">la campagna elettorale di Trump del 2016 e la Russia<\/a>. \u00c8 la prima volta che un ex direttore dell\u2019Fbi viene <b>formalmente incriminato<\/b>. <b>Rischia fino a cinque anni di carcere<\/b>.\u00a0\u00abSono innocente, che si faccia pure il processo &#8211; ha detto Comey in un video su Instagram -. La paura \u00e8 lo strumento dei tiranni, ma io non ho paura, e spero non ne abbiate anche voi. Spero che siate impegnati e votiate\u00bb. I media americani fanno notare che l&#8217;incriminazione \u00e8 stata firmata solo da Lindsey Hallingan, <b>l&#8217;ex avvocatessa di Trump nominata procuratrice<\/b> per il distretto orientale della Virginia al posto di Erik Siebert, scettico nel procedere contro Comey. Il fatto che ci sia solo la sua firma, osservano i media, appare legato <b>a una forma di protesta<\/b> da parte del personale del Dipartimento di Giustizia, all&#8217;interno del quale molti hanno espresso <b>perplessit\u00e0 sull&#8217;incriminazione<\/b>.\u00a0\u00abForse la domanda pi\u00f9 grande che aleggia su tutto ci\u00f2 \u00e8 se si tratta solo di <b>un evento isolato<\/b>, una mossa che pu\u00f2 placare un presidente chiaramente arrabbiato, o se sia <b>il segnale di ulteriori procedimenti giudiziari a venire<\/b>\u00bb, scrive Anthony Zurcher, corrispondente della Bbc dagli Usa.<\/li>\n<li class=\"chapter-paragraph notranslate\" translate=\"no\" style=\"line-height: 29px;font-family: Arial, Helvetica, sans-serif;word-break: break-word; overflow-wrap: break-word;\">Il capo del Pentagono <b>Pete Hegseth<\/b> riunir\u00e0 la prossima settimana nella base di Quantico in Virginia oltre 800 generali e ammiragli da tutto il mondo, scrive il Washington Post, per un incontro del quale \u00abneppure i pi\u00f9 alti ufficiali e i loro staff conoscono la ragione\u00bb. La direttiva \u00e8 arrivata anche ai leader di tutti i comandi Usa \u2014 in Europa, Medio Oriente, Asia-Pacifico \u2014 sollevando preoccupazioni perch\u00e9 il loro spostamento lascia sguarnite aree di crisi. Le possibilit\u00e0, dice il Post, sono due: la prima \u00e8 che ci siano in vista <b>nuovi licenziamenti<\/b>. A maggio Hegseth ha detto che i vertici militari vanno ridotti \u00abcome minimo\u00bb del 20%. La seconda possibilit\u00e0 \u00e8 che Hegseth voglia parlare della <b>nuova strategia del \u00abdipartimento della Guerra\u00bb<\/b>: l\u2019aspettativa \u00e8 che la \u00absicurezza interna\u00bb (<b>immigrazione<\/b>, confine con il Messico) sia definita <b>prioritaria per le forze armate<\/b>, dopo anni in cui la Cina \u00e8 stata considerata il rischio principale per la sicurezza nazionale. Nel frattempo il New York Times rivela che il dipartimento della Giustizia ha inviato una direttiva agli uffici di almeno sei procuratori federali chiedendo di formulare piani per <b>indagare le Open Society Foundations di George Soros<\/b>, il finanziatore miliardario del partito democratico e delle cause progressiste (e <a href=\"https:\/\/www.corriere.it\/il-punto\/la-rassegna\/25_settembre_16\/l-ossessione-per-soros-tutta-colpa-di-de-gaulle-i-newyorchesi-spiati-addio-a-robert-redford-the-pitt-grand-prix.shtml\" rel=\"nofollow noopener\" target=\"_blank\">ossessione delle destre<\/a>).<\/li>\n<li class=\"chapter-paragraph notranslate\" translate=\"no\" style=\"line-height: 29px;font-family: Arial, Helvetica, sans-serif;word-break: break-word; overflow-wrap: break-word;\"><b>L\u2019economia americana \u00e8 cresciuta oltre le attese<\/b> nel secondo trimestre, sorprendendo analisti e mercati. Secondo la terza e definitiva stima diffusa dal Bureau of Economic Analysis, il prodotto interno lordo \u00e8 salito a un tasso annualizzato del 3,8%, ben oltre il 3,3% indicato in precedenza e in netto recupero rispetto alla contrazione nei primi tre mesi dell\u2019anno, peggiorata a -0,6% dal -0,5% indicato nella stima finale di giugno, dopo che il Bureau of Economic Analysis ha aggiornato i conti nazionali. La revisione dei dati del secondo trimestre, spiegano i dati ufficiali, riflette una diminuzione delle importazioni \u2014 dopo il picco legato alla corsa delle imprese ad anticipare i dazi dell\u2019amministrazione Trump \u2014 e un <b>aumento della spesa dei consumatori<\/b>, salita del 2,5% contro l\u20191,6% stimato in precedenza. L\u2019impulso \u00e8 arrivato anche dagli investimenti in propriet\u00e0 intellettuali, in particolare nell\u2019intelligenza artificiale, mentre restano deboli esportazioni e spesa pubblica. <b>La dinamica resta tuttavia irregolare<\/b>: gli economisti avvertono che le oscillazioni indotte dal commercio estero non fotografano appieno la salute sottostante dell\u2019economia, che dovrebbe <b>rallentare nella seconda met\u00e0 dell\u2019anno a un ritmo intorno all\u20191,5%<\/b>.<\/li>\n<li class=\"chapter-paragraph notranslate\" translate=\"no\" style=\"line-height: 29px;font-family: Arial, Helvetica, sans-serif;word-break: break-word; overflow-wrap: break-word;\"><b>Amazon <\/b>ha raggiunto un accordo storico da 2,5 miliardi di dollari con la Federal Trade Commission (Ftc), dopo che l\u2019agenzia Usa ha dichiarato che il gigante della vendita online ha ingannato i clienti inducendoli a iscriversi ai suoi abbonamenti Prime e rendendo difficile la loro cancellazione. La societ\u00e0 di Seattle pagher\u00e0 <b>1 miliardo di dollari in sanzioni civili<\/b> \u2014 la multa pi\u00f9 alta nella storia della Ftc \u2014 mentre <b>1,5 miliardi di dollari saranno destinati ai consumatori <\/b>che sono stati iscritti involontariamente a Prime o scoraggiati dal cancellare i loro abbonamenti, ha riferito la Ftc.<\/li>\n<li class=\"chapter-paragraph notranslate\" translate=\"no\" style=\"line-height: 29px;font-family: Arial, Helvetica, sans-serif;word-break: break-word; overflow-wrap: break-word;\"><b>Apple<\/b> chiede all\u2019Ue di <b>abrogare il Digital Markets Act<\/b> (Dma), sostenendo che la norma-tiva rallenta l\u2019innovazione, imponendo costi elevati. Secondo la societ\u00e0, il Dma ha gi\u00e0 causato ritardi nel lancio di nuove funzionalit\u00e0 in Europa, tra cui Live Translation sugli AirPods, iPhone Mirroring e aggiornamenti di Apple Maps. Ma la Commissione Ue \u00abnon \u00e8 sorpresa\u00bb, perch\u00e9 \u00abApple ha contestato ogni minimo aspetto del Dma sin dalla sua entrata in vigore\u00bb. E insiste che il Dma non \u00e8 opzionale: garantisce concorrenza e scelta ai consumatori.<\/li>\n<li class=\"chapter-paragraph notranslate\" translate=\"no\" style=\"line-height: 29px;font-family: Arial, Helvetica, sans-serif;word-break: break-word; overflow-wrap: break-word;\"><b>Donald Trump<\/b> ha firmato l\u2019ordine esecutivo per <b>l\u2019accordo su TikTok<\/b>. Xi Jinping \u00abci ha dato il via libera\u00bb sull\u2019app, ha detto il presidente. \u00abGli investitori americani controlleranno\u00bb la piattaforma e Oracle \u00abgiocher\u00e0 un ruolo importante\u00bb sul fronte della sicurezza di TikTok, ha spiegato Trump, dicendosi soddisfatto delle misure di sicurezza varate per la piattaforma. La societ\u00e0 che controller\u00e0 le attivit\u00e0 americane di TikTok sar\u00e0 valutata circa <b>14 miliardi di dollari<\/b>, ha detto il vicepresidente <b>JD Vance<\/b>.<\/li>\n<li class=\"chapter-paragraph notranslate\" translate=\"no\" style=\"line-height: 29px;font-family: Arial, Helvetica, sans-serif;word-break: break-word; overflow-wrap: break-word;\"><b>Stellantis<\/b> sta sospendendo la produzione in 6 fabbriche europee: in Francia il sito di Poissy rimarr\u00e0 chiuso per 3 settimane, anche gli impianti di Eisenach in Germania, di Saragozza e Madrid in Spagna e Tychy in Polonia verranno fermati per periodi da 5 a 14 giorni. A Pomigliano l\u2019interruzione sar\u00e0 dal 29 settembre al 10 ottobre. Il gruppo industriale tedesco <b>Bosch <\/b>taglier\u00e0 <b>13 mila posti di lavoro<\/b>, principalmente nella sua divisione auto. Gli esuberi, tutti in Germania, rappresentano circa il 10% della forza lavoro totale di Bosch nel Paese e il 3% del personale a livello mondiale.<\/li>\n<li class=\"chapter-paragraph notranslate\" translate=\"no\" style=\"line-height: 29px;font-family: Arial, Helvetica, sans-serif;word-break: break-word; overflow-wrap: break-word;\">Mentre la sfida nelle Marche tra il presidente uscente <b>Francesco Acquaroli<\/b> (Fdi) e l\u2019ex sindaco di Pesaro, <b>Matteo Ricci<\/b> (Pd) \u00e8 ormai alle porte (si vota domenica e luned\u00ec), il sondaggio di Nando Pagnoncelli per il voto in Toscana d\u00e0 in <b>netto vantaggio<\/b> l\u2019uscente <b>Eugenio Giani<\/b> (Pd) sul sindaco di Pistoia <b>Alessandro Tomasi<\/b> (Fdi): <b>54,8% contro 41,3%<\/b> (3,9% per Antonella Bundu della lista Toscana Rossa). (<a href=\"https:\/\/video.corriere.it\/politica\/sette-regionali-e-un-referendum-l-eterna-campagna-elettorale-l-analisi-del-direttore-fontana\/9a578a13-1c2e-4dea-a889-1c4fb0ef8xlk\" rel=\"nofollow noopener\" target=\"_blank\">Qui<\/a> un estratto della diretta video sulle Regionali con il direttore del Corriere, Luciano Fontana)<\/li>\n<li class=\"chapter-paragraph notranslate\" translate=\"no\" style=\"line-height: 29px;font-family: Arial, Helvetica, sans-serif;word-break: break-word; overflow-wrap: break-word;\">Un party a base di alcol e quasi certamente droga, come scena del delitto. Manca il movente e soltanto l\u2019autopsia e gli esami nei laboratori potranno ricostruire che cosa \u00e8 realmente accaduto. <b>Cinzia Pinna<\/b>, probabilmente, ha sub\u00ecto violenze anche sessuali. <b>Emanuele Ragnedda<\/b>, l\u2019imprenditore sardo del vino che <a href=\"https:\/\/www.corriere.it\/cronache\/25_settembre_25\/emanuele-ragnedda-festa-elicottero-f87d2fb5-742e-4266-a5bd-d192f5ec7xlk.shtml\" rel=\"nofollow noopener\" target=\"_blank\">l\u2019ha uccisa<\/a>, ha riferito di un diverbio degenerato: \u00abAveva un oggetto contundente, mi ha aggredito e ho dovuto difendermi\u00bb. Ma non ha persuaso i magistrati: lui aveva una pistola, Cinzia era disarmata. Potrebbe aver impugnato l\u2019arma (licenza per uso sportivo) per minacciarla e aver poi sparato per un approccio rifiutato o una richiesta respinta di sesso.<\/li>\n<li class=\"chapter-paragraph notranslate\" translate=\"no\" style=\"line-height: 29px;font-family: Arial, Helvetica, sans-serif;word-break: break-word; overflow-wrap: break-word;\">Disagi in vista<b> oggi <\/b>per chi deve volare. Il sindacato di base CUB Trasporti ha proclamato uno <b>sciopero nazionale di 24 ore di tutte le categorie del comparto aereo<\/b>, dal personale navigante a quello di  terra, ai servizi di pulizia. All&#8217;agitazione aderiscono anche Usb Lavoro Privato, FlaI Trasporti, Ugl Trasporto Aereo, Uilt-Uil e altri sindacati di categoria.<\/li>\n<\/ul>\n<p translate=\"no\" rcs-escape-lists=\"\" class=\"chapter-paragraph notranslate\" style=\"margin-bottom:25px;font-family: Arial, Helvetica, sans-serif; font-size: 20px; line-height: 29px;\"><b>La pagina sportiva<\/b><\/p>\n<p>Buon rientro in campo per <b>Jannik Sinner<\/b>, dopo la sconfitta in finale allo Us Open: nel primo turno dell\u2019Atp 500 di Pechino ha battuto 6-2, 6-2 il croato Marin Cilic.<\/p>\n<p>Il primo pensiero, dopo la <b>vittoria mondiale<\/b>, \u00e8 stato per Pippo, come ai Giochi di Parigi. C\u2019era Filippo Mondelli nell\u2019equipaggio del <b>quattro con maschile<\/b> che vinse l\u2019ultimo oro mondiale a Plovdiv 2018, c\u2019era idealmente anche ieri ai Mondiali di canottaggio di Shanghai con Luca Rambaldi, Andrea Panizza, Giacomo Gentili e Luca Chiumento, tutti atleti delle Fiamme Gialle, che hanno fatto il bis a distanza di 7 anni e a 4 dalla scomparsa di Mondelli colpito da un osteosarcoma: a lui hanno dedicato la <b>medaglia d\u2019oro<\/b>.<\/p>\n<p>In Coppa Italia, il <b>Torino<\/b> ha battuto il Pisa per 1 a 0 e si \u00e8 qualificato per gli ottavi, dove trover\u00e0 la Roma.<\/p>\n<p>Da oggi a domenica torna la <b>Ryder Cup<\/b> di golf. Il team Europe tenter\u00e0 di confermare il titolo vinto a Roma due anni fa, ma gli americani faranno di tutto per non deludere il presidente-golfista Donald Trump.<\/p>\n<p><b>Da leggere<\/b><\/p>\n<p>L\u2019<a href=\"https:\/\/www.corriere.it\/native\/25_settembre_26\/direzione-u3510995368046loh.shtml\" rel=\"nofollow noopener\" target=\"_blank\">intervista<\/a> di Aldo Cazzullo al regista <b>Luca Guadagnino<\/b>, che del prossimo film dice \u00ab\u00e8 un duello tra due generazioni di narcisisti, professori e studenti, nei campus americani\u00bb.<\/p>\n<p>L\u2019<a href=\"https:\/\/www.corriere.it\/opinioni\/25_settembre_25\/i-pericoli-delle-teocrazie-politiche-22fae7ee-2d4f-419a-bca6-4297116bbxlk.shtml\" rel=\"nofollow noopener\" target=\"_blank\">intervento<\/a> di Luciano Violante \u00abI pericoli delle <b>teocrazie politiche<\/b>\u00bb.<\/p>\n<p>L\u2019<a href=\"https:\/\/www.corriere.it\/opinioni\/25_settembre_25\/ideologia-o-scienza-i-rischi-del-dilemma-cff95634-f85d-4822-8666-d8e4f86a9xlk.shtml\" rel=\"nofollow noopener\" target=\"_blank\">analisi<\/a> di Massimo Gaggi\u00a0\u00ab<b>Ideologia o scienza<\/b>: i rischi del dilemma\u00bb.<\/p>\n<p>Giuseppe Guastella e Lodovica Bulian hanno ricostruito in Il peccato di Eva l\u2019odissea giudiziaria di <b>Eva Kaili<\/b>, travolta dall\u2019inchiesta Qatargate (Kaili si \u00e8 sempre detta innocente e, a oggi, non esiste contro di lei un capo d\u2019imputazione). Il libro &#8211; presentato oggi alle 18 al Corriere in Sala Buzzati, con gli autori e la stessa Kaili \u2013 \u00e8, scrive Francesco Battistini, un processo al processo, ma anche al lobbismo e ai servizi d\u2019intelligence belgi.<\/p>\n<p>Nel podcast Giorno per giorno si parla di <b>Merz e asset russi<\/b>, <b>Sarkozy<\/b> e <b>Apple contro l\u2019Ue<\/b> con Mara Gergolet, Stefano Montefiori e Paolo Ottolina.<\/p>\n<p><b>Il Caff\u00e8 di Gramellini<br \/>Il linguaggio armato<\/b><\/p>\n<p>Giorgia Meloni ha accusato i suoi avversari di invitare gli italiani a darle dell\u2019assassina. \u00c8 convinta che il linguaggio d\u2019odio sia un flusso che scorre a senso unico: da sinistra verso destra. Ma se chiedete a Elly Schlein, vi dir\u00e0 l\u2019esatto opposto: che il linguaggio d\u2019odio scorre esclusivamente da destra verso sinistra. E come le due leader la pensano un po\u2019 tutti i partecipanti al grande derby del Noi contro Loro. Noi siamo i buoni e le vittime, mentre Loro \u2014 dal pi\u00f9 violento al pi\u00f9 mite, senza distinzioni \u2014 sono il male assoluto. <br \/>Intendiamoci, prima delle elezioni del 1948 il comunista Togliatti minacciava di prendere il democristiano De Gasperi a pedate nel sedere. Ma tutti, a cominciare da De Gasperi, sapevano riconoscere l\u2019iperbole e il linguaggio figurato. Esisteva ancora l\u2019intermediazione, che \u00e8 il tratto distintivo di una civilt\u00e0. I politici si lasciavano intervistare dai giornalisti e dialogavano con le parti sociali. Quei filtri erano creme protettive che preservavano dalle bruciature. Adesso, dalla premier in gi\u00f9, si sta tutti sotto il sole dei social a pelle nuda. Prendendo ogni frase alla lettera: quelle che si dicono e quelle che si ascoltano, spesso distrattamente. Un tempo le parole erano palline che mandavamo dall\u2019altra parte del campo aspettando che ci tornassero indietro, perch\u00e9 con l\u2019avversario si giocava. Adesso si gioca da soli e le parole sono come colpi sparati contro un muro che ce le ributta inesorabilmente in faccia. Per questo fanno pi\u00f9 male.<\/p>\n<p translate=\"no\" rcs-escape-lists=\"\" class=\"chapter-paragraph notranslate\" style=\"margin-bottom:25px;font-family: Arial, Helvetica, sans-serif; font-size: 20px; line-height: 29px;\"><b>Grazie per aver letto Prima Ora e buon venerd\u00ec<\/b><\/p>\n<p class=\"chapter-paragraph notranslate\" translate=\"no\" style=\"line-height: 29px;font-family: Arial, Helvetica, sans-serif;\">(Questa newsletter \u00e8 stata chiusa alle 3.15)<\/p>\n<\/td>\n<td\/>\n\t\t\t\t\t\t\t\t\t<\/tr>\n<\/td>\n<td\/>\n","protected":false},"excerpt":{"rendered":"Alta tensione nei cieli, scontro sulla Flotilla, altri dazi di Trump, Comey (ex capo Fbi) incriminato, Sarkozy andr\u00e0&hellip;\n","protected":false},"author":3,"featured_media":130744,"comment_status":"","ping_status":"","sticky":false,"template":"","format":"standard","meta":{"footnotes":""},"categories":[160],"tags":[14,164,165,166,7,15,11,167,12,168,161,162,163],"class_list":{"0":"post-130743","1":"post","2":"type-post","3":"status-publish","4":"format-standard","5":"has-post-thumbnail","7":"category-mondo","8":"tag-cronaca","9":"tag-dal-mondo","10":"tag-dalmondo","11":"tag-mondo","12":"tag-news","13":"tag-notizie","14":"tag-ultime-notizie","15":"tag-ultime-notizie-di-mondo","16":"tag-ultimenotizie","17":"tag-ultimenotiziedimondo","18":"tag-world","19":"tag-world-news","20":"tag-worldnews"},"share_on_mastodon":{"url":"","error":""},"_links":{"self":[{"href":"https:\/\/www.europesays.com\/it\/wp-json\/wp\/v2\/posts\/130743","targetHints":{"allow":["GET"]}}],"collection":[{"href":"https:\/\/www.europesays.com\/it\/wp-json\/wp\/v2\/posts"}],"about":[{"href":"https:\/\/www.europesays.com\/it\/wp-json\/wp\/v2\/types\/post"}],"author":[{"embeddable":true,"href":"https:\/\/www.europesays.com\/it\/wp-json\/wp\/v2\/users\/3"}],"replies":[{"embeddable":true,"href":"https:\/\/www.europesays.com\/it\/wp-json\/wp\/v2\/comments?post=130743"}],"version-history":[{"count":0,"href":"https:\/\/www.europesays.com\/it\/wp-json\/wp\/v2\/posts\/130743\/revisions"}],"wp:featuredmedia":[{"embeddable":true,"href":"https:\/\/www.europesays.com\/it\/wp-json\/wp\/v2\/media\/130744"}],"wp:attachment":[{"href":"https:\/\/www.europesays.com\/it\/wp-json\/wp\/v2\/media?parent=130743"}],"wp:term":[{"taxonomy":"category","embeddable":true,"href":"https:\/\/www.europesays.com\/it\/wp-json\/wp\/v2\/categories?post=130743"},{"taxonomy":"post_tag","embeddable":true,"href":"https:\/\/www.europesays.com\/it\/wp-json\/wp\/v2\/tags?post=130743"}],"curies":[{"name":"wp","href":"https:\/\/api.w.org\/{rel}","templated":true}]}}