{"id":130870,"date":"2025-09-26T06:39:17","date_gmt":"2025-09-26T06:39:17","guid":{"rendered":"https:\/\/www.europesays.com\/it\/130870\/"},"modified":"2025-09-26T06:39:17","modified_gmt":"2025-09-26T06:39:17","slug":"trek-checkout-sl-2026-gravel-con-doppia-sospensione","status":"publish","type":"post","link":"https:\/\/www.europesays.com\/it\/130870\/","title":{"rendered":"Trek CheckOUT SL 2026: gravel con doppia sospensione"},"content":{"rendered":"<p data-start=\"206\" data-end=\"588\"><a href=\"https:\/\/www.trekbikes.com\/it\/it_IT\/\" rel=\"nofollow noopener\" target=\"_blank\">Trek<\/a> ha presentato la nuova <strong data-start=\"234\" data-end=\"249\">CheckOUT SL<\/strong>, una bicicletta gravel con sospensioni anteriori e posteriori che si propone come soluzione polivalente per chi cerca una bici capace di affrontare qualsiasi terreno. L\u2019idea alla base del progetto \u00e8 semplice: offrire un mezzo veloce su asfalto, stabile e sicuro su sterrato e singletrack, senza sacrificare comfort o capacit\u00e0 di carico.<\/p>\n<p data-start=\"590\" data-end=\"1182\">La CheckOUT SL \u00e8 stata sviluppata attraverso un percorso progressivo. Gli ingegneri <a href=\"https:\/\/cyclinside.it\/tag\/trek\/\" rel=\"nofollow noopener\" target=\"_blank\">Trek<\/a> hanno iniziato con l\u2019analisi delle geometrie moderne, introducendo prima la sospensione anteriore e successivamente quella posteriore. Ogni passo ha reso la bici pi\u00f9 efficiente e piacevole da guidare, fino ad arrivare alla configurazione definitiva. La filosofia \u00e8 che, su una gravel rigida, il ciclista fatica a leggere il terreno e a mantenere velocit\u00e0 su fondi sconnessi, mentre con la doppia sospensione pu\u00f2 affrontare in sicurezza anche percorsi che con una bici tradizionale sarebbero al limite.<\/p>\n<p>I numeri della sospensione gravel<\/p>\n<p data-start=\"1225\" data-end=\"1662\">Secondo Trek, la sospensione totale riduce sensibilmente la fatica: i test interni hanno mostrato una diminuzione del quarantuno per cento e mezzo dell\u2019energia vibratoria trasmessa al ciclista e un miglioramento del ventitr\u00e9 per cento nella stabilit\u00e0 dello sterzo rispetto a un modello rigido. Anche la ventilazione polmonare \u00e8 risultata pi\u00f9 efficiente, con un calo del sette per cento, segno di minore affaticamento in fase di sforzo.<\/p>\n<p data-start=\"1664\" data-end=\"1922\">La nuova forcella RockShox Rudy XL, progettata appositamente per la CheckOUT SL, offre sessanta millimetri di escursione con offset da quarantotto millimetri, mentre l\u2019ammortizzatore posteriore RockShox Sidluxe fornisce cinquantacinque millimetri di corsa.<\/p>\n<p><img loading=\"lazy\" title=\"TK25_Checkout_Colorado_DR_NA_62089 \u2013 Cyclinside.it\" decoding=\"async\" class=\"aligncenter size-full wp-image-121131\" src=\"https:\/\/www.europesays.com\/it\/wp-content\/uploads\/2025\/09\/TK25_Checkout_Colorado_DR_NA_62089.jpg\" alt=\"\" width=\"1100\" height=\"734\"  \/>Geometria e componenti<\/p>\n<p data-start=\"1954\" data-end=\"2348\">La geometria \u00e8 stata ribattezzata \u201cGravel Adventure\u201d e si colloca a met\u00e0 strada tra quella di una gravel classica e di una mountain bike. Rispetto al modello Checkpoint, la nuova bici ha un reach pi\u00f9 lungo per garantire stabilit\u00e0, uno stack maggiore per una posizione pi\u00f9 comoda e un\u2019impostazione che arretra leggermente il ciclista, riducendo la fatica alla schiena nelle lunghe percorrenze.<\/p>\n<p data-start=\"2350\" data-end=\"2800\">Il manubrio GR CheckOUT introduce una soluzione inedita: forma aerodinamica sui comandi per le sezioni veloci, larghezza accentuata e flare di dodici centimetri tra hoods e drops per avere pi\u00f9 controllo nei tratti tecnici. La sezione superiore \u00e8 realizzata in materiale IsoCore a base di carbonio, pensato per assorbire urti e vibrazioni, con inclinazioni di otto gradi all\u2019indietro e quattro gradi verso il basso per favorire una postura naturale.<\/p>\n<p>                    <a href=\"https:\/\/cyclinside.it\/trek-checkout-sl-la-gravel-diventa-full-suspension-e-pensata-per-ogni-terreno\/tk25_checkout_colorado_dr_na_62240\/\" data-slb-active=\"1\" data-slb-asset=\"1167448928\" data-slb-internal=\"121132\" data-slb-group=\"121125_auto_2\" rel=\"nofollow noopener\" target=\"_blank\"><img loading=\"lazy\" decoding=\"async\" width=\"150\" height=\"150\" class=\"attachment-thumbnail size-thumbnail lazyload\" alt=\"\" title=\"TK25_Checkout_Colorado_DR_NA_62240 \u2013 Cyclinside.it\" src=\"https:\/\/www.europesays.com\/it\/wp-content\/uploads\/2025\/09\/TK25_Checkout_Colorado_DR_NA_62240-150x150.jpg\" data-  data-expand=\"700\"\/><\/a><\/p>\n<p>                    <a href=\"https:\/\/cyclinside.it\/trek-checkout-sl-la-gravel-diventa-full-suspension-e-pensata-per-ogni-terreno\/tk25_checkout_colorado_dr_na_62244\/\" data-slb-active=\"1\" data-slb-asset=\"736819388\" data-slb-internal=\"121133\" data-slb-group=\"121125_auto_2\" rel=\"nofollow noopener\" target=\"_blank\"><img loading=\"lazy\" decoding=\"async\" width=\"150\" height=\"150\" class=\"attachment-thumbnail size-thumbnail lazyload\" alt=\"\" title=\"TK25_Checkout_Colorado_DR_NA_62244 \u2013 Cyclinside.it\" src=\"https:\/\/www.europesays.com\/it\/wp-content\/uploads\/2025\/09\/TK25_Checkout_Colorado_DR_NA_62244-150x150.jpg\" data-  data-expand=\"700\"\/><\/a><br \/>\n                <br style=\"clear: both\"\/><\/p>\n<p>Capacit\u00e0 di carico e dettagli tecnici<\/p>\n<p data-start=\"2847\" data-end=\"3338\">La bici \u00e8 compatibile con coperture fino a cinquantasei millimetri, pari a due virgola due pollici, per garantire trazione e stabilit\u00e0 anche su discese sconnesse. Sono previste diverse soluzioni integrate per il trasporto: una borsa framebag sviluppata con Topo Designs, un portapacchi posteriore ammortizzato che si muove in sincronia con la sospensione evitando di trasmettere colpi al carico, e diciotto punti di fissaggio per borracce e accessori su telaio di taglia media o superiore.<\/p>\n<p data-start=\"3340\" data-end=\"3483\"><img loading=\"lazy\" title=\"TK25_Checkout_Colorado_DR_NA_62067 \u2013 Cyclinside.it\" decoding=\"async\" class=\"aligncenter size-full wp-image-121134\" src=\"https:\/\/www.europesays.com\/it\/wp-content\/uploads\/2025\/09\/TK25_Checkout_Colorado_DR_NA_62067.jpg\" alt=\"\" width=\"1100\" height=\"734\"  \/>Il reggisella telescopico \u00e8 di serie, con modelli differenti a seconda dell\u2019allestimento: TranzX sulla versione SL 5 e Reverb AXS sulla SL 7.<\/p>\n<p data-start=\"3485\" data-end=\"3742\">Il telaio \u00e8 realizzato in carbonio OCLV serie 500, leggero ma testato secondo gli standard di resistenza delle mountain bike. A protezione della struttura \u00e8 stato previsto un guscio in plastica sotto al tubo obliquo per prevenire danni da urti con pietre.<\/p>\n<p>Gamma e posizionamento<\/p>\n<p data-start=\"3774\" data-end=\"3955\">La gamma iniziale comprende due modelli: <strong data-start=\"3815\" data-end=\"3836\">CheckOUT SL 7 AXS<\/strong>, equipaggiata con trasmissione SRAM Force\/XO Mullet wireless, e <strong data-start=\"3901\" data-end=\"3918\">CheckOUT SL 5<\/strong>, con gruppo meccanico Shimano GRX.<\/p>\n<p data-start=\"3957\" data-end=\"4296\">Nella gamma Trek, la CheckOUT SL si colloca come alternativa pi\u00f9 versatile rispetto alla Checkpoint, offrendo maggiore capacit\u00e0 su terreni accidentati e pi\u00f9 comfort grazie alle sospensioni, e come soluzione pi\u00f9 veloce ed efficiente rispetto a modelli mountain bike come Procaliber e Supercal, che restano pi\u00f9 orientati all\u2019off-road puro.<\/p>\n<p>Prezzi<\/p>\n<tr>\n<td class=\"xl64\" height=\"19\">CheckOUT SL 5<\/td>\n<td class=\"xl65\">\u00a0\u00a0\u00a0\u00a0\u00a0\u00a0\u00a0\u00a0\u00a0\u00a0\u00a0\u00a0\u00a0\u00a0\u00a0\u00a0 5.129,00 euro<\/td>\n<\/tr>\n<tr>\n<td class=\"xl64\" height=\"19\">CheckOUT SL 7 AXS<\/td>\n<td class=\"xl65\">\u00a0\u00a0\u00a0\u00a0\u00a0\u00a0\u00a0\u00a0\u00a0\u00a0\u00a0\u00a0\u00a0\u00a0\u00a0\u00a0 7.179,00 euro<\/td>\n<\/tr>\n<tr>\n<td class=\"xl64\" height=\"19\">CheckOUT F\/S<\/td>\n<td class=\"xl65\">\u00a0\u00a0\u00a0\u00a0\u00a0\u00a0\u00a0\u00a0\u00a0\u00a0\u00a0\u00a0\u00a0\u00a0\u00a0\u00a0 3.069,00 euro<\/td>\n<\/tr>\n<p data-start=\"4298\" data-end=\"4498\">Ulteriori informazioni: <a href=\"https:\/\/www.trekbikes.com\/it\/it_IT\/\" rel=\"nofollow noopener\" target=\"_blank\">https:\/\/www.trekbikes.com\/it\/it_IT\/<\/a><\/p>\n","protected":false},"excerpt":{"rendered":"Trek ha presentato la nuova CheckOUT SL, una bicicletta gravel con sospensioni anteriori e posteriori che si propone&hellip;\n","protected":false},"author":3,"featured_media":130871,"comment_status":"","ping_status":"","sticky":false,"template":"","format":"standard","meta":{"footnotes":""},"categories":[1456],"tags":[85687,1824,1825,14448,85688,1537,90,89,56249,245,244,45744],"class_list":{"0":"post-130870","1":"post","2":"type-post","3":"status-publish","4":"format-standard","5":"has-post-thumbnail","7":"category-ciclismo","8":"tag-checkout-sl","9":"tag-ciclismo","10":"tag-cycling","11":"tag-gravel","12":"tag-gravel-full-suspended","13":"tag-it","14":"tag-italia","15":"tag-italy","16":"tag-novita-2026","17":"tag-sport","18":"tag-sports","19":"tag-trek"},"share_on_mastodon":{"url":"","error":""},"_links":{"self":[{"href":"https:\/\/www.europesays.com\/it\/wp-json\/wp\/v2\/posts\/130870","targetHints":{"allow":["GET"]}}],"collection":[{"href":"https:\/\/www.europesays.com\/it\/wp-json\/wp\/v2\/posts"}],"about":[{"href":"https:\/\/www.europesays.com\/it\/wp-json\/wp\/v2\/types\/post"}],"author":[{"embeddable":true,"href":"https:\/\/www.europesays.com\/it\/wp-json\/wp\/v2\/users\/3"}],"replies":[{"embeddable":true,"href":"https:\/\/www.europesays.com\/it\/wp-json\/wp\/v2\/comments?post=130870"}],"version-history":[{"count":0,"href":"https:\/\/www.europesays.com\/it\/wp-json\/wp\/v2\/posts\/130870\/revisions"}],"wp:featuredmedia":[{"embeddable":true,"href":"https:\/\/www.europesays.com\/it\/wp-json\/wp\/v2\/media\/130871"}],"wp:attachment":[{"href":"https:\/\/www.europesays.com\/it\/wp-json\/wp\/v2\/media?parent=130870"}],"wp:term":[{"taxonomy":"category","embeddable":true,"href":"https:\/\/www.europesays.com\/it\/wp-json\/wp\/v2\/categories?post=130870"},{"taxonomy":"post_tag","embeddable":true,"href":"https:\/\/www.europesays.com\/it\/wp-json\/wp\/v2\/tags?post=130870"}],"curies":[{"name":"wp","href":"https:\/\/api.w.org\/{rel}","templated":true}]}}