{"id":130913,"date":"2025-09-26T07:10:10","date_gmt":"2025-09-26T07:10:10","guid":{"rendered":"https:\/\/www.europesays.com\/it\/130913\/"},"modified":"2025-09-26T07:10:10","modified_gmt":"2025-09-26T07:10:10","slug":"lex-talento-dellarsenal-ha-sbattuto-la-testa-contro-un-muro-durante-la-partita-di-campionato","status":"publish","type":"post","link":"https:\/\/www.europesays.com\/it\/130913\/","title":{"rendered":"l&#8217;ex talento dell&#8217;Arsenal ha sbattuto la testa contro un muro durante la partita di campionato"},"content":{"rendered":"<p>&#13;<br \/>\n                               &#13;<br \/>\n                                                &#13;<br \/>\n                &#13;<\/p>\n<p><b><a href=\"https:\/\/www.leggo.it\/t\/billy-vigar\" rel=\"nofollow noopener\" target=\"_blank\">Billy Vigar<\/a><\/b>, ex calciatore dell\u2019<strong><a href=\"https:\/\/www.leggo.it\/t\/arsenal\" rel=\"nofollow noopener\" target=\"_blank\">Arsenal<\/a><\/strong>, \u00e8 <strong>morto a 21 anni <\/strong>dopo un grave trauma cranico riportato in campo durante una partita con il <strong>Chichester City<\/strong>: inutile l\u2019operazione d\u2019urgenza, grande cordoglio nel <a href=\"https:\/\/www.leggo.it\/t\/calcio\" rel=\"nofollow noopener\" target=\"_blank\">calcio<\/a> inglese.\u00a0<\/p>\n<p>&#13;<br \/>\n&#13;<br \/>\n&#13;<br \/>\n&#13;<br \/>\n&#13;<br \/>\n&#13;<br \/>\n&#13;<br \/>\n&#13;<\/p>\n<p>La <a href=\"https:\/\/www.leggo.it\/t\/tragedia\" rel=\"nofollow noopener\" target=\"_blank\">tragedia<\/a> \u00e8 avvenuta durante un match di settima divisione: Billy Vigar, attualmente era nella rosa del Chichester e si era infortunato gravemente sabato scorso: \u00e8 deceduto in ospedale dopo 5 giorni di coma. Cresciuto nei Gunners a Londra, aveva militato anche nell&#8217;Under 21 del Derby County.<\/p>\n<p>&#13;<br \/>\n&#13;<br \/>\n&#13;<br \/>\n&#13;<br \/>\nCosa \u00e8 successo in campo&#13;<br \/>\n&#13;<\/p>\n<blockquote class=\"twitter-tweet\" wp_automatic_readability=\"9.1455938697318\"><p>&#13;<\/p>\n<p dir=\"ltr\" lang=\"en\">We are devastated to hear that Billy Vigar has passed away.<\/p>\n<p>We send our heartfelt condolences to his family, friends, loved ones, and everyone at Chichester City FC at this incredibly difficult time. <a href=\"https:\/\/t.co\/KADwRz4hAz\" rel=\"nofollow\">pic.twitter.com\/KADwRz4hAz<\/a><\/p>\n<p>&#13;<br \/>\n\u2014 The FA (@FA) <a href=\"https:\/\/twitter.com\/FA\/status\/1971273765863686326?ref_src=twsrc%5Etfw\" rel=\"nofollow noopener\" target=\"_blank\">September 25, 2025<\/a><\/p><\/blockquote>\n<p>&#13;<br \/>\n&#13;<br \/>\n&#13;<br \/>\n&#13;<\/p>\n<p>Vigar aveva riportato una &#8220;<strong>grave lesione cerebrale<\/strong>&#8221; nella partita di <strong>Isthmian League<\/strong> (la settima divisione) che era in corso di svolgimento sabato sul campo del Wingate &amp; Finchley. Vigar ha <strong>sbattuto la testa contro un muro di cemento<\/strong> a bordo campo e ha perso immediatamente conoscenza. La gravit\u00e0 dell\u2019episodio era stata immediatamente percepita da tutti tanto che le due squadre avevano deciso di sospendere il match dopo appena 13\u2019.<\/p>\n<p>&#13;<br \/>\n&#13;<br \/>\n&#13;<br \/>\n&#13;<\/p>\n<blockquote class=\"twitter-tweet\" wp_automatic_readability=\"7.7184466019417\"><p>&#13;<\/p>\n<p dir=\"ltr\" lang=\"en\">It is with great sadness that Chichester City Football Club has to confirm the passing of Billy Vigar. Below is a statement from his family.<\/p>\n<p>We request that his family&#8217;s privacy is respected at this most difficult time. \ud83e\udd0d\ud83d\udda4 <a href=\"https:\/\/t.co\/Pl49bHcnBg\" rel=\"nofollow\">pic.twitter.com\/Pl49bHcnBg<\/a><\/p>\n<p>&#13;<br \/>\n\u2014 Chichester City FC (@ChiCityFC) <a href=\"https:\/\/twitter.com\/ChiCityFC\/status\/1971268585684336688?ref_src=twsrc%5Etfw\" rel=\"nofollow noopener\" target=\"_blank\">September 25, 2025<\/a><\/p><\/blockquote>\n<p>&#13;<br \/>\n&#13;<br \/>\n&#13;<br \/>\n&#13;<br \/>\n&#13;<br \/>\n&#13;<\/p>\n<p>Vigar era stato indotto in coma farmacologico, poi era stato sottoposto a un intervento chirurgico ma la lesione si \u00e8 rivelata troppo grave ed \u00e8 morto gioved\u00ec mattina. \u00abBilly era stimato e amato da tutti. La sua famiglia \u00e8 devastata dal fatto che la sua morta sia avvenuta mentre praticava lo sport che amava\u00bb, ha scritto in una nota sui social il Chichester annunciando che il prossimo match, quello interno con il Lewes, previsto sabato prossimo, \u00e8 stato rinviato per <a href=\"https:\/\/www.leggo.it\/t\/lutto\" rel=\"nofollow noopener\" target=\"_blank\">lutto<\/a>.<\/p>\n<p>                                &#13;<br \/>\n                &#13;<br \/>\n&#13;<br \/>\n                Ultimo aggiornamento: gioved\u00ec 25 settembre 2025, 22:01&#13;<br \/>\n                <br \/>&#13;<\/p>\n<p>\n&#13;<br \/>\n                  &#13;<br \/>\n                    &#13;<br \/>\n                        \u00a9 RIPRODUZIONE RISERVATA&#13;<\/p>\n<p>&#13;<\/p>\n<p>                    &#13;<br \/>\n                            <script async src=\"https:\/\/platform.twitter.com\/widgets.js\" charset=\"utf-8\"><\/script><\/p>\n","protected":false},"excerpt":{"rendered":"&#13; &#13; &#13; &#13; Billy Vigar, ex calciatore dell\u2019Arsenal, \u00e8 morto a 21 anni dopo un grave trauma&hellip;\n","protected":false},"author":3,"featured_media":130914,"comment_status":"","ping_status":"","sticky":false,"template":"","format":"standard","meta":{"footnotes":""},"categories":[1452],"tags":[5365,85537,721,1740,1537,90,89,300,1739,245,244],"class_list":{"0":"post-130913","1":"post","2":"type-post","3":"status-publish","4":"format-standard","5":"has-post-thumbnail","7":"category-calcio","8":"tag-arsenal","9":"tag-billy-vigar","10":"tag-calcio","11":"tag-football","12":"tag-it","13":"tag-italia","14":"tag-italy","15":"tag-morto","16":"tag-soccer","17":"tag-sport","18":"tag-sports"},"share_on_mastodon":{"url":"","error":""},"_links":{"self":[{"href":"https:\/\/www.europesays.com\/it\/wp-json\/wp\/v2\/posts\/130913","targetHints":{"allow":["GET"]}}],"collection":[{"href":"https:\/\/www.europesays.com\/it\/wp-json\/wp\/v2\/posts"}],"about":[{"href":"https:\/\/www.europesays.com\/it\/wp-json\/wp\/v2\/types\/post"}],"author":[{"embeddable":true,"href":"https:\/\/www.europesays.com\/it\/wp-json\/wp\/v2\/users\/3"}],"replies":[{"embeddable":true,"href":"https:\/\/www.europesays.com\/it\/wp-json\/wp\/v2\/comments?post=130913"}],"version-history":[{"count":0,"href":"https:\/\/www.europesays.com\/it\/wp-json\/wp\/v2\/posts\/130913\/revisions"}],"wp:featuredmedia":[{"embeddable":true,"href":"https:\/\/www.europesays.com\/it\/wp-json\/wp\/v2\/media\/130914"}],"wp:attachment":[{"href":"https:\/\/www.europesays.com\/it\/wp-json\/wp\/v2\/media?parent=130913"}],"wp:term":[{"taxonomy":"category","embeddable":true,"href":"https:\/\/www.europesays.com\/it\/wp-json\/wp\/v2\/categories?post=130913"},{"taxonomy":"post_tag","embeddable":true,"href":"https:\/\/www.europesays.com\/it\/wp-json\/wp\/v2\/tags?post=130913"}],"curies":[{"name":"wp","href":"https:\/\/api.w.org\/{rel}","templated":true}]}}