{"id":130939,"date":"2025-09-26T07:27:10","date_gmt":"2025-09-26T07:27:10","guid":{"rendered":"https:\/\/www.europesays.com\/it\/130939\/"},"modified":"2025-09-26T07:27:10","modified_gmt":"2025-09-26T07:27:10","slug":"bualoi-investe-le-filippine-4-morti-e-400000-sfollati","status":"publish","type":"post","link":"https:\/\/www.europesays.com\/it\/130939\/","title":{"rendered":"Bualoi investe le Filippine: 4 morti e 400\u2019000 sfollati"},"content":{"rendered":"<p>Di:\u00a0AP\/Reuters\/AFP\/EnCa\u00a0<\/p>\n<p>Un ciclone tropicale si \u00e8 abbattuto venerd\u00ec sulle isole filippine, causando almeno quattro vittime e nuovi sgomberi &#8211; stimate dalle autorit\u00e0 locali in 400\u2019000 residenti &#8211; da cittadine e villaggi soggetti a frane e inondazioni e da settimane martoriati dai tifoni.<\/p>\n<p>Bualoi &#8211; che ha perso forza dopo aver toccato terra durante la notte &#8211; \u00e8 stata l\u2019ultima di una serie di tempeste provenienti dal Pacifico che hanno minacciato l\u2019Asia. Negli scorsi giorni, il tifone Ragasa, uno dei pi\u00f9 forti degli ultimi anni, ha causato almeno 25 morti nel nord delle Filippine e a Taiwan, principalmente a causa delle inondazioni, prima di toccare terra in Cina e dissolversi sul Vietnam.<\/p>\n<p>Bualoi ha colpito la citt\u00e0 filippina di San Policarpo, nella provincia di Samar orientale, nella tarda serata di gioved\u00ec con raffiche di vento a 110 km\/h, causando interruzioni di corrente in citt\u00e0 e villaggi e provocando allagamenti e smottamenti, secondo quanto riferito dall\u2019agenzia nazionale filippina per la mitigazione dei disastri in una conferenza stampa.<\/p>\n<p>Oltre 73\u2019000 persone provenienti dalle province di Eastern Samar e Northern Samar si sono recate nei rifugi di emergenza del governo con l\u2019avvicinarsi della tempesta, hanno dichiarato i funzionari provinciali. Bualoi, chiamato localmente Opong, \u00e8 stato il quindicesimo ciclone tropicale a colpire le Filippine quest\u2019anno.<\/p>\n<p>I quattro morti si sono verificati nella provincia centrale insulare di Masbate. Tre persone sono rimaste uccise da alberi caduti, dal crollo di un muro e dalla caduta di detriti, mentre una quarta vittima \u00e8 stata colpita da un fulmine gioved\u00ec sera mentre cercava un riparo, hanno dichiarato i funzionari.<\/p>\n<p>\u201cAbbiamo bisogno di operazioni di sgombero poich\u00e9 la maggior parte delle nostre reti stradali non \u00e8 realmente percorribile per il passaggio di cibo e assistenza sanitaria\u201d, ha dichiarato il governatore di Masbate in una conferenza stampa. \u201cCi serve pure sostegno per riaprire i nostri porti il \u200b\u200bprima possibile, in modo da poter ricevere aiuti dalle diverse province\u201d.<\/p>\n","protected":false},"excerpt":{"rendered":"Di:\u00a0AP\/Reuters\/AFP\/EnCa\u00a0 Un ciclone tropicale si \u00e8 abbattuto venerd\u00ec sulle isole filippine, causando almeno quattro vittime e nuovi sgomberi&hellip;\n","protected":false},"author":3,"featured_media":130940,"comment_status":"","ping_status":"","sticky":false,"template":"","format":"standard","meta":{"footnotes":""},"categories":[1481],"tags":[2065,2066,239,2063,2064,1537,90,89,240],"class_list":{"0":"post-130939","1":"post","2":"type-post","3":"status-publish","4":"format-standard","5":"has-post-thumbnail","7":"category-assistenza-sanitaria","8":"tag-assistenza-sanitaria","9":"tag-assistenzasanitaria","10":"tag-health","11":"tag-health-care","12":"tag-healthcare","13":"tag-it","14":"tag-italia","15":"tag-italy","16":"tag-salute"},"share_on_mastodon":{"url":"","error":""},"_links":{"self":[{"href":"https:\/\/www.europesays.com\/it\/wp-json\/wp\/v2\/posts\/130939","targetHints":{"allow":["GET"]}}],"collection":[{"href":"https:\/\/www.europesays.com\/it\/wp-json\/wp\/v2\/posts"}],"about":[{"href":"https:\/\/www.europesays.com\/it\/wp-json\/wp\/v2\/types\/post"}],"author":[{"embeddable":true,"href":"https:\/\/www.europesays.com\/it\/wp-json\/wp\/v2\/users\/3"}],"replies":[{"embeddable":true,"href":"https:\/\/www.europesays.com\/it\/wp-json\/wp\/v2\/comments?post=130939"}],"version-history":[{"count":0,"href":"https:\/\/www.europesays.com\/it\/wp-json\/wp\/v2\/posts\/130939\/revisions"}],"wp:featuredmedia":[{"embeddable":true,"href":"https:\/\/www.europesays.com\/it\/wp-json\/wp\/v2\/media\/130940"}],"wp:attachment":[{"href":"https:\/\/www.europesays.com\/it\/wp-json\/wp\/v2\/media?parent=130939"}],"wp:term":[{"taxonomy":"category","embeddable":true,"href":"https:\/\/www.europesays.com\/it\/wp-json\/wp\/v2\/categories?post=130939"},{"taxonomy":"post_tag","embeddable":true,"href":"https:\/\/www.europesays.com\/it\/wp-json\/wp\/v2\/tags?post=130939"}],"curies":[{"name":"wp","href":"https:\/\/api.w.org\/{rel}","templated":true}]}}