{"id":130947,"date":"2025-09-26T07:33:09","date_gmt":"2025-09-26T07:33:09","guid":{"rendered":"https:\/\/www.europesays.com\/it\/130947\/"},"modified":"2025-09-26T07:33:09","modified_gmt":"2025-09-26T07:33:09","slug":"rwanda-2025-juniores-in-gara-di-buon-mattino-litalia-schiera-agostinacchio-capello-e-rosato","status":"publish","type":"post","link":"https:\/\/www.europesays.com\/it\/130947\/","title":{"rendered":"RWANDA 2025. JUNIORES IN GARA DI BUON MATTINO, L&#8217;ITALIA SCHIERA AGOSTINACCHIO, CAPELLO E ROSATO"},"content":{"rendered":"<p>Probabilmente<strong> la gara in linea degli juniores \u00e8 la pi\u00f9 attesa<\/strong> fra quelle giovanili dei campionati del mondo di Kigali, Rwanda. Primo perch\u00e8 \u00e8 la categoria di riferimento, secondo perch\u00e8 in gruppo ci sono i nuovi talenti che vedremo tra i professionisti gi\u00e0 dalla prossima stagione.\n            <\/p>\n<p><strong>per seguire in diretta l&#8217;intero racconto della corsa a partire dalle ore 7.50 <a href=\"https:\/\/www.tuttobiciweb.it\/live\/2025\/09\/25\/1758818651\/mondiali-ruanda-2025-diretta-corsa-juniores-live-kigali\" target=\"_blank\" rel=\"noopener nofollow\">CLICCA QUI<\/a><\/strong><\/p>\n<p>Saranno al via in 141 in rappresentanza di 71 nazioni. <strong>I chilometri sono 119,3, partenza alle ore 8 di mattina.<\/strong> Tre gli azzurri che vedremo in gruppo: <strong>Mattia Agostinacchio<\/strong> e <strong>Roberto Capell<\/strong>o che gi\u00e0 abbiamo avuto modo di conoscere e seguire alla cronometro di marted\u00ec scorso (9\u00b0 e 6\u00b0 rispettivamente). Con loro <strong>Giacomo Rosato<\/strong> 18 anni trevigiano di Asolo del Team F.lli Giorgi. Tre ottime pedine e tutte con le qualit\u00e0 necessarie per il tracciato rwandese e per puntare al podio. Siamo messi bene ma \u00e8 chiaro che anche la concorrenza gode di ottima reputazione e non star\u00e0 certo a guardare.\n            <\/p>\n<p>Fare un pronostico non \u00e8 facile. Anche perch\u00e8 i pretendenti al titolo, compresi i nostri italiani, sono almeno una ventina. Tra i pi\u00f9 pericolosi citiamo il tedesco <strong>Herzog<\/strong>, che corre con Capello nel Team Grenke Auto Eder, il francese <strong>Blanc<\/strong> (due tappe al Giro della Lunigiana), lo spagnolo <strong>Noval<\/strong> e il belga <strong>Van Kerckhove<\/strong> che invece il &#8220;Lunigiana&#8221; lo ha vinto. Un gradino sotto troviamo gli american <strong>Barry<\/strong> e <strong>Hincapie<\/strong>,\u00a0 entrambi figli d&#8217;arte e il loro connazionale Drake, il canadese <strong>Morin<\/strong>, il messicano <strong>Cisneros<\/strong> (che sia il nuovo Del Toro?), il sudafricano <strong>Johnson<\/strong> e il neoiridato della crono, l&#8217;olandese <strong>Mouris<\/strong>. Se dobbiamo considerare le sorprese vanno tenuti sotto tiro il giapponese <strong>Narita<\/strong> che da noi ha vinto la gara di Mercatale di Cortona, il britannico <strong>Hudson<\/strong>, l&#8217;austriaco <strong>Fugger<\/strong>, il polacco <strong>Jackowiak<\/strong>, il belga <strong>Claisse<\/strong>, lo sloveno <strong>Stare<\/strong> e la coppia degli svedesi composta da <strong>Reinhold<\/strong> e <strong>Wandal<\/strong>. L&#8217;ultima parola spetta ovviamente alla strada.<\/p>\n<p><strong>COSI&#8217; AL VIA<\/strong><\/p>\n<p>1 AGOSTINACCHIO Mattia ITA<br \/>2 CAPELLO Roberto ITA<br \/>3 ROSATO Giacomo ITA<\/p>\n<p>4 GANCARZ Ksawery POL<br \/>5 JACKOWIAK Jan POL<br \/>6 LYZWA Bartosz POL<br \/>7 MROZ Jan POL<\/p>\n<p>8 BENZ Benedikt GER<br \/>9 HERZOG Karl GER<br \/>10 MAUSS Moritz GER<br \/>11 WINTER Zeno Levi GER<\/p>\n<p>12 BLANC Johan FRA<br \/>13 RUESCHE Soan FRA<br \/>14 VASSAL Th\u00e9ophile FRA<\/p>\n<p>15 CLAISSE Edouard BEL<br \/>16 MICHIELSEN Thor BEL<br \/>17 VAN KERCKHOVE Seff BEL<br \/>18 VANDEN EYNDE Mats BEL<br \/>19 VERBEECK Tuur BEL<\/p>\n<p>20 CORDERO SANTOS Mario ESP<br \/>21 CUBILLAS SALVADOR ESP<br \/>22 NOVAL SUAREZ Benjamin ESP<br \/>23 URCAREGUI SANZ E\u00f1aut ESP<br \/>24 VILLATE MOME\u00d1E Ibai ESP<\/p>\n<p>25 ADAMSKI Kashus USA<br \/>26 BARRY Ashlin USA<br \/>27 DRAKE Beckam USA<br \/>28 HINCAPIE Enzo USA<br \/>29 REITZ Braden USA<\/p>\n<p>30 FUGGER Heimo AUT<br \/>31 HETTEGGER Michael AUT<br \/>32 HOFER Valentin AUT<\/p>\n<p>33 HINDS Max GBR<br \/>34 HUDSON Harry GBR<br \/>35 PEACE Matthew GBR<br \/>36 SAGE Dylan GBR<\/p>\n<p>37 DIJKMAN Daan NED<br \/>38 MOURIS Michiel NED<br \/>39 SCHOONVELDE Gijs NED<\/p>\n<p>40 GOOLD Max AUS<br \/>41 HEWES Alexander AUS<br \/>42 MEDWAY Fletcher AUS<br \/>43 STEVENSON Lucas AUS<\/p>\n<p>44 BERGERON Antoine CAN<br \/>45 LAMOTHE Hubert CAN<br \/>46 MORIN Ben CAN<br \/>47 RIGBY Monty CAN<\/p>\n<p>48 JAKOBSONS Marks LAT<br \/>49 TJUMINS Georgs LAT<\/p>\n<p>50 NOVAK Filip CZE<br \/>51 REJZEK Ji\u0159\u00ed CZE<br \/>52 ZA\u0147KA Jakub CZE<\/p>\n<p>53 SMOLYNETS Oleh UKR<\/p>\n<p>54 KUNTARI\u010c \u017dIBERT Vanja SLO<br \/>55 PETRI\u010c Bastian SLO<br \/>56 STARE Gal SLO<\/p>\n<p>57 NARITA Koshi JPN<\/p>\n<p>58 PASTVA Jakub SVK<\/p>\n<p>59 VAN DER MERWE BUL<\/p>\n<p>60 MIRBAGHERI Seyyed IRI<\/p>\n<p>61 M\u00dcLLER Gian SUI<br \/>62 SCHERTENLEIB Lo\u00efc SUI<br \/>63 STIRNIMANN Tom SUI<\/p>\n<p>64 REINHOLD Vilgot SWE<br \/>65 W\u00c4NDEL Elias SWE<\/p>\n<p>66 CALDERON PALACIO COL<br \/>67 ESTUPI\u00d1AN VARGAS COL<\/p>\n<p>68 CISNEROS DIAZ DE LEON MEX<br \/>69 LEON PARRA Jose MEX<br \/>70 MORENO GARCIA Daniel MEX<\/p>\n<p>71 LEE Wan Chun HKG<br \/>72 YIP Hon Man HKG<\/p>\n<p>73 M\u00c9NDEZ BEN\u00cdTEZ BOL<br \/>74 S\u00c1NCHEZ NAVIA Mario BOL<\/p>\n<p>75 RAMADHANA Vinsya INA<br \/>76 WIJAYA Raditia Etto INA<\/p>\n<p>77 SAKUNTAE Thanapat THA<\/p>\n<p>78 NIKA\u010cEVI\u0106 Rastko SRB<\/p>\n<p>79 AMIRI Yousuf UAE<br \/>80 THANI AL ALI Saif UAE<\/p>\n<p>81 MOTA Dimas Felipe BRA<\/p>\n<p>82 HARDY Tristan MRI<br \/>83 NDRIANAMANAMPY MRI<br \/>84 ROUILLARD Henri MRI<\/p>\n<p>85 HATALI Joseph TAN<br \/>86 MASOLI Waziri TAN<\/p>\n<p>87 LAOUNI Med Amine TUN<\/p>\n<p>88 MOISE Ntirenganya RWA<br \/>89 NKURIKIYINKA Jackson RWA<\/p>\n<p>90 GOLDSTEIN Or ISR<br \/>91 RAMON Omer ISR<\/p>\n<p>92 SOUMANA Sofiane NIG<br \/>93 Yacouba Tinni Mounkalia NIG<\/p>\n<p>94 R\u00c9V\u00c9SZ \u00c1d\u00e1m HUN<\/p>\n<p>95 ALVARADO PARRA VEN<\/p>\n<p>96 DE ARA\u00daJO Justiniano ANG<br \/>97 DE ARA\u00daJO Sergio ANG<\/p>\n<p>98 BAGAYOGO Bakary MLI<br \/>99 KONE Saibou MLI<\/p>\n<p>100 ERASMUS Alexander RSA<br \/>101 HORTER Matthew RSA<br \/>102 JOHNSON Josh RSA<\/p>\n<p>103 KIPCHIRCHIR Ian KEN<\/p>\n<p>104 MOHAMMED Frarrakhan GHA<\/p>\n<p>105 SAPAROV Muhriddin UZB<\/p>\n<p>106 CASTRO CASTRO CRC<\/p>\n<p>107 ALPHONSE Denver LCA<\/p>\n<p>108 AGUERO Santiago ARG<\/p>\n<p>109 GODONOU Cylian-Odilon BEN<br \/>110 SA\u00cfZONOU Exodus BEN<\/p>\n<p>111 ENWRIGHT JR. Keith BIZ<\/p>\n<p>112 MALVINA Trevor SEY<\/p>\n<p>113 GULWAKO Sivuyile SWZ<\/p>\n<p>114 ALI ALSAYED Saifallah EGY<\/p>\n<p>115 ASHA&#8217;AR Osama JOR<br \/>116 HAJEER Mohammad JOR<\/p>\n<p>117 KHARBOUCHI Marouane MAR<br \/>118 M&#8217;HAH Yassine MAR<\/p>\n<p>119 FALL Babacar Atta SEN<\/p>\n<p>120 MAKAROV Semen AIN<br \/>121 YAKOVLEV Matvei AIN<\/p>\n<p>122 FSEHAYE Semere ETH<\/p>\n<p>123 DEMIRCAN Muhammet TUR<br \/>124 YUZERLER Gokturk TUR<\/p>\n<p>125 CHZHAN Kirill KAZ<br \/>126 KUITENOV Murat KAZ<\/p>\n<p>127 RAVLA Prateek ZIM<\/p>\n<p>128 LOBO Micheal UGA<br \/>129 MIRO Paul UGA<\/p>\n<p>130 I\u00c9 Caizer Wilson GBS<\/p>\n<p>131 IRHAMDINE Ioussuf Soidiki COM<\/p>\n<p>133 KEITA Sorydjan GUI<\/p>\n<p>134 SUR\u00c9N Roger NAM<br \/>135 THIEL Marco NAM<\/p>\n<p>136 PROSKURYAKOV Artyom AZE<\/p>\n<p>137 EFRIEM Nahom ERI<br \/>138 TEKLEMARIAM Keven ERI<\/p>\n<p>139 Ouangraoua Mahamadi BUR<\/p>\n<p>140 HAMZIOUI Salah ALG<\/p>\n<p>141 ABU ABD ALLAH Abubaker LBA<br \/>142 ALSAEH Oddi Adel Salim LBA<\/p>\n","protected":false},"excerpt":{"rendered":"Probabilmente la gara in linea degli juniores \u00e8 la pi\u00f9 attesa fra quelle giovanili dei campionati del mondo&hellip;\n","protected":false},"author":3,"featured_media":130948,"comment_status":"","ping_status":"","sticky":false,"template":"","format":"standard","meta":{"footnotes":""},"categories":[1456],"tags":[1824,1825,1537,90,89,45247,58746,245,244],"class_list":{"0":"post-130947","1":"post","2":"type-post","3":"status-publish","4":"format-standard","5":"has-post-thumbnail","7":"category-ciclismo","8":"tag-ciclismo","9":"tag-cycling","10":"tag-it","11":"tag-italia","12":"tag-italy","13":"tag-mondiali-juniores","14":"tag-rwanda","15":"tag-sport","16":"tag-sports"},"share_on_mastodon":{"url":"","error":""},"_links":{"self":[{"href":"https:\/\/www.europesays.com\/it\/wp-json\/wp\/v2\/posts\/130947","targetHints":{"allow":["GET"]}}],"collection":[{"href":"https:\/\/www.europesays.com\/it\/wp-json\/wp\/v2\/posts"}],"about":[{"href":"https:\/\/www.europesays.com\/it\/wp-json\/wp\/v2\/types\/post"}],"author":[{"embeddable":true,"href":"https:\/\/www.europesays.com\/it\/wp-json\/wp\/v2\/users\/3"}],"replies":[{"embeddable":true,"href":"https:\/\/www.europesays.com\/it\/wp-json\/wp\/v2\/comments?post=130947"}],"version-history":[{"count":0,"href":"https:\/\/www.europesays.com\/it\/wp-json\/wp\/v2\/posts\/130947\/revisions"}],"wp:featuredmedia":[{"embeddable":true,"href":"https:\/\/www.europesays.com\/it\/wp-json\/wp\/v2\/media\/130948"}],"wp:attachment":[{"href":"https:\/\/www.europesays.com\/it\/wp-json\/wp\/v2\/media?parent=130947"}],"wp:term":[{"taxonomy":"category","embeddable":true,"href":"https:\/\/www.europesays.com\/it\/wp-json\/wp\/v2\/categories?post=130947"},{"taxonomy":"post_tag","embeddable":true,"href":"https:\/\/www.europesays.com\/it\/wp-json\/wp\/v2\/tags?post=130947"}],"curies":[{"name":"wp","href":"https:\/\/api.w.org\/{rel}","templated":true}]}}