{"id":131021,"date":"2025-09-26T08:26:09","date_gmt":"2025-09-26T08:26:09","guid":{"rendered":"https:\/\/www.europesays.com\/it\/131021\/"},"modified":"2025-09-26T08:26:09","modified_gmt":"2025-09-26T08:26:09","slug":"rugby-jesi-70-luca-faccenda-nominato-revisore-dei-conti-fir","status":"publish","type":"post","link":"https:\/\/www.europesays.com\/it\/131021\/","title":{"rendered":"Rugby Jesi 70: Luca Faccenda nominato Revisore dei Conti FIR"},"content":{"rendered":"<p>Faccenda lascia la presidenza del club per il nuovo incarico federale nazionale<\/p>\n<p>Una notizia di grande prestigio per il rugby jesino e per il suo ormai ex presidente. Il <strong>Ministro dello Sport<\/strong> ha nominato <strong>Luca Faccenda<\/strong> come <strong>Revisore dei Conti<\/strong> della <strong>Federazione Italiana Rugby (FIR)<\/strong>.<\/p>\n<p>Un incarico di alto profilo che, se da un lato onora Faccenda e il lavoro svolto in tanti anni, dall\u2019altro lo ha portato a rassegnare le dimissioni dalla guida del <strong>Rugby Jesi 70<\/strong>, Club che ha presieduto per ben <strong>13 anni<\/strong>, guidandolo come solo un \u201cbuon padre di famiglia\u201d sa fare.<\/p>\n<p>La decisione, come Faccenda stesso ha comunicato ai soci, atleti e amici del club, \u00e8 dovuta all\u2019incompatibilit\u00e0 prevista dallo Statuto federale tra il ruolo di Revisore dei Conti della FIR e la presidenza di una societ\u00e0.<\/p>\n<p>Un nuovo capitolo per Faccenda e per il Rugby Jesi 70<\/p>\n<p>\u201c\u00c8 un incarico prestigioso che mi onora e che mi permetter\u00e0 di contribuire, in un nuovo ruolo, alla crescita del rugby italiano,\u201d ha dichiarato Luca Faccenda nel suo messaggio, ringraziando per il sostegno, la fiducia e la passione condivisa in questi anni.<\/p>\n<p>Sotto la sua guida, il Rugby Jesi 70 ha percorso una lunga strada, consolidando i propri valori e la propria presenza nel panorama rugbistico. Di tante iniziative che hanno saputo valorizzare il club, si ricorda un passo importante: l\u2019ampliamento della struttura con il campo sintetico e nuovi spogliatoi.<\/p>\n<p>Le sue dimissioni, che segnano la conclusione di un\u2019era importante, avviano ora il percorso per l\u2019elezione del <strong>nuovo presidente<\/strong> del Club.<\/p>\n<p>Nonostante il cambio di ruolo, Faccenda ha voluto rassicurare l\u2019ambiente, rinnovando il suo impegno per il bene del rugby, seppur in una veste differente. La comunit\u00e0 del Rugby Jesi 70, orgogliosa della sua nomina, \u00e8 certa che sapr\u00e0 rappresentare al meglio i valori del movimento anche a livello nazionale.<\/p>\n","protected":false},"excerpt":{"rendered":"Faccenda lascia la presidenza del club per il nuovo incarico federale nazionale Una notizia di grande prestigio per&hellip;\n","protected":false},"author":3,"featured_media":131022,"comment_status":"","ping_status":"","sticky":false,"template":"","format":"standard","meta":{"footnotes":""},"categories":[1458],"tags":[25059,1537,90,89,20990,85733,1840,85734,245,244],"class_list":{"0":"post-131021","1":"post","2":"type-post","3":"status-publish","4":"format-standard","5":"has-post-thumbnail","7":"category-rugby","8":"tag-federazione-italiana-rugby","9":"tag-it","10":"tag-italia","11":"tag-italy","12":"tag-jesi","13":"tag-luca-faccenda","14":"tag-rugby","15":"tag-rugby-jesi-70","16":"tag-sport","17":"tag-sports"},"share_on_mastodon":{"url":"","error":""},"_links":{"self":[{"href":"https:\/\/www.europesays.com\/it\/wp-json\/wp\/v2\/posts\/131021","targetHints":{"allow":["GET"]}}],"collection":[{"href":"https:\/\/www.europesays.com\/it\/wp-json\/wp\/v2\/posts"}],"about":[{"href":"https:\/\/www.europesays.com\/it\/wp-json\/wp\/v2\/types\/post"}],"author":[{"embeddable":true,"href":"https:\/\/www.europesays.com\/it\/wp-json\/wp\/v2\/users\/3"}],"replies":[{"embeddable":true,"href":"https:\/\/www.europesays.com\/it\/wp-json\/wp\/v2\/comments?post=131021"}],"version-history":[{"count":0,"href":"https:\/\/www.europesays.com\/it\/wp-json\/wp\/v2\/posts\/131021\/revisions"}],"wp:featuredmedia":[{"embeddable":true,"href":"https:\/\/www.europesays.com\/it\/wp-json\/wp\/v2\/media\/131022"}],"wp:attachment":[{"href":"https:\/\/www.europesays.com\/it\/wp-json\/wp\/v2\/media?parent=131021"}],"wp:term":[{"taxonomy":"category","embeddable":true,"href":"https:\/\/www.europesays.com\/it\/wp-json\/wp\/v2\/categories?post=131021"},{"taxonomy":"post_tag","embeddable":true,"href":"https:\/\/www.europesays.com\/it\/wp-json\/wp\/v2\/tags?post=131021"}],"curies":[{"name":"wp","href":"https:\/\/api.w.org\/{rel}","templated":true}]}}