{"id":131103,"date":"2025-09-26T09:16:10","date_gmt":"2025-09-26T09:16:10","guid":{"rendered":"https:\/\/www.europesays.com\/it\/131103\/"},"modified":"2025-09-26T09:16:10","modified_gmt":"2025-09-26T09:16:10","slug":"farmacie-in-prima-linea-nel-nuovo-modello-di-assistenza-territoriale","status":"publish","type":"post","link":"https:\/\/www.europesays.com\/it\/131103\/","title":{"rendered":"Farmacie in prima linea nel nuovo modello di assistenza territoriale"},"content":{"rendered":"<p>Con l\u2019approvazione delle <strong>Linee di Indirizzo da parte della Conferenza delle Regioni<\/strong> lo scorso 9 settembre, prende forma il <strong>nuovo modello del Servizio Sanitario Nazionale, <\/strong>destinato a rivoluzionare l\u2019assistenza sul territorio.<\/p>\n<p>L\u2019obiettivo principale \u00e8 alleggerire gli ospedali, gestendo sul territorio i casi a bassa complessit\u00e0 e reindirizzando i cittadini verso strutture pi\u00f9 prossime e attrezzate. Questo nuovo approccio \u00e8 incentrato sulle <strong>Case di Comunit\u00e0<\/strong>, luoghi che rappresenteranno il punto di contatto tra il cittadino e il sistema sanitario, in una rete che include un ruolo centrale per le farmacie.<\/p>\n<p>Un modello \u201chub and spoke\u201d<\/p>\n<p>L\u2019organizzazione si baser\u00e0 su un modello <strong>\u201chub and spoke\u201d<\/strong> per garantire capillarit\u00e0 e continuit\u00e0. Le <strong>Case di Comunit\u00e0 di tipo \u201chub\u201d<\/strong> saranno presidi sanitari di riferimento, con <strong>presenza medica 24 ore su 24<\/strong>, <strong>7 giorni su 7<\/strong>, destinati a servizi pi\u00f9 complessi. A queste si collegheranno le <strong>strutture \u201cspoke\u201d<\/strong>, punti di assistenza primaria pi\u00f9 piccoli e diffusi, con <strong>medici presenti per 12 ore al giorno, 6 giorni su 7<\/strong>. Le strutture spoke saranno dedicate ad attivit\u00e0 come: visite ambulatoriali per bisogni non differibili, gestione della cronicit\u00e0 e della fragilit\u00e0 in \u00e9quipe, interventi di sanit\u00e0 pubblica e promozione della salute, primo livello di controlli diagnostici, nonch\u00e9 assistenza a turisti, studenti fuori sede e cittadini non residenti.<\/p>\n<p>Il ruolo delle farmacie in questa nuova forma di assistenza<\/p>\n<p>In questo nuovo ecosistema di assistenza territoriale, la <strong>farmacia emerge come un attore strategico e insostituibile<\/strong>. Le Case di Comunit\u00e0, infatti, dovranno essere connesse con tutti i servizi della rete, tra cui le farmacie, valorizzandone la posizione capillare sul territorio e la loro funzione di presidio di prossimit\u00e0.<\/p>\n<p>Il commento di Federfarma: un ruolo chiave e di \u201cdemoltiplicatore\u201d<\/p>\n<p>Il presidente di Federfarma, <strong>Marco Cossolo<\/strong>, ha accolto con favore questa impostazione, enfatizzando il ruolo chiave che le farmacie sono in grado di svolgere nel nuovo sistema. \u00abLe farmacie accolgono con favore questa impostazione, nella consapevolezza di <strong>poter svolgere un ruolo chiave a livello territoriale<\/strong>, considerando la capillare distribuzione della rete sul territorio. \u00c8 importante \u2013 ha sottolineato il Presidente Federfarma \u2013 che le <strong>farmacie siano collegate alle Case di Comunit\u00e0<\/strong> e, grazie all\u2019erogazione dei servizi possano <strong>fungere da demoltiplicatore<\/strong>, assorbendo una parte degli accessi alle strutture pubbliche\u00bb.<\/p>\n<p>La farmacia, grazie alla sua facile accessibilit\u00e0, potr\u00e0 <strong>contribuire a gestire una parte della domanda di assistenza<\/strong>, garantendo servizi di base e <strong>fungendo da filtro per i bisogni non complessi<\/strong>, e consentendo cos\u00ec alle Case di Comunit\u00e0 di concentrarsi sui casi pi\u00f9 specifici.<\/p>\n<p>\u00a0<\/p>\n","protected":false},"excerpt":{"rendered":"Con l\u2019approvazione delle Linee di Indirizzo da parte della Conferenza delle Regioni lo scorso 9 settembre, prende forma&hellip;\n","protected":false},"author":3,"featured_media":131104,"comment_status":"","ping_status":"","sticky":false,"template":"","format":"standard","meta":{"footnotes":""},"categories":[1481],"tags":[2065,2066,239,2063,2064,1537,90,89,240],"class_list":{"0":"post-131103","1":"post","2":"type-post","3":"status-publish","4":"format-standard","5":"has-post-thumbnail","7":"category-assistenza-sanitaria","8":"tag-assistenza-sanitaria","9":"tag-assistenzasanitaria","10":"tag-health","11":"tag-health-care","12":"tag-healthcare","13":"tag-it","14":"tag-italia","15":"tag-italy","16":"tag-salute"},"share_on_mastodon":{"url":"","error":""},"_links":{"self":[{"href":"https:\/\/www.europesays.com\/it\/wp-json\/wp\/v2\/posts\/131103","targetHints":{"allow":["GET"]}}],"collection":[{"href":"https:\/\/www.europesays.com\/it\/wp-json\/wp\/v2\/posts"}],"about":[{"href":"https:\/\/www.europesays.com\/it\/wp-json\/wp\/v2\/types\/post"}],"author":[{"embeddable":true,"href":"https:\/\/www.europesays.com\/it\/wp-json\/wp\/v2\/users\/3"}],"replies":[{"embeddable":true,"href":"https:\/\/www.europesays.com\/it\/wp-json\/wp\/v2\/comments?post=131103"}],"version-history":[{"count":0,"href":"https:\/\/www.europesays.com\/it\/wp-json\/wp\/v2\/posts\/131103\/revisions"}],"wp:featuredmedia":[{"embeddable":true,"href":"https:\/\/www.europesays.com\/it\/wp-json\/wp\/v2\/media\/131104"}],"wp:attachment":[{"href":"https:\/\/www.europesays.com\/it\/wp-json\/wp\/v2\/media?parent=131103"}],"wp:term":[{"taxonomy":"category","embeddable":true,"href":"https:\/\/www.europesays.com\/it\/wp-json\/wp\/v2\/categories?post=131103"},{"taxonomy":"post_tag","embeddable":true,"href":"https:\/\/www.europesays.com\/it\/wp-json\/wp\/v2\/tags?post=131103"}],"curies":[{"name":"wp","href":"https:\/\/api.w.org\/{rel}","templated":true}]}}