{"id":131140,"date":"2025-09-26T09:39:10","date_gmt":"2025-09-26T09:39:10","guid":{"rendered":"https:\/\/www.europesays.com\/it\/131140\/"},"modified":"2025-09-26T09:39:10","modified_gmt":"2025-09-26T09:39:10","slug":"ragusa-sequestrato-in-piazza-da-banditi-incappucciati-a-vittoria","status":"publish","type":"post","link":"https:\/\/www.europesays.com\/it\/131140\/","title":{"rendered":"Ragusa, sequestrato in piazza da banditi incappucciati a Vittoria"},"content":{"rendered":"<p>I fatti sono avvenuti ieri sera\u00a0in una piazzetta del rione Forcone di Vittoria. La vittima \u00e8 il figlio di un noto commerciante del settore ortofrutticolo della zona: i banditi prima di prelevarlo lo hanno chiamato per nome e hanno rassicurato gli altri presenti che era solo lui l&#8217;obiettivo. Ancora in corso le ricerche<\/p>\n<p>Non si hanno ancora tracce di un giovane che ieri sera,\u00a0in una piazzetta del rione Forcone di Vittoria, nel Ragusano, \u00e8 stato prelevato da sue sconosciuti a volto coperto. Un sequestro di persona mirato contro il ragazzo,\u00a0figlio di un noto commerciante del settore ortofrutticolo della zona, messo in atto da due uomini che, stando al racconto dei testimoni, parlavano in italiano con voce da adulti e che sono arrivati a bordo di una Panda nera sulla quale hanno caricato anche la vittima prima di scomparire scortati da un&#8217;altra Panda bianca.\u00a0Prima di prendere il giovane, gli autori del sequestro lo avrebbero chiamato per nome e avrebbero detto ad altri giovani presenti di non preoccuparsi perch\u00e9 era soltanto lui l&#8217;obiettivo. In corso le ricerche.<\/p>\n<p>\t\t\tCosa sappiamo<\/p>\n<p>Il sequestro \u00e8 avvenuto intorno alle 21.30 di ieri a Vittoria, grosso centro agricolo del Ragusano dove c&#8217;\u00e8 il pi\u00f9 grande mercato ortofrutticolo del Mezzogiorno d&#8217;Italia. I banditi prima di andare via hanno preso il cellulare della vittima e lo hanno lasciato sul posto a terra, probabilmente per non farsi tracciare. Le due auto, dopo il sequestro di persona, sarebbero fuggite in direzione di Pedalino. Gli investigatori hanno interrogato i presenti e visionato le immagini riprese dai sistemi di sorveglianza della zona e avviato le ricerche in un&#8217;area estesa del Ragusano. La Procura di Ragusa, contattata, non ha rilasciato alcun commento sull&#8217;accaduto.<\/p>\n<p>\t\t\tSindaco: &#8220;Pi\u00f9 forze in campo&#8221;<\/p>\n<p>Una giunta del Comune di Vittoria per chiedere un potenziamento delle forze dell&#8217;ordine \u00e8 stata convocata dal sindaco Francesco Aiello.\u00a0\u201cLo chiediamo da anni &#8211; ha detto il primo cittadino &#8211; c\u2019\u00e8 un bisogno di sicurezza e da anni lanciamo l\u2019allarme. Se un sindaco chiede aiuto ha diritto di essere ascoltato. Questo episodio ci riporta indietro nel tempo, a trent\u2019anni fa, con il sequestro del notaio Garrasi e nel dopoguerra con quello del piccolo Alfredino Fuschi. Siamo preoccupati anche per il modo in cui l\u2019episodio sarebbe avvenuto: davanti a testimoni e con le armi in pugno. Speriamo che al pi\u00f9 presto questo giovane possa essere portato in salvo e restituito alla sua famiglia\u201d.<\/p>\n<p>\t            TAG:<\/p>\n","protected":false},"excerpt":{"rendered":"I fatti sono avvenuti ieri sera\u00a0in una piazzetta del rione Forcone di Vittoria. La vittima \u00e8 il figlio&hellip;\n","protected":false},"author":3,"featured_media":131141,"comment_status":"","ping_status":"","sticky":false,"template":"","format":"standard","meta":{"footnotes":""},"categories":[79],"tags":[364,14,93,94,1537,90,89,7,15,17600,10295,11,84,91,12,85,92],"class_list":{"0":"post-131140","1":"post","2":"type-post","3":"status-publish","4":"format-standard","5":"has-post-thumbnail","7":"category-italia","8":"tag-collaboratori","9":"tag-cronaca","10":"tag-cronaca-italiana","11":"tag-cronacaitaliana","12":"tag-it","13":"tag-italia","14":"tag-italy","15":"tag-news","16":"tag-notizie","17":"tag-ragusa","18":"tag-sequestro","19":"tag-ultime-notizie","20":"tag-ultime-notizie-e-news-di-oggi","21":"tag-ultime-notizie-italia","22":"tag-ultimenotizie","23":"tag-ultimenotizieenewsdioggi","24":"tag-ultimenotizieitalia"},"share_on_mastodon":{"url":"","error":""},"_links":{"self":[{"href":"https:\/\/www.europesays.com\/it\/wp-json\/wp\/v2\/posts\/131140","targetHints":{"allow":["GET"]}}],"collection":[{"href":"https:\/\/www.europesays.com\/it\/wp-json\/wp\/v2\/posts"}],"about":[{"href":"https:\/\/www.europesays.com\/it\/wp-json\/wp\/v2\/types\/post"}],"author":[{"embeddable":true,"href":"https:\/\/www.europesays.com\/it\/wp-json\/wp\/v2\/users\/3"}],"replies":[{"embeddable":true,"href":"https:\/\/www.europesays.com\/it\/wp-json\/wp\/v2\/comments?post=131140"}],"version-history":[{"count":0,"href":"https:\/\/www.europesays.com\/it\/wp-json\/wp\/v2\/posts\/131140\/revisions"}],"wp:featuredmedia":[{"embeddable":true,"href":"https:\/\/www.europesays.com\/it\/wp-json\/wp\/v2\/media\/131141"}],"wp:attachment":[{"href":"https:\/\/www.europesays.com\/it\/wp-json\/wp\/v2\/media?parent=131140"}],"wp:term":[{"taxonomy":"category","embeddable":true,"href":"https:\/\/www.europesays.com\/it\/wp-json\/wp\/v2\/categories?post=131140"},{"taxonomy":"post_tag","embeddable":true,"href":"https:\/\/www.europesays.com\/it\/wp-json\/wp\/v2\/tags?post=131140"}],"curies":[{"name":"wp","href":"https:\/\/api.w.org\/{rel}","templated":true}]}}