{"id":131169,"date":"2025-09-26T09:58:11","date_gmt":"2025-09-26T09:58:11","guid":{"rendered":"https:\/\/www.europesays.com\/it\/131169\/"},"modified":"2025-09-26T09:58:11","modified_gmt":"2025-09-26T09:58:11","slug":"morto-il-cantante-palermitano-christian","status":"publish","type":"post","link":"https:\/\/www.europesays.com\/it\/131169\/","title":{"rendered":"Morto il cantante palermitano Christian"},"content":{"rendered":"<p>All&#8217;anagrafe fu registrato come Cristiano Gaetano Rossi, ma per chi lo seguiva era Christian. Un nome d&#8217;arte che gli sugger\u00ec Mina. Christian, cantante palermitano che sognava di fare il calciatore, \u00e8 venuto a mancare all&#8217;et\u00e0 di 82 anni. I meno giovani ricorderanno i suoi pezzi pi\u00f9 famosi, \u201cCara\u201d e \u201cDaniela\u201d su tutti. Melodie che lo portarono a essere definito la risposta italiana a Julio Iglesias, per il suo stile romantico e i modi eleganti.<\/p>\n<p>Paragoni a parte, Christian \u00e8 stato una voce simbolo della musica italiana, soprattutto negli anni Ottanta, periodo del suo maggiore successo. Nato l&#8217;8 settembre del 1943, sar\u00e0 ricordato per la sua lunga carriera e i milioni di dischi venduti. \u00c8 morto al Policlinico di Milano, dove era ricoverato per un&#8217;emorragia cerebrale.\u00a0<\/p>\n<p>In un&#8217;intervista rilasciata a inizio anno al Corriere della Sera, aveva raccontato uno dei momenti pi\u00f9 toccanti della sua vita artistica, ovvero quando cant\u00f2 per papa Giovanni Paolo II a Castelgandolfo: &#8220;Fu un regalo per lui dei ragazzi di Azione cattolica. E cant\u00f2 anche lui insieme a me&#8221;, raccont\u00f2 con emozione.<\/p>\n<p><a href=\"https:\/\/www.palermotoday.it\/blog\/amarcord1983\/festival-sanremo-palermitani-la-rappresentante-di-lista.html\" rel=\"nofollow noopener\" target=\"_blank\">Da Christian a Giuni Russo, da Francesca Alotta a Dimartino: i palermitani a Sanremo<\/a><\/p>\n<p>E nella stessa intervista rivel\u00f2 anche l&#8217;origine del suo nome d&#8217;arte, pensato dalla grande Mina. Lo sent\u00ec cantare e quando lui le disse il suo nome intero lei gli fece notare quanto fosse cacofonico e gli propose: &#8220;Che ne dici di Christian?\u201d. Il suggerimento fu accolto. E contribu\u00ec alla nascita di una carriera artistica.<\/p>\n<p>Ma non fu quello l&#8217;unico consiglio &#8220;prezioso&#8221; di cui si vantava. Ricordava spesso quella volta che incontr\u00f2 Lucio Battisti nel 1970, il quale lo esort\u00f2 a sorridere un po&#8217; meno. Ma Christian era cos\u00ec. Quando cantava faticava a nascondere la gioia di farlo. &#8220;Esageravo per l\u2019emozione, ma ero cos\u00ec felice&#8221;, raccont\u00f2 nella sua ultima intervista.<\/p>\n<p>Adesso che non c&#8217;\u00e8 pi\u00f9 in tanti ricorderanno la sua arte, ma in pochi sanno che inizi\u00f2 a esibirsi sui palchi quando fu costretto a rinunciare ai campi di calcio. S\u00ec, perch\u00e9 oltre alla musica, aveva la passione per il pallone che lo aveva spinto a militare nelle giovanili del Palermo e del Mantova, finch\u00e9 un infortunio lo obblig\u00f2 a porre fine al sogno di continuare a giocare.<\/p>\n<p>Finita una carriera ne inizi\u00f2 un&#8217;altra. S\u00ec, \u201cCara\u201d e \u201cDaniela\u201d sono i suoi pi\u00f9 grandi successi, quelli a cui tutti accostano il suo nome, ma nella sua storia canora c&#8217;\u00e8 anche la vittoria del concorso Voci Nuove di Milano e del Festivalbar 1970 nella sezione giovani con il brano \u201cFirmamento\u201d.<\/p>\n<p>Partecip\u00f2 anche a sei edizioni del festival di Sanremo senza per\u00f2 mai vincere, per lui scrissero Bruno Lauzi, Mogol e Cristiano Malgioglio. La sua voce raggiunse anche i teatri dove fu attore e cantate di musical, il suo volto fu protagonista di fotoromanzi di successo ed esord\u00ec anche nel cinema con Renzo Arbore e al fianco di Roberto Benigni.<\/p>\n<p>Il nome di Christian fu legato anche al gossip. In particolare quando nel 1986 spos\u00f2 l&#8217;ex showgirl Dora Moroni. Un matrimonio, durato 11 anni, che spesso fece discutere per le accuse di tradimenti da parte della donna.<\/p>\n","protected":false},"excerpt":{"rendered":"All&#8217;anagrafe fu registrato come Cristiano Gaetano Rossi, ma per chi lo seguiva era Christian. Un nome d&#8217;arte che&hellip;\n","protected":false},"author":3,"featured_media":131170,"comment_status":"","ping_status":"","sticky":false,"template":"","format":"standard","meta":{"footnotes":""},"categories":[1443],"tags":[5475,203,204,1537,90,89,1538,1539],"class_list":{"0":"post-131169","1":"post","2":"type-post","3":"status-publish","4":"format-standard","5":"has-post-thumbnail","7":"category-musica","8":"tag-christian","9":"tag-entertainment","10":"tag-intrattenimento","11":"tag-it","12":"tag-italia","13":"tag-italy","14":"tag-music","15":"tag-musica"},"share_on_mastodon":{"url":"","error":""},"_links":{"self":[{"href":"https:\/\/www.europesays.com\/it\/wp-json\/wp\/v2\/posts\/131169","targetHints":{"allow":["GET"]}}],"collection":[{"href":"https:\/\/www.europesays.com\/it\/wp-json\/wp\/v2\/posts"}],"about":[{"href":"https:\/\/www.europesays.com\/it\/wp-json\/wp\/v2\/types\/post"}],"author":[{"embeddable":true,"href":"https:\/\/www.europesays.com\/it\/wp-json\/wp\/v2\/users\/3"}],"replies":[{"embeddable":true,"href":"https:\/\/www.europesays.com\/it\/wp-json\/wp\/v2\/comments?post=131169"}],"version-history":[{"count":0,"href":"https:\/\/www.europesays.com\/it\/wp-json\/wp\/v2\/posts\/131169\/revisions"}],"wp:featuredmedia":[{"embeddable":true,"href":"https:\/\/www.europesays.com\/it\/wp-json\/wp\/v2\/media\/131170"}],"wp:attachment":[{"href":"https:\/\/www.europesays.com\/it\/wp-json\/wp\/v2\/media?parent=131169"}],"wp:term":[{"taxonomy":"category","embeddable":true,"href":"https:\/\/www.europesays.com\/it\/wp-json\/wp\/v2\/categories?post=131169"},{"taxonomy":"post_tag","embeddable":true,"href":"https:\/\/www.europesays.com\/it\/wp-json\/wp\/v2\/tags?post=131169"}],"curies":[{"name":"wp","href":"https:\/\/api.w.org\/{rel}","templated":true}]}}