{"id":131511,"date":"2025-09-26T13:41:10","date_gmt":"2025-09-26T13:41:10","guid":{"rendered":"https:\/\/www.europesays.com\/it\/131511\/"},"modified":"2025-09-26T13:41:10","modified_gmt":"2025-09-26T13:41:10","slug":"e-lei-a-consolarlo-hanno-trascorso-la-notte-insieme","status":"publish","type":"post","link":"https:\/\/www.europesays.com\/it\/131511\/","title":{"rendered":"\u00ab\u00c8 lei a consolarlo. Hanno trascorso la notte insieme\u00bb"},"content":{"rendered":"<p>&#13;<br \/>\n                               &#13;<br \/>\n                                                &#13;<br \/>\n                &#13;<\/p>\n<p>Non \u00e8 decisamente un momento d\u2019oro per <strong><a href=\"https:\/\/www.leggo.it\/t\/stefano-de-martino\" rel=\"nofollow noopener\" target=\"_blank\">Stefano De Martino<\/a><\/strong>. Prima il caso dei video intimi rubati, poi il furto dell\u2019orologio da 40mila euro, passando per una lite infuocata in un ristorante di Roma con <strong><a href=\"https:\/\/www.leggo.it\/t\/caroline-tronelli\" rel=\"nofollow noopener\" target=\"_blank\">Caroline Tronelli<\/a><\/strong> e il recente calo di ascolti di <strong><a href=\"https:\/\/www.leggo.it\/t\/affari-tuoi\" rel=\"nofollow noopener\" target=\"_blank\">Affari Tuoi<\/a><\/strong>. Il conduttore sembra travolto da una tempesta. Ma, tra le ombre, ecco una presenza familiare pronta a riportare un po\u2019 di luce nella sua vita: <strong><a href=\"https:\/\/www.leggo.it\/t\/gilda-ambrosio\" rel=\"nofollow noopener\" target=\"_blank\">Gilda Ambrosio<\/a><\/strong>.\u00a0\u00a0<\/p>\n<p>&#13;<br \/>\n&#13;<br \/>\n&#13;<br \/>\n&#13;<br \/>\nLa serata &#8220;speciale&#8221;&#13;<br \/>\n&#13;<\/p>\n<p>\u00ab<strong>\u00c8 lei a consolare il conduttore<\/strong>\u00bb, scrive Gente, che li ha paparazzati all\u2019uscita dell\u2019appartamento milanese di lui. Secondo il settimanale, i due si sarebbero incontrati a Milano verso le otto di sera. Una visita a sorpresa: \u00abForse lui non si aspettava l\u2019arrivo dell\u2019amica\u00bb, si legge. Ma lei si presenta quasi in contemporanea con il rider e, con un gesto premuroso, si offre persino di consegnargli la cena al posto del fattorino. \u00abPoi, sale e <strong>i due trascorrono la serata (forse la notte) insieme<\/strong>. A chiacchierare o altro, non si sa. Sicuramente a stare bene\u00bb, aggiunge il settimanale.\u00a0<\/p>\n<p>&#13;<br \/>\n&#13;<br \/>\n&#13;<br \/>\n&#13;<br \/>\nChi \u00e8 Gilda Ambrosio\u00a0&#13;<br \/>\n&#13;<\/p>\n<p>Classe 1992 e originaria di Napoli, <strong><a href=\"https:\/\/www.leggo.it\/t\/gilda-ambrosio\" rel=\"nofollow noopener\" target=\"_blank\">Gilda Ambrosio<\/a><\/strong> cresce a stretto contatto con la moda: i suoi genitori gestiscono una boutique, e da l\u00ec nasce la sua passione. Si trasferisce a Milano, dove studia, si laurea e d\u00e0 vita a un brand diventato in poco tempo un vero successo. Il suo nome \u00e8 stato spesso accostato a quello di <strong><a href=\"https:\/\/www.leggo.it\/t\/stefano-de-martino\" rel=\"nofollow noopener\" target=\"_blank\">Stefano De Martino<\/a><\/strong>, soprattutto dopo la fine del matrimonio tra il conduttore e <strong><a href=\"https:\/\/www.leggo.it\/t\/belen-rodriguez\" rel=\"nofollow noopener\" target=\"_blank\">Belen Rodriguez<\/a><\/strong>. <\/p>\n<p>Ambrosio viene spesso\u00a0indicata come \u201cex fidanzata\u201d, anche se nessuno dei due ha mai confermato ufficialmente la relazione.&#13;<br \/>\n&#13;<\/p>\n<p>Secondo i rumor, il presunto flirt risalirebbe all\u2019estate 2018, tra le spiagge di Ibiza, per poi proseguire a Milano, dove i due compaiono insieme per la prima volta in pubblico durante una sfilata di moda. Sette anni dopo, il copione\u00a0sembra ripetersi: estate 2025, vengono avvistati prima in Florida, poi a Positano, infine tra la folla di un concerto di Dua Lipa.\u00a0Tra paparazzate e sguardi complici,\u00a0\u00e8 difficile non cogliere una certa sintonia. Probabilmente \u00e8 solo una semplice amicizia. Ma una domanda sorge spontanea: cosa ne penser\u00e0 <strong><a href=\"https:\/\/www.leggo.it\/t\/caroline-tronelli\" rel=\"nofollow noopener\" target=\"_blank\">Caroline Tronelli<\/a><\/strong>?<\/p>\n<p>                                &#13;<br \/>\n                &#13;<br \/>\n&#13;<br \/>\n                Ultimo aggiornamento: venerd\u00ec 26 settembre 2025, 14:04&#13;<br \/>\n                <br \/>&#13;<br \/>\n                &#13;<br \/>\n                  &#13;<br \/>\n                    &#13;<br \/>\n                        \u00a9 RIPRODUZIONE RISERVATA&#13;<\/p>\n<p>&#13;<\/p>\n<p>                    &#13;<\/p>\n","protected":false},"excerpt":{"rendered":"&#13; &#13; &#13; &#13; Non \u00e8 decisamente un momento d\u2019oro per Stefano De Martino. Prima il caso dei&hellip;\n","protected":false},"author":3,"featured_media":131512,"comment_status":"","ping_status":"","sticky":false,"template":"","format":"standard","meta":{"footnotes":""},"categories":[174],"tags":[1765,203,85879,204,1537,90,89,1766],"class_list":{"0":"post-131511","1":"post","2":"type-post","3":"status-publish","4":"format-standard","5":"has-post-thumbnail","7":"category-intrattenimento","8":"tag-caroline-tronelli","9":"tag-entertainment","10":"tag-gilda-ambrosio","11":"tag-intrattenimento","12":"tag-it","13":"tag-italia","14":"tag-italy","15":"tag-stefano-de-martino"},"share_on_mastodon":{"url":"","error":""},"_links":{"self":[{"href":"https:\/\/www.europesays.com\/it\/wp-json\/wp\/v2\/posts\/131511","targetHints":{"allow":["GET"]}}],"collection":[{"href":"https:\/\/www.europesays.com\/it\/wp-json\/wp\/v2\/posts"}],"about":[{"href":"https:\/\/www.europesays.com\/it\/wp-json\/wp\/v2\/types\/post"}],"author":[{"embeddable":true,"href":"https:\/\/www.europesays.com\/it\/wp-json\/wp\/v2\/users\/3"}],"replies":[{"embeddable":true,"href":"https:\/\/www.europesays.com\/it\/wp-json\/wp\/v2\/comments?post=131511"}],"version-history":[{"count":0,"href":"https:\/\/www.europesays.com\/it\/wp-json\/wp\/v2\/posts\/131511\/revisions"}],"wp:featuredmedia":[{"embeddable":true,"href":"https:\/\/www.europesays.com\/it\/wp-json\/wp\/v2\/media\/131512"}],"wp:attachment":[{"href":"https:\/\/www.europesays.com\/it\/wp-json\/wp\/v2\/media?parent=131511"}],"wp:term":[{"taxonomy":"category","embeddable":true,"href":"https:\/\/www.europesays.com\/it\/wp-json\/wp\/v2\/categories?post=131511"},{"taxonomy":"post_tag","embeddable":true,"href":"https:\/\/www.europesays.com\/it\/wp-json\/wp\/v2\/tags?post=131511"}],"curies":[{"name":"wp","href":"https:\/\/api.w.org\/{rel}","templated":true}]}}