{"id":131662,"date":"2025-09-26T15:17:12","date_gmt":"2025-09-26T15:17:12","guid":{"rendered":"https:\/\/www.europesays.com\/it\/131662\/"},"modified":"2025-09-26T15:17:12","modified_gmt":"2025-09-26T15:17:12","slug":"motogp-2025-gp-del-giappone-joan-mir-4-primo-weekend-in-cui-mi-sento-piu-forte-degli-altri-motogp","status":"publish","type":"post","link":"https:\/\/www.europesays.com\/it\/131662\/","title":{"rendered":"MotoGP 2025. GP del Giappone. Joan Mir, 4\u00b0: &#8220;Primo weekend in cui mi sento pi\u00f9 forte degli altri&#8221; &#8211; MotoGP"},"content":{"rendered":"<p>\n            Venerd\u00ec incoraggiante per il campione del mondo 2020\n        <\/p>\n<p>              26 settembre 2025<\/p>\n<p><strong>Joan Mir\u00a0<\/strong>manca da un podio di MotoGP dal 2021, GP dell&#8217;Algarve. Sono quasi quattro anni. Nel 2022 un&#8217;annata difficile con Suzuki, poi il passaggio a Honda, con due annate disastrose. Quest&#8217;anno le cose vanno leggermente meglio, ma il compagno Marini e Zarco stanno facendo molto meglio del campione del mondo 2020.<\/p>\n<p>Quindi \u00e8 strano vederlo 4\u00b0 alla fine del venerd\u00ec, ma \u00e8 pur sempre ancora venerd\u00ec, per cui andiamoci cauti. Ecco cosa ha detto Mir a Sky.<\/p>\n<p>&#8220;<strong>Non \u00e8 il primo weekend che stiamo andando forte<\/strong>, ma sicuramente \u00e8 quello in cui mi sento <strong>pi\u00f9 forte degli altri<\/strong>. Sono contento per Honda che sta lavorando bene, sono contento per il team, vogliamo continuare cos\u00ec per vedere se riesco a fare un weekend normale e mettere insieme un buon risultato la domenica&#8221;.<\/p>\n<p>Ancora: &#8220;Non ho potuto fare il test di Misano per la lesione al collo, ma ho potuto fare il test privato di Barcellona la settimana prima, che mi ha aiutato a trovare un po&#8217; la strada e pezzi nuovi. Abbiamo potuto fare <strong>uno step <\/strong>che abbiamo potuto portare a Misano l&#8217;unico giorno che ho potuto girare, il venerd\u00ec. Qua non abbiamo tanta informazione, perch\u00e9 proviamo pi\u00f9 le cose che dopo Taka seleziona e dice di portare in Europa. Portiamo una moto simile a quella dell&#8217;anno scorso in termini di elettronica. <strong>Mi trovo gi\u00e0 molto vicino al 100%,<\/strong> non \u00e8 un problema per guidare, i prossimi giorni gi\u00e0 andr\u00e0 meglio&#8221;.<\/p>\n","protected":false},"excerpt":{"rendered":"Venerd\u00ec incoraggiante per il campione del mondo 2020 26 settembre 2025 Joan Mir\u00a0manca da un podio di MotoGP&hellip;\n","protected":false},"author":3,"featured_media":131663,"comment_status":"","ping_status":"","sticky":false,"template":"","format":"standard","meta":{"footnotes":""},"categories":[1455],"tags":[3004,15567,1537,90,89,14766,6069,1783,1785,1806,1784,245,244],"class_list":{"0":"post-131662","1":"post","2":"type-post","3":"status-publish","4":"format-standard","5":"has-post-thumbnail","7":"category-moto","8":"tag-3004","9":"tag-gp-del-giappone","10":"tag-it","11":"tag-italia","12":"tag-italy","13":"tag-joan-mir","14":"tag-motegi","15":"tag-moto","16":"tag-motogp","17":"tag-motomondiale","18":"tag-motorcycle","19":"tag-sport","20":"tag-sports"},"share_on_mastodon":{"url":"","error":""},"_links":{"self":[{"href":"https:\/\/www.europesays.com\/it\/wp-json\/wp\/v2\/posts\/131662","targetHints":{"allow":["GET"]}}],"collection":[{"href":"https:\/\/www.europesays.com\/it\/wp-json\/wp\/v2\/posts"}],"about":[{"href":"https:\/\/www.europesays.com\/it\/wp-json\/wp\/v2\/types\/post"}],"author":[{"embeddable":true,"href":"https:\/\/www.europesays.com\/it\/wp-json\/wp\/v2\/users\/3"}],"replies":[{"embeddable":true,"href":"https:\/\/www.europesays.com\/it\/wp-json\/wp\/v2\/comments?post=131662"}],"version-history":[{"count":0,"href":"https:\/\/www.europesays.com\/it\/wp-json\/wp\/v2\/posts\/131662\/revisions"}],"wp:featuredmedia":[{"embeddable":true,"href":"https:\/\/www.europesays.com\/it\/wp-json\/wp\/v2\/media\/131663"}],"wp:attachment":[{"href":"https:\/\/www.europesays.com\/it\/wp-json\/wp\/v2\/media?parent=131662"}],"wp:term":[{"taxonomy":"category","embeddable":true,"href":"https:\/\/www.europesays.com\/it\/wp-json\/wp\/v2\/categories?post=131662"},{"taxonomy":"post_tag","embeddable":true,"href":"https:\/\/www.europesays.com\/it\/wp-json\/wp\/v2\/tags?post=131662"}],"curies":[{"name":"wp","href":"https:\/\/api.w.org\/{rel}","templated":true}]}}