{"id":132126,"date":"2025-09-26T20:18:10","date_gmt":"2025-09-26T20:18:10","guid":{"rendered":"https:\/\/www.europesays.com\/it\/132126\/"},"modified":"2025-09-26T20:18:10","modified_gmt":"2025-09-26T20:18:10","slug":"sgarbi-la-figlia-alba-difende-il-padre-vittorio-le-accuse-di-mia-sorella-evelina-sono-completamente-fuori-misura","status":"publish","type":"post","link":"https:\/\/www.europesays.com\/it\/132126\/","title":{"rendered":"Sgarbi, la figlia Alba difende il padre Vittorio: \u00abLe accuse di mia sorella Evelina sono completamente fuori misura\u00bb"},"content":{"rendered":"<p>    di<br \/>\n    Aldo Simoni<\/p>\n<p class=\"summary-art is-line-h-12\">Evelina Sgarbi ha inoltrato al giudice civile un&#8217;istanza affinch\u00e9 sia nominato un amministratore di sostegno per il padre, convinta che non sia pi\u00f9 in grado di seguire i propri interessi. La madre di Alba: \u00abTante cose non vere su Vittorio\u00bb<\/p>\n<p class=\"chapter-paragraph\">\u00abMia sorella Evelina sta esagerando. Come fa a parlare, se non sa nemmeno come sta <a href=\"https:\/\/roma.corriere.it\/notizie\/cronaca\/25_settembre_26\/vittorio-sgarbi-un-tutore-mia-figlia-evelina-mi-offende-sto-meglio-e-sposo-sabrina-colle-25681402-3b93-4ad4-9c7a-85b3204a7xlk.shtml\" rel=\"nofollow noopener\" target=\"_blank\">nostro padre<\/a>? Veramente non la capisco\u00bb. <b>Alba Sgarbi<\/b>, 26 anni, da Tirana, dove risiede con la madre (la cantante lirica albanese <b>Kozeta<\/b>) \u00e8 un fiume in piena. La convocazione presso il <b>Tribunale di Roma<\/b> \u00e8 stata, per lei, del tutto inaspettata. Una iniziativa di <a href=\"https:\/\/roma.corriere.it\/notizie\/cronaca\/25_settembre_25\/evelina-sgarbi-e-la-richiesta-di-un-amministratore-di-sostegno-per-il-padre-vittorio-lo-faccio-per-tutelarlo-12421d17-f58f-4fff-9f1d-a2b8f057fxlk.shtml\" title=\"Evelina Sgarbi e la richiesta di un amministratore di sostegno per il padre Vittorio: \u00abLo faccio per tutelarlo\u00bb\" rel=\"nofollow noopener\" target=\"_blank\">Evelina<\/a>, che ha inoltrato al giudice civile un&#8217;istanza affinch\u00e9 sia nominato un amministratore di sostegno per il <b>padre Vittorio<\/b>, convinta che  l\u2019ex sottosegretario \u00abnon sia pi\u00f9 in grado di seguire i propri interessi\u00bb dopo la lunga malattia, per depressione, che lo ha costretto a lungo in ospedale.\u00a0<\/p>\n<p class=\"chapter-paragraph\">\u00abNon si pu\u00f2 giudicare la salute di un padre \u2013 prosegue Alba \u2013 vedendolo una sola volta, in ospedale, al Gemelli, per 5 minuti, ad aprile. Le sue accuse sono completamente fuori misura\u00bb.\u00a0    &#13;<br \/>\n&#13;<br \/>\n&#13;<br \/>\n&#13;<br \/>\n&#13;<br \/>\n&#13;<br \/>\n&#13;<br \/>\n&#13;<br \/>\n&#13;<br \/>\n&#13;<br \/>\n&#13;<br \/>\n&#13;<br \/>\n&#13;<br \/>\n&#13;<br \/>\n&#13;<br \/>\n&#13;<br \/>\n&#13;<br \/>\n&#13;<br \/>\n&#13;<br \/>\n&#13;<br \/>\n&#13;<br \/>\n&#13;<br \/>\n&#13;<br \/>\n&#13;<br \/>\n&#13;<br \/>\n&#13;<br \/>\n&#13;<br \/>\n&#13;<br \/>\n&#13;<br \/>\n&#13;<br \/>\n&#13;<br \/>\n&#13;<br \/>\n&#13;<br \/>\n&#13;<br \/>\n&#13;<br \/>\n&#13;<br \/>\n&#13;<br \/>\n&#13;<br \/>\n&#13;<br \/>\n&#13;<br \/>\n&#13;<br \/>\n&#13;<br \/>\n&#13;<br \/>\n&#13;<br \/>\n&#13;<br \/>\n&#13;<br \/>\n&#13;<br \/>\n&#13;<br \/>\n&#13;<br \/>\n&#13;<br \/>\n&#13;<br \/>\n&#13;<br \/>\n&#13;\n<\/p>\n<p class=\"chapter-paragraph\"><b>Quando ha saputo della convocazione in Tribunale, ha  chiamato Evelina?<\/b>\u00a0<br \/>\u00abNo, non le ho telefonato e nemmeno lei ha cercato me. Neppure  mi ha chiamato per sapere come stesse pap\u00e0, perch\u00e9 io ero, e sono, la pi\u00f9 informata. Sono stata pi\u00f9 di sei volte a Roma per  restare con lui. E ogni volta mi fermavo per vari giorni. Ho preso un appartamento in affitto, vicino al Gemelli, per stargli vicino pi\u00f9 tempo possibile\u00bb.\u00a0<\/p>\n<p class=\"chapter-paragraph\"><b><a href=\"https:\/\/roma.corriere.it\/notizie\/cronaca\/25_settembre_25\/vittorio-sgarbi-intervista-figlia-evelina-9099a71d-2b73-41b7-b31b-7793718a7xlk.shtml\" title=\"Vittorio Sgarbi sulla figlia Evelina: \u00abIo incapace? Niente di pi\u00f9 falso, sto meglio. La mantengo io, vuole pi\u00f9 di quanto le ho dato\u00bb\" rel=\"nofollow noopener\" target=\"_blank\">Suo padre <\/a>ha appena annunciato che sposer\u00e0 Sabrina Colle, l\u2019attrice e modella, di 52 anni,  che dal 1998  gli \u00e8 vicino.<\/b>\u00a0<br \/>\u00abSi, e ne sono contenta. Anzi, doveva sposarla prima. Sabrina \u00e8 stata con lui giorno e notte in ospedale. Non l\u2019ha mai lasciato in tutti questi mesi. Ed era proprio pap\u00e0 che la cercava, che la voleva al suo fianco in ogni istante. Non hanno certo deciso gli altri per lui\u00bb.\u00a0<\/p>\n<p class=\"chapter-paragraph\"><b>Da quando non sente suo padre?\u00a0<\/b><br \/>\u00abLo sento spessissimo. Sono in continuo contatto con lui. Non \u00e8 vero che non risponde al telefono, perch\u00e9 noi ci sentiamo regolarmente, cos\u00ec come risponde agli amici. Ecco perch\u00e9 posso affermare che oggi sta molto meglio rispetto a qualche mese addietro\u00bb.\u00a0<\/p>\n<p class=\"chapter-paragraph\"><b>Da quando non lo vede?\u00a0<\/b><br \/>\u00abDa due mesi. Non sono potuta tornare prima perch\u00e9, recentemente, \u00e8 morta mia nonna (la madre di Kozeta) che mi ha cresciuto, qui in Albania\u00bb.\u00a0<\/p>\n<p class=\"chapter-paragraph\"><b>Dunque vive stabilmente a Tirana?\u00a0<\/b><br \/>\u00abSono rientrata perch\u00e9 ho appena finito un master a Oxford in Comunicazione, ed ora vivo tra l\u2019Italia e l\u2019Albania\u00bb.\u00a0<\/p>\n<p class=\"chapter-paragraph\"><b>Il 28 ottobre, in Tribunale, a Roma, ci sar\u00e0?<\/b>\u00a0<br \/>\u00abCerto. Sar\u00e0 l\u2019occasione per comunicare di pi\u00f9 sia tra di noi che con pap\u00e0. Spero in un accordo\u00bb.\u00a0<\/p>\n<p class=\"chapter-paragraph\"><b>Per\u00f2 suo padre dice che <a href=\"\">Evelina<\/a> lo ha trascinato in Tribunale perch\u00e9 \u00e8 esosa, perch\u00e9 non le basta quello che ha.<\/b>\u00a0<br \/>\u00abDevo dire che pap\u00e0 ha sempre sostenuto, noi figli, regolarmente. E\u2019 un padre molto affettuoso che ci ha seguito anche da lontano. Ci ha sostenuto ed aiutato in ogni momento, in base alle esigenze di ognuno di noi. A me ha dato un po&#8217; di meno perch\u00e9, qui in Albania,  le spese  sono pi\u00f9 basse che in Italia. Ma ogni mese, puntualmente, ci versa il mantenimento\u00bb.\u00a0<\/p>\n<p class=\"chapter-paragraph\"><b>Ma allora perch\u00e9 Evelina ha intrapreso la strada del Tribunale?<\/b>\u00a0<br \/>\u00abCredo che abbia sub\u00ecto pressioni esterne\u00bb.\u00a0<\/p>\n<p class=\"chapter-paragraph\"><b>E di questo ne \u00e8 convinta anche Kozeta (madre di Alba) che aggiunge:<\/b> \u00abVittorio ha avuto una vita straordinaria, con tanti amici. Ma anche con tanti nemici. Sono state dette, su di lui, tante cose non vere, infamanti. La depressione ne \u00e8 stata una diretta conseguenza\u00bb.\u00a0<\/p>\n<p class=\"chapter-paragraph\"><b>Kozeta (\u201cCosetta\u201d la chiama  lui) \u00e8 rimasta in ottimi rapporti con Vittorio.<\/b> \u00abQuando l\u2019ho visto in ospedale, era magrissimo. Mangiava poco o nulla. Oggi \u00e8 rinato\u00bb.\u00a0<\/p>\n<p class=\"chapter-paragraph\"><b>Su di lei, sono state scritte parole infelici, che \u00e8 andata a letto con Vittorio perch\u00e9 suo marito era impotente.\u00a0<\/b><br \/>\u00abSi, le ho lette. E sono tutte falsit\u00e0. Io ho conosciuto Vittorio alla fine di un mio concerto nell\u2019aula di Montecitorio. Me ne innamorai subito. Poi, in Albania, io e mio marito fummo coinvolti in un drammatico incidente stradale e lui fin\u00ec in rianimazione. E\u2019 stato in coma per un anno, poi \u00e8 morto. Tra l\u2019altro mio marito aveva gi\u00e0 un figlio con una sua precedente compagna. Quindi, come vede, ho letto solo cose infamanti\u00bb.\u00a0<\/p>\n<p class=\"chapter-paragraph\">Strano destino quello di Sgarbi, il critico d\u2019arte pi\u00f9 famoso d\u2019Italia. L\u2019uomo che per decenni ha sfidato tutto e tutti, che ha tuonato contro colleghi, politici, giudici, oggi si trova a gestire un rapporto familiare lacerato e, al tempo stesso, a  difendere la propria autonomia. Nella speranza che non intervenga un amministratore di sostegno. Lo decider\u00e0 il giudice il 28 ottobre.<\/p>\n<p class=\"is-mr-t-20 is-mr-b-20\"><b><br \/>\n                    <a href=\"https:\/\/roma.corriere.it\/?intcmp=Notizielocali_nd_010623_corriere_ss_roma\" target=\"_blank\" rel=\"nofollow noopener\">Vai a tutte le notizie di Roma<\/a><br \/>\n            <\/b><\/p>\n<p class=\"chapter-paragraph\"><b><a href=\"https:\/\/www.corriere.it\/newsletter\/?theme=52&amp;intcmp=NL-artic_nd_050624_corriere_ss_roma\" target=\"_blank\" rel=\"nofollow noopener\">Iscriviti alla newsletter di Corriere Roma<\/a><\/b><\/p>\n<p class=\"is-last-update\" datetime=\"2025-09-26T18:38:58+02:00\">26 settembre 2025 ( modifica il 26 settembre 2025 | 18:38)<\/p>\n<p class=\"is-copyright\">\n            \u00a9 RIPRODUZIONE RISERVATA\n        <\/p>\n","protected":false},"excerpt":{"rendered":"di Aldo Simoni Evelina Sgarbi ha inoltrato al giudice civile un&#8217;istanza affinch\u00e9 sia nominato un amministratore di sostegno&hellip;\n","protected":false},"author":3,"featured_media":132127,"comment_status":"","ping_status":"","sticky":false,"template":"","format":"standard","meta":{"footnotes":""},"categories":[1451],"tags":[509,7953,86046,86047,8714,23729,1266,6964,86045,86048,2201,1621,1620,714,425,86049,86050,1073,86051,49494,38157,122,86052,2144,203,86043,11463,2449,86053,86054,4941,86055,86056,86057,86058,86059,86060,6501,204,26175,86061,86062,1537,90,89,86044,4045,7242,812,3608,690,987,48351,6313,3892,10023],"class_list":{"0":"post-132126","1":"post","2":"type-post","3":"status-publish","4":"format-standard","5":"has-post-thumbnail","7":"category-celebrita","8":"tag-accuse","9":"tag-affinche","10":"tag-affinche-nominato","11":"tag-affinche-nominato-amministratore","12":"tag-alba","13":"tag-albania","14":"tag-amici","15":"tag-amministratore","16":"tag-amministratore-sostegno","17":"tag-amministratore-sostegno-padre","18":"tag-appena","19":"tag-celebrita","20":"tag-celebrities","21":"tag-chiamato","22":"tag-civile","23":"tag-civile-istanza","24":"tag-civile-istanza-affinche","25":"tag-completamente","26":"tag-completamente-misura","27":"tag-convinta","28":"tag-convocazione","29":"tag-cose","30":"tag-cose-vere","31":"tag-depressione","32":"tag-entertainment","33":"tag-evelina","34":"tag-gemelli","35":"tag-giudice","36":"tag-giudice-civile","37":"tag-giudice-civile-istanza","38":"tag-grado","39":"tag-grado-seguire","40":"tag-grado-seguire-propri","41":"tag-infamanti","42":"tag-inoltrato","43":"tag-inoltrato-giudice","44":"tag-inoltrato-giudice-civile","45":"tag-interessi","46":"tag-intrattenimento","47":"tag-istanza","48":"tag-istanza-affinche","49":"tag-istanza-affinche-nominato","50":"tag-it","51":"tag-italia","52":"tag-italy","53":"tag-kozeta","54":"tag-madre","55":"tag-marito","56":"tag-ospedale","57":"tag-padre","58":"tag-papa","59":"tag-roma","60":"tag-sgarbi","61":"tag-sostegno","62":"tag-tribunale","63":"tag-vittorio"},"share_on_mastodon":{"url":"","error":""},"_links":{"self":[{"href":"https:\/\/www.europesays.com\/it\/wp-json\/wp\/v2\/posts\/132126","targetHints":{"allow":["GET"]}}],"collection":[{"href":"https:\/\/www.europesays.com\/it\/wp-json\/wp\/v2\/posts"}],"about":[{"href":"https:\/\/www.europesays.com\/it\/wp-json\/wp\/v2\/types\/post"}],"author":[{"embeddable":true,"href":"https:\/\/www.europesays.com\/it\/wp-json\/wp\/v2\/users\/3"}],"replies":[{"embeddable":true,"href":"https:\/\/www.europesays.com\/it\/wp-json\/wp\/v2\/comments?post=132126"}],"version-history":[{"count":0,"href":"https:\/\/www.europesays.com\/it\/wp-json\/wp\/v2\/posts\/132126\/revisions"}],"wp:featuredmedia":[{"embeddable":true,"href":"https:\/\/www.europesays.com\/it\/wp-json\/wp\/v2\/media\/132127"}],"wp:attachment":[{"href":"https:\/\/www.europesays.com\/it\/wp-json\/wp\/v2\/media?parent=132126"}],"wp:term":[{"taxonomy":"category","embeddable":true,"href":"https:\/\/www.europesays.com\/it\/wp-json\/wp\/v2\/categories?post=132126"},{"taxonomy":"post_tag","embeddable":true,"href":"https:\/\/www.europesays.com\/it\/wp-json\/wp\/v2\/tags?post=132126"}],"curies":[{"name":"wp","href":"https:\/\/api.w.org\/{rel}","templated":true}]}}