{"id":132177,"date":"2025-09-26T20:53:10","date_gmt":"2025-09-26T20:53:10","guid":{"rendered":"https:\/\/www.europesays.com\/it\/132177\/"},"modified":"2025-09-26T20:53:10","modified_gmt":"2025-09-26T20:53:10","slug":"la-morte-di-claudia-cardinale-quel-video-incriminato-di-belen-e-gli-altri-gossip-da-leggere-nel-weekend","status":"publish","type":"post","link":"https:\/\/www.europesays.com\/it\/132177\/","title":{"rendered":"La morte di Claudia Cardinale, quel video &#8216;incriminato&#8217; di Belen e gli altri gossip da leggere nel weekend"},"content":{"rendered":"<p>&#13;<br \/>\n      &#13;<br \/>\n&#13;<br \/>\n       &#13;<br \/>\n      &#13;<br \/>\n      &#13;<br \/>\n        &#13;<br \/>\n        &#13;<br \/>\n&#13;<br \/>\n&#13;<br \/>\n&#13;<br \/>\nCondividi  &#13;<br \/>\n    &#13;<br \/>\n  &#13;<br \/>\n        &#13;<br \/>\n              &#13;<br \/>\n      &#13;<br \/>\n      &#13;<br \/>\n&#13;<br \/>\n      &#13;<br \/>\n      &#13;<br \/>\n       &#13;<br \/>\n       &#13;<\/p>\n<p>Care lettrici e cari lettori, ben ritrovati! Settembre sta per salutarci e, con lui, l\u2019aria di \u201cnuovo inizio\u201d che accompagna ogni rientro (in questo caso dalle ferie che appaiono ormai un lontano ricordo). \u00a0<\/p>\n<p>Per alleggerire questo ultimo weekend del mese, torna puntuale \u201c<a href=\"https:\/\/www.today.it\/tag\/fatti-loro\/\" rel=\"nofollow noopener\" target=\"_blank\">Fatti Loro<\/a>\u201d, la nostra rubrica settimanale ad alto tasso di gossip. Un piccolo rifugio (rigorosamente senza sensi di colpa) dove crogiolarsi nei pensieri &#8211; e nei guai &#8211; degli altri, dimenticandosi per un attimo dei propri. Anche questa settimana abbiamo raccolto per voi i pettegolezzi pi\u00f9 frizzanti e i retroscena pi\u00f9 chiacchierati degli ultimi giorni. Pronti a curiosare, miei cari gossip addicted?<\/p>\n<p>Prima di tuffarci nei pettegolezzi, \u00e8 doveroso ricordare due tristi notizie che hanno colpito il mondo della cultura e dello spettacolo.<\/p>\n<p>A <a href=\"https:\/\/www.today.it\/vision\/cinema\/claudia-cardinale-malattia.html\" rel=\"nofollow noopener\" target=\"_blank\">87 anni<\/a> \u00e8 morta la grande attrice e diva <a href=\"https:\/\/www.today.it\/vision\/cinema\/morta-claudia-cardinale.html\" rel=\"nofollow noopener\" target=\"_blank\">Claudia Cardinale<\/a>. Lei, indimenticabile in di 8 1\/2 e Il Gattopardo, se n\u2019\u00e8 andata circondata dall\u2019affetto dei <a href=\"https:\/\/www.today.it\/vision\/cinema\/claudia-cardinale-figli-marito.html\" rel=\"nofollow noopener\" target=\"_blank\">suoi figli e della sua famiglia<\/a> nella sua bellissima villa alle porte di Parigi. A raccontare gli ultimi anni dell\u2019attrice \u00e8 stata la figlia, Claudia Squitieri, che al Corriere della Sera ha condiviso un ricordo affettuoso del loro rifugio: \u201cDopo anni di vita parigina trascorsa in appartamenti, qui abbiamo in qualche modo ricreato la grande casa italiana in cui mia madre ha vissuto la maggior parte della sua vita, alle porte di Roma\u201d. Una vita intensa, la sua, segnata da una bellezza magnetica e da un talento che l\u2019hanno resa un\u2019icona senza tempo.<\/p>\n<p>Anche il mondo della musica piange. \u00c8 morto a 82 anni <a href=\"https:\/\/www.today.it\/vision\/morto-christian-cantante.html\" rel=\"nofollow noopener\" target=\"_blank\">Christian<\/a>, cantante di due successi intramontabili della canzone italiana: Cara e Daniela. Era ricoverato da tempo al Policlinico di Milano.<\/p>\n<p>Pippo Baudo innamorato di Lorella Cuccarini (e le verit\u00e0 di Magalli)<\/p>\n<p>Dalla scomparsa di Pippo Baudo, avvenuta il 16 agosto, si susseguono dichiarazioni e rivelazioni mai emerse prima. Non potevano mancare le polemiche: Katia Ricciarelli, sua ultima moglie, ha pi\u00f9 volte parlato di Dina Minna, l\u2019assistente e segretaria che ha affiancato Baudo per 39 anni fino alla sua morte.<\/p>\n<p>Ricciarelli non ha usato parole di stima nei confronti di Dina, e le sue affermazioni hanno portato anche a una diffida. Oltre a queste dichiarazioni, a far discutere nelle ultime ore sono state quelle di Giancarlo Magalli, che ha svelato il <a href=\"https:\/\/www.today.it\/gossip\/vip\/magalli-ricciarelli-verita-baudo.html\" rel=\"nofollow noopener\" target=\"_blank\">vero motivo del divorzio tra la cantante e Baudo<\/a>, attribuendolo al vizio del gioco di Katia.<\/p>\n<p>E quelle di Fiorella Mari, grande amica di Baudo, che al settimanale Gente ha deciso di confessarsi. Peccato che non fosse in chiesa. L\u2019attrice, oggi 83enne, ha rivelato che lei e Baudo, da giovani, avrebbero dovuto sposarsi e che lei era profondamente innamorata di lui. Tuttavia, Baudo era gi\u00e0 focalizzato sulla sua carriera televisiva, e cos\u00ec il sogno di nozze di Mari svan\u00ec.<\/p>\n<p>Ancora pi\u00f9 sorprendenti sono per\u00f2 le dichiarazioni <a href=\"https:\/\/www.today.it\/gossip\/vip\/pippo-baudo-lorella-cuccarini-amore.html\" rel=\"nofollow noopener\" target=\"_blank\">sull\u2019innamoramento di Baudo per Lorella Cuccarini<\/a>. Ballerina, attrice, cantante e oggi insegnante di \u201cAmici\u201d, Cuccarini fu lanciata nel mondo della televisione proprio da Baudo. I due mantennero sempre un rapporto di grande affetto, ma Mari ha rivelato che agli inizi Baudo \u201cperse la testa per Lorella Cuccarini, allora ventenne. Non credo che Pippo sia riuscito a conquistarla ma, a un certo punto, consapevole delle diversit\u00e0 di et\u00e0 e di mondi che li divideva, si tir\u00f2 indietro. Senza, per\u00f2, smettere, da vero gentiluomo, di valorizzare il talento di Lorella\u201d.<\/p>\n<p><a href=\"https:\/\/www.today.it\/gossip\/vip\/pippo-baudo-lorella-cuccarini-amore.html\" target=\"_blank\" rel=\"nofollow noopener\">&#8220;Con Pippo Baudo ci dovevamo sposare. Per Lorella Cuccarini perse la testa, la am\u00f2 per\u00f2&#8230;&#8221;<\/a><a href=\"https:\/\/www.today.it\/gossip\/vip\/magalli-ricciarelli-verita-baudo.html\" target=\"_blank\" rel=\"nofollow noopener\">&#8220;Andava a giocare ai casin\u00f2. Quando Pippo era in ospedale non c&#8217;era&#8221;. Magalli durissimo contro Katia Ricciarelli, la verit\u00e0 dietro al divorzio<\/a>\u00a0Chiara Ferragni a processo<\/p>\n<p>Proprio nella settimana della prima udienza del processo per truffa che vede coinvolta Chiara Ferragni e altri imputati, emergono nuovi e pesanti dettagli sulle aziende dell\u2019imprenditrice milanese. Secondo quanto riportato da Open, dall\u2019inizio dell\u2019affaire legato al pandoro l\u2019azienda Chiara Ferragni avrebbe ridotto drasticamente il personale, licenziando il 78% dei dipendenti: <a href=\"https:\/\/www.today.it\/gossip\/vip\/chiara-ferragni-licenzia-dipendenti.html\" rel=\"nofollow noopener\" target=\"_blank\">passando da 27 a soli 6 impiegati<\/a>.<\/p>\n<p>Settembre si sta rivelando un mese particolarmente turbolento per Ferragni, che nel frattempo ha lanciato un nuovo progetto commerciale in cui il celebre logo del suo brand, il famoso occhio, non \u00e8 pi\u00f9 visibile\u2026. Anzi, \u00e8 completamente assente. Una mossa strategica, forse indispensabile, per rendere il suo nome meno riconoscibile e tentare cos\u00ec di limitare i danni legati all\u2019accusa di truffa, con l\u2019obiettivo di salvaguardare e massimizzare le vendite. Speriamo che questa mossa strizzi l\u2019occhiolino alle sue finanze.<\/p>\n<p>Ma non \u00e8 tutto: questa settimana, nel tribunale di Milano, si \u00e8 svolta un\u2019udienza pre-dibattimentale a porte chiuse, rinviata al 4 novembre. In quell\u2019occasione sar\u00e0 deciso se ammettere le parti civili, tra cui compare anche una signora di 70 anni che aveva comprato il pandoro e che <a href=\"https:\/\/www.today.it\/gossip\/vip\/rinviato-processo-ferragni-risarcimento.html\" rel=\"nofollow noopener\" target=\"_blank\">chiede 500 euro di risarcimento<\/a>.<\/p>\n<p><a href=\"https:\/\/www.today.it\/gossip\/vip\/rinviato-processo-ferragni-risarcimento.html\" target=\"_blank\" rel=\"nofollow noopener\">Processo Ferragni rinviato: lei non si presenta, una 70enne le chiede un risarcimento<\/a>\u00a0<a href=\"https:\/\/www.today.it\/gossip\/vip\/chiara-ferragni-licenzia-dipendenti.html\" target=\"_blank\" rel=\"nofollow noopener\">Chiara Ferragni ha licenziato il 78% dei dipendenti<\/a>\u00a0Tonon senza filtri<\/p>\n<p>Raffaello Tonon, ex concorrente del Gf e opinionista, si \u00e8 sfogato sui social. Dopo l&#8217;annuncio di un <a href=\"https:\/\/www.today.it\/gossip\/vip\/onestini-tonon-teatro-titolo-opera.html\" rel=\"nofollow noopener\" target=\"_blank\">tour teatrale con il suo caro amico Luca Onestin<\/a>, \u00e8 stato sommerso dalle critiche. Il motivo? La sua forma fisica diversa da quella di alcuni anni fa. &#8220;<a href=\"https:\/\/www.today.it\/gossip\/vip\/raffaello-tonon.html\" rel=\"nofollow noopener\" target=\"_blank\">Cosa \u00e8 successo a Tonon?<\/a> Il Tonon odierno ha mangiato anche il vecchio Tonon&#8221;, cos\u00ec \u00e8 iniziato il suo lungo post su Instagram.<\/p>\n<p>Tonon rivela di aver subito alcuni colpi bassi, di essere stato deluso, &#8220;Mi \u00e8 capitato di cadere a causa degli spintoni altrui, rendendo tutto pi\u00f9 doloroso&#8221;. E dunque si approccia alla vita diversamente: &#8220;Non mi importa nulla di \u2018tenermi\u2019, di \u2018stare attento\u2019, lo faccio gi\u00e0 quando attraverso la strada, non mi interessa pi\u00f9, non ne ho voglia. Alla mia et\u00e0 mi permetto il lusso di non privarmi di nulla, fottendomene della pressione degli zuccheri degli esami&#8221;.<\/p>\n<p>Un cambio vita radicale: \u201cPer me, da qualche anno \u00e8 finita la magia tossica del piacere di sedurre, non sono pi\u00f9 schiavo del sesso e dell\u2019amore e quindi nemmeno della bellezza e della bilancia. Piuttosto che offrire cene inutili, compro chantilly, profiterol, pavlova e bei libri. Ecco cosa \u00e8 successo\u201d.<\/p>\n<p><a href=\"https:\/\/www.today.it\/gossip\/vip\/raffaello-tonon.html\" target=\"_blank\" rel=\"nofollow noopener\">Raffaello Tonon &#8216;irriconoscibile&#8217;, parla lui: &#8220;Anni difficili. Non mi interessano pi\u00f9 sesso e amore, neanche essere magro&#8221;<\/a>\u00a0Belen, il video e la lite con Cecilia (e Ignazio)<\/p>\n<p>Mentre Belen Rodriguez e sua sorella Cecilia hanno finalmente fatto pace, continua a suscitare curiosit\u00e0 ci\u00f2 che \u00e8 davvero accaduto tra di loro. Per mesi non si sarebbero viste e, si dice, che non si sarebbero neanche parlate. Cecilia \u00e8 incinta, tra poco nascer\u00e0 la sua prima figlia, e questa lontananza ha fatto s\u00ec che Belen si sia persa quasi tutta la gravidanza della sorella. Un comportamento insolito per due sorelle sempre cos\u00ec unite. Adesso sembrerebbero aver fatto pace, ma una domanda ancora aleggia sopra il loro rapporto.<\/p>\n<p><a href=\"https:\/\/www.today.it\/gossip\/vip\/belen-andrea-damante-video.html\" rel=\"nofollow noopener\" target=\"_blank\">Qual \u00e8 stata la causa della loro lite? <\/a>Tra le tante ipotesi circolate, ce n\u2019\u00e8 una che torna con insistenza: secondo il giornalista Gabriele Parpiglia, che aveva gi\u00e0 accennato all\u2019accaduto mesi fa, tutto sarebbe nato da una serata in discoteca durante la quale Belen avrebbe ballato in modo ammiccante guardando verso Andrea Damante (che in quel momento era in consolle), ex amico di Ignazio Moser e attuale fidanzato di Elisa Visari. Questo gesto, <a href=\"https:\/\/www.today.it\/gossip\/vip\/belen-andrea-damante-video.html\" rel=\"nofollow noopener\" target=\"_blank\">di cui c&#8217;\u00e8 anche un video<\/a>, avrebbe fatto infuriare Ignazio, Cecilia e ovviamente anche Elisa.<\/p>\n<p>Che questa sia la verit\u00e0 o meno, poco importa ormai: la \u201ctelenovelas\u201d familiare sembra aver trovato un finale, con le due sorelle finalmente riappacificate, mentre il rapporto tra i cognati resta congelato, per rispetto e tutela di Cecilia.<\/p>\n<p><a href=\"https:\/\/www.today.it\/gossip\/vip\/belen-andrea-damante-video.html\" target=\"_blank\" rel=\"nofollow noopener\">C&#8217;\u00e8 un video di Bel\u00e9n con Damante dietro al litigio con Cecilia e Ignazio. La reazione di Stefano e cosa c&#8217;entra Tony Effe<\/a>\u00a0<a href=\"https:\/\/www.today.it\/gossip\/vip\/belen-ignazio-lite-cecilia-verita.html\" target=\"_blank\" rel=\"nofollow noopener\">Pace tra Cecilia e Belen, ma con Ignazio i rapporti restano tesi: la verit\u00e0 dopo la lite<\/a>\u00a0<a href=\"https:\/\/www.today.it\/gossip\/vip\/belen-rodriguez-lite-figlia-luna.html\" target=\"_blank\" rel=\"nofollow noopener\">La sfuriata di Bel\u00e9n in strada (con Luna Mar\u00ec): &#8220;State lontani dalla mia bambina&#8221;. Cos&#8217;\u00e8 accaduto<\/a>I gossippini<\/p>\n<p><strong>Minacce di morte<\/strong><\/p>\n<p>Simona Ventura, che da luned\u00ec sar\u00e0 alla guida della nuova edizione del Grande Fratello Nip, e il marito Giovanni Terzi per tre anni sono stati vittime di un uomo che li minacciava quotidianamente di morte, insultandoli pesantemente, coinvolgendo anche i loro figli. Giovanni \u00e8 stato offeso con appellativi come &#8220;farabutto&#8221;, mentre Simona \u00e8 stata accusata di aver &#8220;rovinato il prossimo&#8221; e persino definita &#8220;<a href=\"https:\/\/www.today.it\/gossip\/vip\/minacce-morte-giovanni-terzi-simona-ventura.html\" rel=\"nofollow noopener\" target=\"_blank\">lurida figlia di satana<\/a>&#8220;. Finalmente la coppia ha sporto denuncia.<\/p>\n<p><strong>Un amore (oggi) impossibile<\/strong><\/p>\n<p>Brigitta Boccoli e Pino Insegno hanno avuto una relazione di tre anni. Quando? Molti anni fa, quando Brigitta aveva appena <a href=\"https:\/\/www.today.it\/tv\/news\/caterina-balivo-pino-insegno.html\" rel=\"nofollow noopener\" target=\"_blank\">14 anni e Pino 27<\/a>. Questa rivelazione ha suscitato non poche reazioni, soprattutto per la significativa differenza di et\u00e0 e per il fatto che la loro storia sia iniziata in un momento cos\u00ec delicato della vita di Brigitta\u2026<\/p>\n<p><strong>Una vita sulla bilancia<\/strong><\/p>\n<p>Mary Segneri, ex gieffina e inviata di Affari Vostri, ha raccontato a Caterina Balivo della sua grande perdita di peso. <a href=\"https:\/\/www.today.it\/tv\/news\/mary-segneri-peso.html\" rel=\"nofollow noopener\" target=\"_blank\">Era arrivata a pesare 127 kg<\/a>, poi ha perso 60 kg e ora punta a diventare una taglia 44 per il giorno del suo matrimonio. A contribuire all&#8217;aumentare del suo peso delle diete sbagliate e un comportamento non salutare che aveva imparato con una baby sitter: &#8220;per farmi stare tranquilla, mi comprava di nascosto da mia madre dei barattoli di cioccolata. Me lo consegnava come fosse un vasetto di yogurt. Lo mangiavo, svuotavo e poi nascondevo&#8221;.<br \/>\u00a0<\/p>\n<p>       &#13;<br \/>\n        &#13;<br \/>\n&#13;<br \/>\n&#13;<br \/>\n  &#13;<br \/>\n  &#13;<br \/>\n&#13;<br \/>\n    &#13;<br \/>\n&#13;<br \/>\n&#13;<br \/>\n               &#13;<br \/>\n      &#13;<br \/>\n&#13;<br \/>\n&#13;<br \/>\n      &#13;<br \/>\n   &#13;<br \/>\n&#13;<br \/>\n      &#13;<br \/>\n                  &#13;<br \/>\n      &#13;<br \/>\n&#13;<\/p>\n","protected":false},"excerpt":{"rendered":"&#13; &#13; &#13; &#13; &#13; &#13; &#13; &#13; &#13; &#13; &#13; Condividi &#13; &#13; &#13; &#13; &#13; &#13;&hellip;\n","protected":false},"author":3,"featured_media":132178,"comment_status":"","ping_status":"","sticky":false,"template":"","format":"standard","meta":{"footnotes":""},"categories":[174],"tags":[1764,689,203,204,1537,90,89,10358,688,45193],"class_list":{"0":"post-132177","1":"post","2":"type-post","3":"status-publish","4":"format-standard","5":"has-post-thumbnail","7":"category-intrattenimento","8":"tag-belen-rodriguez","9":"tag-blog","10":"tag-entertainment","11":"tag-intrattenimento","12":"tag-it","13":"tag-italia","14":"tag-italy","15":"tag-lorella-cuccarini","16":"tag-opinioni","17":"tag-raffaello-tonon"},"share_on_mastodon":{"url":"","error":""},"_links":{"self":[{"href":"https:\/\/www.europesays.com\/it\/wp-json\/wp\/v2\/posts\/132177","targetHints":{"allow":["GET"]}}],"collection":[{"href":"https:\/\/www.europesays.com\/it\/wp-json\/wp\/v2\/posts"}],"about":[{"href":"https:\/\/www.europesays.com\/it\/wp-json\/wp\/v2\/types\/post"}],"author":[{"embeddable":true,"href":"https:\/\/www.europesays.com\/it\/wp-json\/wp\/v2\/users\/3"}],"replies":[{"embeddable":true,"href":"https:\/\/www.europesays.com\/it\/wp-json\/wp\/v2\/comments?post=132177"}],"version-history":[{"count":0,"href":"https:\/\/www.europesays.com\/it\/wp-json\/wp\/v2\/posts\/132177\/revisions"}],"wp:featuredmedia":[{"embeddable":true,"href":"https:\/\/www.europesays.com\/it\/wp-json\/wp\/v2\/media\/132178"}],"wp:attachment":[{"href":"https:\/\/www.europesays.com\/it\/wp-json\/wp\/v2\/media?parent=132177"}],"wp:term":[{"taxonomy":"category","embeddable":true,"href":"https:\/\/www.europesays.com\/it\/wp-json\/wp\/v2\/categories?post=132177"},{"taxonomy":"post_tag","embeddable":true,"href":"https:\/\/www.europesays.com\/it\/wp-json\/wp\/v2\/tags?post=132177"}],"curies":[{"name":"wp","href":"https:\/\/api.w.org\/{rel}","templated":true}]}}