{"id":132242,"date":"2025-09-26T21:38:16","date_gmt":"2025-09-26T21:38:16","guid":{"rendered":"https:\/\/www.europesays.com\/it\/132242\/"},"modified":"2025-09-26T21:38:16","modified_gmt":"2025-09-26T21:38:16","slug":"ziliani-juve-400-in-3-anni-con-il-limite-a-60-ci-sara-un-giornalista-che","status":"publish","type":"post","link":"https:\/\/www.europesays.com\/it\/132242\/","title":{"rendered":"Ziliani: &#8220;Juve, -400 in 3 anni con il limite a 60. Ci sar\u00e0 un giornalista che&#8230;&#8221;"},"content":{"rendered":"<p>Paolo Ziliani attacca duramente. E lo fa, tramite social, sul bilancio disastroso della Juventus. Pesanti accuse anche ai giornalisti<\/p>\n<p>Paolo Ziliani attacca duramente. E lo fa, tramite social, sul bilancio disastroso della Juventus:\u00a0 <\/p>\n<p>E cos\u00ec quando a giugno l&#8217;UEFA controller\u00e0 i conti di tutti i club europei, Madama che in tema di bilanci illegali \u00e8 recidiva e fresca di squalifica si trover\u00e0 di nuovo a rischio sanzioni tra lo sgomento e lo sbigottimento di mezza Italia che cadr\u00e0 dalle nuvole La domanda da un milione di dollari che oggi, 26 settembre 2025, tutti gli addetti ai lavori del calcio dovrebbero porsi nel giorno in cui il CdA della Juventus approva il bilancio dell\u2019ultima stagione, la 2024-25, chiusasi il 30 giugno, un bilancio che stando alle indiscrezioni dovrebbe chiudersi in perdita per circa 50 milioni.<\/p>\n<p>La domanda che tutti gli addetti ai lavori dovrebbero porsi, sapendo che gli ultimi bilanci della societ\u00e0 bianconera si sono chiusi con perdite di 239,3 milioni nel 2021-22, di 123,7 nel 2022-23 e di 199,2 nel 2023-24 (per un totale di 562,2 milioni cui andranno ad aggiungersi i prossimi, mal contati, 50), \u00e8: come pu\u00f2 pensare la Juventus di passare indenne all\u2019esame del Fair Play Finanziario UEFA del giugno prossimo quando una delle tre nuove regole, in vigore per tutti i club dal giugno 2022, dice che a un club \u00e8 consentita una perdita massima di 60 milioni complessivi nell\u2019arco di un triennio? <\/p>\n<p>Se la matematica non \u00e8 un\u2019opinione, sommando gli ultimi due esercizi, chiusi a -123,7 e a -199,2 milioni, la Juventus ha accumulato una perdita di 322,9 milioni; perdita che arriver\u00e0 a sfiorare i 400 dopo l\u2019approvazione del bilancio che per l\u2019appunto \u00e8 in programma oggi. Ricapitolando: perdita massima autorizzata dall\u2019UEFA in tre anni, 60 milioni; perdita della Juventus negli ultimi tre anni, 400 milioni (o gi\u00f9 di l\u00ec). A voi non pare che ci sia qualcosa che non quadra? E se foste un giornalista, non vi verrebbe naturale chiedere una spiegazione su questo grossolano, conclamato e incontestabile sgarro al regolamento che i dirigenti juventini hanno compiuto? Domandando loro come pensano di cavarsela?&#8221;<\/p>\n<p class=\"is-copyright\">\u00a9 RIPRODUZIONE RISERVATA<\/p>\n","protected":false},"excerpt":{"rendered":"Paolo Ziliani attacca duramente. E lo fa, tramite social, sul bilancio disastroso della Juventus. Pesanti accuse anche ai&hellip;\n","protected":false},"author":3,"featured_media":132243,"comment_status":"","ping_status":"","sticky":false,"template":"","format":"standard","meta":{"footnotes":""},"categories":[1452],"tags":[3473,47746,2538,86209,10083,86210,86211,16562,1033,86212,86213,721,40360,554,86214,86215,86216,2341,1740,4348,1148,1537,90,89,558,9891,1739,245,244,26933,338,54751],"class_list":{"0":"post-132242","1":"post","2":"type-post","3":"status-publish","4":"format-standard","5":"has-post-thumbnail","7":"category-calcio","8":"tag-addetti","9":"tag-addetti-lavori","10":"tag-approva","11":"tag-approva-bilancio","12":"tag-attacca","13":"tag-attacca-duramente","14":"tag-attacca-duramente-tramite","15":"tag-bilanci","16":"tag-bilancio","17":"tag-bilancio-disastroso","18":"tag-bilancio-disastroso-juventus","19":"tag-calcio","20":"tag-chiusi","21":"tag-club","22":"tag-conclamato","23":"tag-disastroso","24":"tag-disastroso-juventus","25":"tag-domanda","26":"tag-football","27":"tag-giornalista","28":"tag-giugno","29":"tag-it","30":"tag-italia","31":"tag-italy","32":"tag-juventus","33":"tag-perdita","34":"tag-soccer","35":"tag-sport","36":"tag-sports","37":"tag-uefa","38":"tag-ultimi","39":"tag-ziliani"},"share_on_mastodon":{"url":"","error":""},"_links":{"self":[{"href":"https:\/\/www.europesays.com\/it\/wp-json\/wp\/v2\/posts\/132242","targetHints":{"allow":["GET"]}}],"collection":[{"href":"https:\/\/www.europesays.com\/it\/wp-json\/wp\/v2\/posts"}],"about":[{"href":"https:\/\/www.europesays.com\/it\/wp-json\/wp\/v2\/types\/post"}],"author":[{"embeddable":true,"href":"https:\/\/www.europesays.com\/it\/wp-json\/wp\/v2\/users\/3"}],"replies":[{"embeddable":true,"href":"https:\/\/www.europesays.com\/it\/wp-json\/wp\/v2\/comments?post=132242"}],"version-history":[{"count":0,"href":"https:\/\/www.europesays.com\/it\/wp-json\/wp\/v2\/posts\/132242\/revisions"}],"wp:featuredmedia":[{"embeddable":true,"href":"https:\/\/www.europesays.com\/it\/wp-json\/wp\/v2\/media\/132243"}],"wp:attachment":[{"href":"https:\/\/www.europesays.com\/it\/wp-json\/wp\/v2\/media?parent=132242"}],"wp:term":[{"taxonomy":"category","embeddable":true,"href":"https:\/\/www.europesays.com\/it\/wp-json\/wp\/v2\/categories?post=132242"},{"taxonomy":"post_tag","embeddable":true,"href":"https:\/\/www.europesays.com\/it\/wp-json\/wp\/v2\/tags?post=132242"}],"curies":[{"name":"wp","href":"https:\/\/api.w.org\/{rel}","templated":true}]}}