{"id":132398,"date":"2025-09-26T23:16:27","date_gmt":"2025-09-26T23:16:27","guid":{"rendered":"https:\/\/www.europesays.com\/it\/132398\/"},"modified":"2025-09-26T23:16:27","modified_gmt":"2025-09-26T23:16:27","slug":"il-contributo-di-percorsi-di-secondo-welfare-alla-conferenza-espanet-italia-secondo-welfare","status":"publish","type":"post","link":"https:\/\/www.europesays.com\/it\/132398\/","title":{"rendered":"Il contributo di Percorsi di Secondo Welfare alla Conferenza ESPAnet Italia \u2022 Secondo Welfare"},"content":{"rendered":"<p>Dal 16 al 18 settembre 2025, il Politecnico di Torino ha ospitato la <a href=\"https:\/\/www.secondowelfare.it\/primo-welfare\/a-torino-prende-il-via-la-conferenza-di-espanet-italia\/\" target=\"_blank\" rel=\"noopener nofollow\"><strong>XVIII Conferenza ESPAnet Italia<\/strong><\/a>, tradizionale appuntamento del network nazionale che riunisce studiosi e studiose delle politiche sociali. L\u2019edizione di quest\u2019anno, intitolata <strong>\u201cTecnologia, clima, cambiamento demografico: sfide e risposte di politica sociale in un mondo in transizione\u201d<\/strong>, ha stimolato una riflessione ampia e multidisciplinare sulle trasformazioni che stanno ridisegnando i sistemi sociali, economici e di welfare.<\/p>\n<p>La Conferenza ha posto l\u2019accento sulla cosiddetta <strong>tripla transizione<\/strong> \u2013 ecologica, tecnologica e sociodemografica \u2013 e sui profondi cambiamenti che essa implica: dalla ridefinizione dei rapporti tra esseri umani e ambiente alle nuove modalit\u00e0 di produzione e redistribuzione delle risorse, fino alla necessit\u00e0 di ripensare i sistemi di welfare in un\u2019ottica di maggiore inclusivit\u00e0, sostenibilit\u00e0 e resilienza.<\/p>\n<p>Welfare, statualit\u00e0 e capacit\u00e0 istituzionali in Italia. Bilancio di un lungo percorso<\/p>\n<p><strong>Maurizio Ferrera<\/strong>, nostro Supervisore Scientifico, ha tenuto un keynote speech su welfare, statualit\u00e0 e capacit\u00e0 istituzionali in Italia. Oltre a questo intervento, il <a href=\"https:\/\/www.secondowelfare.it\/gruppo-di-lavoro\/\" target=\"_blank\" rel=\"noopener nofollow\">gruppo<\/a>\u00a0di\u00a0<a href=\"https:\/\/www.secondowelfare.it\/laboratorio\/\" target=\"_blank\" rel=\"noopener nofollow\">Percorsi di secondo welfare<\/a>\u00a0ha dato il proprio contributo a questo ricco dibattito con una serie di interventi che hanno riguardato temi cruciali per il futuro del welfare: l\u2019invecchiamento attivo, il ruolo delle istituzioni culturali nei processi di inclusione sociale, e le sfide strutturali e organizzative del Servizio Sanitario Nazionale.<\/p>\n<p><a href=\"https:\/\/www.secondowelfare.it\/wp-content\/uploads\/2025\/09\/IMG_6952-1.jpg\" rel=\"nofollow noopener\" target=\"_blank\"><img fetchpriority=\"high\" decoding=\"async\" class=\"wp-image-88449\" src=\"data:image\/svg+xml,%3Csvg%20xmlns=\" http:=\"\" alt=\"\" width=\"600\" height=\"400\" data-lazy- data-lazy- data-lazy-src=\"https:\/\/www.europesays.com\/it\/wp-content\/uploads\/2025\/09\/IMG_6952-1-300x200.jpg\"\/><\/a>Franca Maino, Chiara Lodi Rizzini e Ilaria Caracozza alla XVIII Conferenza ESPAnet Italia.<br \/>\nCultura e partecipazione: leve di inclusione del secondo welfare<\/p>\n<p>La <strong>Sessione 19<\/strong>, coordinata da <a href=\"https:\/\/www.secondowelfare.it\/team-members\/chiara-agostini\/\" target=\"_blank\" rel=\"noopener nofollow\">Chiara Agostini<\/a> e <a href=\"https:\/\/www.secondowelfare.it\/team-members\/anastasia-rita-guarna\/\" target=\"_blank\" rel=\"noopener nofollow\">Anastasia Rita Guarna<\/a>, \u00e8 stata dedicata interamente al ruolo del secondo welfare nelle nuove dinamiche sociali, affrontando temi quali il Terzo Settore nei contesti metropolitani, la conciliazione tra vita e lavoro, il welfare fiscale e la governance multilivello.<\/p>\n<p><a href=\"https:\/\/www.secondowelfare.it\/wp-content\/uploads\/2025\/09\/WhatsApp-Image-2025-09-17-at-15.26.42.jpeg\" rel=\"nofollow noopener\" target=\"_blank\"><img loading=\"lazy\" decoding=\"async\" class=\"wp-image-88453\" style=\"--tw-scale-x: 1; --tw-scale-y: 1; --tw-scroll-snap-strictness: proximity; --tw-ring-offset-width: 0px; --tw-ring-offset-color: #fff; --tw-ring-color: #3b82f680; --tw-ring-offset-shadow: 0 0 #0000; --tw-ring-shadow: 0 0 #0000; --tw-shadow: 0 0 #0000; --tw-shadow-colored: 0 0 #0000;\" src=\"data:image\/svg+xml,%3Csvg%20xmlns=\" http:=\"\" alt=\"\" width=\"350\" height=\"578\" data-lazy- data-lazy- data-lazy-src=\"https:\/\/www.europesays.com\/it\/wp-content\/uploads\/2025\/09\/WhatsApp-Image-2025-09-17-at-15.26.42-182x300.jpeg\"\/><\/a>Anastasia Rita Guarna e Chiara Agostini alla XVIII Conferenza ESPAnet Italia.<\/p>\n<p>Qui, <a href=\"https:\/\/www.secondowelfare.it\/team-members\/alice-fanelli\/\" target=\"_blank\" rel=\"noopener nofollow\">Alice Sofia Fanelli<\/a>, <a href=\"https:\/\/www.secondowelfare.it\/author\/alessia-borromeo\/\" target=\"_blank\" rel=\"noopener nofollow\">Alessia Borromeo<\/a> e <strong>Franca Maino<\/strong> hanno presentato il paper \u201cQuando la cultura incontra le comunit\u00e0: agenzie culturali locali, musei e biblioteche come leve di partecipazione inclusiva e capacitante\u201d.<\/p>\n<p>Il lavoro parte da una constatazione: le istituzioni culturali \u2013 musei, biblioteche, agenzie culturali \u2013 stanno assumendo un ruolo sempre pi\u00f9 rilevante non solo come luoghi di fruizione culturale, ma anche come <strong>spazi di partecipazione, co-progettazione e inclusione sociale<\/strong>. In particolare, il paper mette in luce come queste realt\u00e0, soprattutto nel Sud Italia, possano diventare <strong>infrastrutture sociali<\/strong> capaci di stimolare fiducia, senso di appartenenza e coesione comunitaria.<\/p>\n<p><a href=\"https:\/\/www.secondowelfare.it\/wp-content\/uploads\/2025\/09\/IMG_3165-scaled.jpg\" rel=\"nofollow noopener\" target=\"_blank\"><img loading=\"lazy\" decoding=\"async\" class=\"wp-image-88447\" src=\"data:image\/svg+xml,%3Csvg%20xmlns=\" http:=\"\" alt=\"\" width=\"600\" height=\"450\" data-lazy- data-lazy- data-lazy-src=\"https:\/\/www.europesays.com\/it\/wp-content\/uploads\/2025\/09\/IMG_3165-300x225.jpg\"\/><\/a>Alice Sofia Fanelli e Alessia Borromeo alla XVIII Conferenza ESPAnet Italia.<\/p>\n<p>Attraverso l\u2019analisi di dati quantitativi e qualitativi \u2013 numeri, accessi, introiti e visitatori di musei, siti archeologici e biblioteche \u2013 e l\u2019esame di esperienze concrete, il contributo mette in luce il potenziale trasformativo della cultura. In particolare, mostra come iniziative culturali di prossimit\u00e0 possano avere un impatto significativo nel rafforzare il tessuto sociale locale. In questa prospettiva, la cultura non \u00e8 pi\u00f9 solo un diritto da tutelare, ma diventa una leva strategica per l\u2019innovazione sociale e lo sviluppo territoriale.<\/p>\n<p>Invecchiamento attivo e nuovi modelli abitativi<\/p>\n<p>Un secondo ambito di approfondimento che ha visto coinvolto il nostro gruppo di ricerca \u00e8 stato quello dell\u2019invecchiamento, trattato nella <strong>Sessione 8<\/strong>, coordinata da <a href=\"https:\/\/www.secondowelfare.it\/team-members\/franca-maino\/\" target=\"_blank\" rel=\"noopener nofollow\">Franca Maino<\/a>,\u00a0 <a href=\"https:\/\/www.secondowelfare.it\/team-members\/celestina-valeria-de-tommaso\/\" target=\"_blank\" rel=\"noopener nofollow\">Valeria <\/a>Celestina De Tommaso e Cristiano Gori (Universit\u00e0 degli Studi di Trento), in cui sono stati discussi sette paper mettendo a confronto approcci disciplinari diversi sui temi dell\u2019ageing in place, PNRR e domiciliarit\u00e0, longevit\u00e0 attiva, politiche per i caregiver e bridge employment, ovvero le forme di impiego ponte tra il lavoro di carriera e il ritiro definitivo dal mercato del lavoro<\/p>\n<p>In un contesto in cui l\u2019aumento della popolazione anziana rappresenta una delle principali sfide sociali, il contributo di <strong>Franca Maino<\/strong>, <a href=\"https:\/\/www.secondowelfare.it\/author\/william-revello\/\" target=\"_blank\" rel=\"noopener nofollow\">William Revello<\/a>, <strong>Antonio Talarico<\/strong> e <strong>Manuela Cristaldi<\/strong> ha posto l\u2019attenzione su il progetto <a href=\"https:\/\/www.secondowelfare.it\/long-term-care\/il-welfare-dei-longennials-a-servizio-della-comunita\/\" target=\"_blank\" rel=\"noopener nofollow\">Abitare Villa Mater<\/a>, un innovativo <strong>community hub per la longevit\u00e0 attiva<\/strong> avviato a Rivoli (TO).<\/p>\n<p><img loading=\"lazy\" decoding=\"async\" class=\"wp-image-88503 \" src=\"data:image\/svg+xml,%3Csvg%20xmlns=\" http:=\"\" alt=\"\" width=\"632\" height=\"474\" data-lazy- data-lazy- data-lazy-src=\"https:\/\/www.europesays.com\/it\/wp-content\/uploads\/2025\/09\/IMG_6672-300x225.jpg\"\/>Franca Maino e Antonio Talarico alla XVIII Conferenza ESPAnet Italia.<\/p>\n<p>Si tratta di un modello abitativo collaborativo per persone over 65 autosufficienti, che combina spazi privati con aree comuni progettate per stimolare socialit\u00e0, attivit\u00e0 fisica e cognitiva, e sostegno reciproco. Ci\u00f2 che rende il progetto particolarmente interessante \u00e8 la sua impostazione <strong>partecipativa e multidisciplinare<\/strong>, che integra saperi diversi \u2013 dalle scienze sociali all\u2019architettura \u2013 e coinvolge attivamente cittadini, professionisti e stakeholder locali. Nonostante le dimensioni ancora ridotte, <strong>Abitare Villa Mater rappresenta un laboratorio di innovazione sociale<\/strong>, in grado di ridefinire l\u2019invecchiamento non come fase di declino e marginalit\u00e0, ma come momento di <strong>partecipazione attiva e contributo alla comunit\u00e0<\/strong>. Questo approccio anticipa un possibile cambio di paradigma nel welfare, da un sistema prevalentemente reattivo a uno pi\u00f9 generativo e preventivo.<\/p>\n<p>Il Servizio Sanitario Nazionale di fronte alla transizione post-pandemica<\/p>\n<p>Infine, le ricercatrici di Percorsi di Secondo Welfare hanno partecipato alla <strong>Sessione 21<\/strong>, dedicata al <strong>Sistema Sanitario Nazionale (SSN)<\/strong>, con due interventi che hanno affrontato da prospettive diverse le sfide del settore sanitario in Italia.<\/p>\n<p><strong>Franca Maino<\/strong> e <a href=\"https:\/\/www.secondowelfare.it\/author\/marco-betti\/\" target=\"_blank\" rel=\"noopener nofollow\">Marco Betti<\/a> hanno presentato il paper \u201cModelli regionali ed esiti sanitari: caratteristiche e performance del SSN nel post-pandemia\u201d, che analizza l\u2019evoluzione dei Servizi Sanitari Regionali (SSR) italiani alla luce del processo di regionalizzazione. Attraverso una cluster analisi, sono stati individuati <strong>quattro modelli di SSR<\/strong> che evidenziano performance molto differenziate, confermando la persistenza di <strong>divari territoriali <\/strong>ma<strong> superando la tradizionale divisione Nord-Sud<\/strong>. Dallo studio emerge anche come <strong>configurazioni differenti possano generare esiti simili, purch\u00e9 siano garantite adeguate capacit\u00e0 istituzionali e di governance. <\/strong>Lo studio offre spunti rilevanti per il dibattito sull\u2019autonomia differenziata e per la ricerca di nuovi equilibri tra decentramento e coerenza del Sistema sanitario italiano.<\/p>\n<p><a href=\"https:\/\/www.secondowelfare.it\/team-members\/chiara-lodi-rizzini\/\" target=\"_blank\" rel=\"noopener nofollow\">Chiara Lodi Rizzini<\/a> e<a href=\"https:\/\/www.secondowelfare.it\/author\/ilaria-caracozza\/\" target=\"_blank\" rel=\"noopener nofollow\"> Ilaria Caracozza<\/a> hanno invece presentato il paper \u201cAccesso alle cure odontoiatriche: la leva del welfare bilaterale<strong>\u201d<\/strong>, che si concentra su un tema ancora poco esplorato ma cruciale: l\u2019accesso alle cure odontoiatriche. La ricerca mostra come questo settore sia caratterizzato da <strong>scarsa copertura pubblica e alta spesa privata diretta<\/strong>, con conseguente rischio di rinuncia alle cure per le fasce pi\u00f9 vulnerabili. In questo scenario, i fondi sanitari integrativi possono svolgere un ruolo importante, contribuendo a ridurre i costi a carico delle famiglie e migliorando l\u2019equit\u00e0 di accesso alle prestazioni.<\/p>\n<p><a href=\"https:\/\/www.secondowelfare.it\/wp-content\/uploads\/2025\/09\/IMG_6961-scaled.jpg\" rel=\"nofollow noopener\" target=\"_blank\"><img loading=\"lazy\" decoding=\"async\" class=\"wp-image-88451\" src=\"data:image\/svg+xml,%3Csvg%20xmlns=\" http:=\"\" alt=\"\" width=\"600\" height=\"450\" data-lazy- data-lazy- data-lazy-src=\"https:\/\/www.europesays.com\/it\/wp-content\/uploads\/2025\/09\/IMG_6961-300x225.jpg\"\/><\/a>Chiara Lodi Rizzini e Ilaria Caracozza alla XVIII Conferenza ESPAnet Italia.<br \/>\nPer un welfare innovativo e inclusivo<\/p>\n<p>La partecipazione di <strong>Percorsi di Secondo Welfare<\/strong> alla XVIII Conferenza ESPAnet Italia ha dunque rappresentato un\u2019occasione preziosa per condividere <strong>ricerche, esperienze e riflessioni<\/strong> su temi di grande rilevanza sociale.<\/p>\n<p><strong>Franca Maino<\/strong> a margine della Conferenza ha sottolineato come \u201ci diversi interventi del gruppo di ricerca di Percorsi di Secondo Welfare offrono evidenze analitiche ed empiriche a un dibattito che, riprendendo il tema del<strong> doppio deficit di statualit\u00e0<\/strong> richiamato da <strong>Maurizio Ferrera<\/strong> nel suo keynote speech, individua come leve di rilancio delle politiche sociali da un lato la razionalizzazione e professionalizzazione della Pubblica Amministrazione, dall\u2019altro la capacit\u00e0 dello Stato di ridefinire ruolo e ambiti di intervento\u201d.<\/p>\n<p>\u201cIn questa prospettiva\u201d ha continuato la professoressa \u201cil rafforzamento della state-ness si configura come dimensione autonoma e imprescindibile, da affiancare alla trasformazione della welfare-ness\u201d. In questo quadro, in futuro \u201csaranno determinanti in futuro le pressioni della societ\u00e0, la diffusione di <strong>pratiche di co-progettazione e di modelli di governance collaborativa<\/strong>, nonch\u00e9 la capacit\u00e0 del decisore pubblico di agire da facilitatore e innovatore. Bisogna inoltre considerare come sfide persistenti la frammentazione territoriale e l\u2019asimmetria tra Pubblico e privato, che richiedono <strong>soluzioni inclusive e sostenibili<\/strong> per affrontare le transizioni in corso e rafforzare il welfare in una prospettiva di coesione e secondo welfare\u201d ha concluso la direttrice scientifica di Percorsi di Secondo Welfare.<\/p>\n","protected":false},"excerpt":{"rendered":"Dal 16 al 18 settembre 2025, il Politecnico di Torino ha ospitato la XVIII Conferenza ESPAnet Italia, tradizionale&hellip;\n","protected":false},"author":3,"featured_media":132399,"comment_status":"","ping_status":"","sticky":false,"template":"","format":"standard","meta":{"footnotes":"","_share_on_mastodon":"0"},"categories":[1481],"tags":[2065,2066,4088,3085,239,2063,2064,9340,1537,90,89,86253,79576,86254,240,301,86255,30924],"class_list":["post-132398","post","type-post","status-publish","format-standard","has-post-thumbnail","category-assistenza-sanitaria","tag-assistenza-sanitaria","tag-assistenzasanitaria","tag-covid-19","tag-europa","tag-health","tag-health-care","tag-healthcare","tag-invecchiamento","tag-it","tag-italia","tag-italy","tag-ltc","tag-non-autosufficienza","tag-primo-welfare","tag-salute","tag-sanita","tag-secondo-welfare","tag-terzo-settore"],"share_on_mastodon":{"url":"","error":""},"_links":{"self":[{"href":"https:\/\/www.europesays.com\/it\/wp-json\/wp\/v2\/posts\/132398","targetHints":{"allow":["GET"]}}],"collection":[{"href":"https:\/\/www.europesays.com\/it\/wp-json\/wp\/v2\/posts"}],"about":[{"href":"https:\/\/www.europesays.com\/it\/wp-json\/wp\/v2\/types\/post"}],"author":[{"embeddable":true,"href":"https:\/\/www.europesays.com\/it\/wp-json\/wp\/v2\/users\/3"}],"replies":[{"embeddable":true,"href":"https:\/\/www.europesays.com\/it\/wp-json\/wp\/v2\/comments?post=132398"}],"version-history":[{"count":0,"href":"https:\/\/www.europesays.com\/it\/wp-json\/wp\/v2\/posts\/132398\/revisions"}],"wp:featuredmedia":[{"embeddable":true,"href":"https:\/\/www.europesays.com\/it\/wp-json\/wp\/v2\/media\/132399"}],"wp:attachment":[{"href":"https:\/\/www.europesays.com\/it\/wp-json\/wp\/v2\/media?parent=132398"}],"wp:term":[{"taxonomy":"category","embeddable":true,"href":"https:\/\/www.europesays.com\/it\/wp-json\/wp\/v2\/categories?post=132398"},{"taxonomy":"post_tag","embeddable":true,"href":"https:\/\/www.europesays.com\/it\/wp-json\/wp\/v2\/tags?post=132398"}],"curies":[{"name":"wp","href":"https:\/\/api.w.org\/{rel}","templated":true}]}}