{"id":132521,"date":"2025-09-27T00:48:13","date_gmt":"2025-09-27T00:48:13","guid":{"rendered":"https:\/\/www.europesays.com\/it\/132521\/"},"modified":"2025-09-27T00:48:13","modified_gmt":"2025-09-27T00:48:13","slug":"il-cancro-di-mia-moglie-ci-ha-messo-a-dura-prova-e-stato-il-periodo-piu-brutto-della-mia-vita-2","status":"publish","type":"post","link":"https:\/\/www.europesays.com\/it\/132521\/","title":{"rendered":"\u00abIl cancro di mia moglie ci ha messo a dura prova. \u00c8 stato il periodo pi\u00f9 brutto della mia vita\u00bb"},"content":{"rendered":"<p>                <strong>\u00abL&#8217;anno pi\u00f9 difficile\u00bb<\/strong> <\/p>\n<p><strong><img decoding=\"async\" alt=\"\" src=\"https:\/\/www.europesays.com\/it\/wp-content\/uploads\/2025\/09\/ftg_ipa51347694_26180524.jpg\"\/><\/strong><\/p>\n<p>Il principe ha raccontato di aver vissuto uno degli anni pi\u00f9 difficili che la sua famiglia abbia mai dovuto affrontare. William \u00e8 apparso in un episodio speciale della serie Apple Tv+, &#8220;<strong>The Reluctant Traveler<\/strong>&#8221; condotto da Eugene Levy, intitolato &#8220;Vivere la vita reale nel Regno Unito&#8221; (Living the Royal Life in the UK). Dopo chiacchiere sui passatempi preferiti del principe \u2013 in particolare \u00abDormire. Quando hai tre bambini piccoli, <strong>il sonno \u00e8 una parte importante della vita<\/strong>\u00bb \u2013 il conduttore ha voluto approfondire come ha vissuto la diagnosi di tumore della moglie: \u00abDirei che il biennio 2023-2024 \u00e8 stato il periodo pi\u00f9 difficile della mia vita\u00bb, ha ammesso l&#8217;erede al trono. \u00abSai, <strong>la vita ci mette alla prova e riuscire a superarla \u00e8 ci\u00f2 che ci rende ci\u00f2 che siamo<\/strong>\u00bb. <\/p>\n","protected":false},"excerpt":{"rendered":"\u00abL&#8217;anno pi\u00f9 difficile\u00bb Il principe ha raccontato di aver vissuto uno degli anni pi\u00f9 difficili che la sua&hellip;\n","protected":false},"author":3,"featured_media":131979,"comment_status":"","ping_status":"","sticky":false,"template":"","format":"standard","meta":{"footnotes":""},"categories":[1451],"tags":[1621,1620,203,204,1537,90,89,1450,15662,362,24072],"class_list":{"0":"post-132521","1":"post","2":"type-post","3":"status-publish","4":"format-standard","5":"has-post-thumbnail","7":"category-celebrita","8":"tag-celebrita","9":"tag-celebrities","10":"tag-entertainment","11":"tag-intrattenimento","12":"tag-it","13":"tag-italia","14":"tag-italy","15":"tag-kate-middleton","16":"tag-principe-william","17":"tag-william-e-kate","18":"tag-windsor"},"share_on_mastodon":{"url":"","error":""},"_links":{"self":[{"href":"https:\/\/www.europesays.com\/it\/wp-json\/wp\/v2\/posts\/132521","targetHints":{"allow":["GET"]}}],"collection":[{"href":"https:\/\/www.europesays.com\/it\/wp-json\/wp\/v2\/posts"}],"about":[{"href":"https:\/\/www.europesays.com\/it\/wp-json\/wp\/v2\/types\/post"}],"author":[{"embeddable":true,"href":"https:\/\/www.europesays.com\/it\/wp-json\/wp\/v2\/users\/3"}],"replies":[{"embeddable":true,"href":"https:\/\/www.europesays.com\/it\/wp-json\/wp\/v2\/comments?post=132521"}],"version-history":[{"count":0,"href":"https:\/\/www.europesays.com\/it\/wp-json\/wp\/v2\/posts\/132521\/revisions"}],"wp:featuredmedia":[{"embeddable":true,"href":"https:\/\/www.europesays.com\/it\/wp-json\/wp\/v2\/media\/131979"}],"wp:attachment":[{"href":"https:\/\/www.europesays.com\/it\/wp-json\/wp\/v2\/media?parent=132521"}],"wp:term":[{"taxonomy":"category","embeddable":true,"href":"https:\/\/www.europesays.com\/it\/wp-json\/wp\/v2\/categories?post=132521"},{"taxonomy":"post_tag","embeddable":true,"href":"https:\/\/www.europesays.com\/it\/wp-json\/wp\/v2\/tags?post=132521"}],"curies":[{"name":"wp","href":"https:\/\/api.w.org\/{rel}","templated":true}]}}