{"id":132538,"date":"2025-09-27T01:00:11","date_gmt":"2025-09-27T01:00:11","guid":{"rendered":"https:\/\/www.europesays.com\/it\/132538\/"},"modified":"2025-09-27T01:00:11","modified_gmt":"2025-09-27T01:00:11","slug":"alberto-stasi-dorme-in-cella-da-dieci-anni-qui-sono-in-ballo-cose-molto-gravi-cosi-lavvocato-de-rensis-a-mattino-cinque-e-lavvocato-lovati-solo-supposizioni","status":"publish","type":"post","link":"https:\/\/www.europesays.com\/it\/132538\/","title":{"rendered":"Alberto Stasi dorme in cella da dieci anni. Qui sono in ballo cose molto gravi&#8221;: cos\u00ec l&#8217;avvocato De Rensis a Mattino Cinque. E l&#8217;avvocato Lovati: &#8220;Solo supposizioni"},"content":{"rendered":"<p>\u201cSpero che finalmente anche <strong>i pochi negazionisti possano iniziare ad avere rispetto di questa indagine<\/strong> e, immagino, perch\u00e9 non so nulla, che siano stati fatti <strong>accertamenti su movimentazioni bancarie<\/strong>\u201d, ha esordito cos\u00ec l\u2019avvocato di <strong>Alberto Stasi<\/strong>, <strong>Antonio De Rensis<\/strong>, ai microfoni di <strong>Mattino Cinque<\/strong>. <a href=\"https:\/\/www.ilfattoquotidiano.it\/2025\/09\/26\/delitto-garlasco-sempio-corruzione-procuratore-news\/8139685\/\" rel=\"nofollow noopener\" target=\"_blank\">Sono ore decisive per il caso Garlasco dopo che, in mattinata, \u00e8 emerso che all\u2019ex procuratore di Pavia, <strong>Mario Venditti<\/strong>, nel 2017, sarebbe \u201cstata proposta o comunque ipotizzata\u201d \u201cuna somma indebita di denaro<\/a>, nell\u2019ordine di 20\/30mila euro, per favorire <strong>Andrea Sempio<\/strong>\u201d, si legge nel decreto firmato dal pm di Brescia <strong>Claudia Moregola<\/strong> e dal procuratore <strong>Francesco Prete<\/strong>, che ha disposto le perquisizioni nei confronti dello stesso Venditti, dei carabinieri Silvio Sapone e Giuseppe Spoto, di Andrea Sempio, dei suoi genitori e di una serie di parenti.<\/p>\n<p>Dopo le primissime dichiarazioni dell\u2019avvocato De Rensis, ha preso la parola <strong>Federica Panicucci<\/strong>: \u201cPossiamo dire che questa non \u00e8 una svolta ma \u00e8 \u2018la\u2019 svolta?\u201d, ha domandato la conduttrice. \u201cCertamente questa mattina si sta compiendo qualcosa di eccezionalmente importante e<strong> ricordo<\/strong>, per l\u2019ennesima volta, <strong>che ora i magistrati sono sei<\/strong>. Ora i procuratori capo sono due e quindi cerchiamo di comprendere tutti. Ma i cittadini l\u2019hanno compreso bene\u201d, ha proseguito l\u2019avvocato di Stasi. E ancora: \u201c<strong>Anche i negazionisti che parlano di asini che volano, di fuffa<\/strong> e di tante cose, spero che adesso comprendano che forse bisogna rispettare le istituzioni, tutte le istituzioni, perch\u00e9 come \u00e8 stata rispettata la <strong>procura di Vigevano<\/strong> che ha compiuto molti errori e qualche orrore, a maggior ragione bisogna rispettare l\u2019indagine di Pavia e ora quella importantissima della procura di Brescia\u201d.<\/p>\n<p>\u201cNon condividevo l\u2019idea di chi diceva che, comunque vada l\u2019indagine, sar\u00e0 una sconfitta, assolutamente no. Questa indagine ci sta dimostrando che normalmente i carabinieri, le forze dell\u2019ordine, magistrati <strong>non cancellano gli alibi, repertano tutto ci\u00f2 che si deve repertare<\/strong> e perseguono esclusivamente l\u2019interesse della giustizia. \u00c8 vero, sono passati degli anni ma se si arriva ad avere giustizia non \u00e8 mai troppo tardi anche se questa \u00e8 una vicenda che ha dato dolore e dar\u00e0 dolore a tantissima gente \u2013 ha detto sempre l\u2019avvocato -. <strong>L\u2019ipotesi accusatoria \u00e8 talmente grave<\/strong> che credo non debba essere commentata da un semplice avvocato. I magistrati dimostreranno la fondatezza di queste indagini, ma la gravit\u00e0 dei fatti contestati \u00e8 inaudita\u201d.<\/p>\n<p>\u201c<strong>Alberto dorme in cella da dieci anni<\/strong>. Qui ci sono in ballo cose molto, molto gravi che hanno probabilmente interferito sulla vita di pi\u00f9 persone. Il nostro assistito, in questo momento, continua a rispettare la condanna che lo vede in carcere da dieci anni e <strong>lo far\u00e0 con la dignit\u00e0 e il rispetto che ha sempre dimostrato<\/strong>. Ma ovviamente non possiamo non prendere atto che la giornata odierna \u00e8 importantissima\u201d, ha continuato l\u2019avvocato che ha poi commentato la notizia di un possibile \u201carresto imminente\u201d. \u201cNon posso esprimermi in tal senso ma, certamente, questa mattina, il procuratore capo di Brescia e il suo sostituto hanno dato un segnale molto importante\u201d.<\/p>\n<p>\u201cHa sentito Alberto Stasi?\u201d, ha poi incalzato Panicucci. \u201cBrevemente. Alberto ha sempre la stessa reazione. Un ragazzo che ha speranza e che spera di non svegliarsi e accorgersi che \u00e8 stato solo un sogno. <strong>\u00c8 un ragazzo che sta razionalizzando tutto ci\u00f2 che avviene<\/strong>\u201d, ha raccontato De Rensis. \u201cPoi ci sono dei dati oggettivi \u2013 ha aggiunto -. Se dovessero emergere movimenti bancari, se dovessero emergere appunti o altre cose, allora poi si dovranno trarre le conclusioni. In questo momento noi viviamo sempre con il massimo rispetto per le istituzioni ci\u00f2 che sta accadendo\u201d. \u201c<strong>Erano solo distrazioni, erano solo errori casuali quelli di quell\u2019inchiesta?<\/strong>\u201d, ha infine chiesto Panicucci. \u201cS\u00ec, io ho sempre parlato di errori, ovviamente fatti inavvertitamente, e di orrori, perch\u00e9<strong> cancellare un alibi<\/strong> non \u00e8 un errore, \u00e8 un orrore\u201d, ha concluso l\u2019avvocato, prima di lasciare il collegamento.<\/p>\n<p>A commentare il colpo di scena ci ha pensato anche il legale di <strong>Andrea Sempio<\/strong>, <strong>Massimo Lovati<\/strong>, sempre in diretta su <strong>Mattino Cinque<\/strong>: \u201cQuesta indagine non riguarda il mio assistito. Il pizzino? Serve una perizia calligrafica per stabilire chi lo ha scritto\u201d, ha dichiarato l\u2019avvocato Lovati. \u201cSo che ci sono state queste perquisizioni, ma non sono a conoscenza di altri dettagli \u2013 ha continuato -. <strong>Non ho letto il decreto, anche perch\u00e9 l\u2019indagine non riguarda il mio assistito<\/strong>. \u2013 ha precisato Lovati \u2013 Ad ogni modo, si tratta solo di supposizioni\u201d. E sui 40mila euro che sarebbero stati girati dai familiari ai genitori del ragazzo, l\u2019avvocato ha detto che \u201cnon c\u2019\u00e8 niente di strano\u201d, ribadendo, a pi\u00f9 riprese, di non aver avuto ancora modo di parlare col proprio assistito. E infine: <strong>\u201cI genitori di Sempio sono stati sempre collaborativi\u201d<\/strong>.<\/p>\n","protected":false},"excerpt":{"rendered":"\u201cSpero che finalmente anche i pochi negazionisti possano iniziare ad avere rispetto di questa indagine e, immagino, perch\u00e9&hellip;\n","protected":false},"author":3,"featured_media":132539,"comment_status":"","ping_status":"","sticky":false,"template":"","format":"standard","meta":{"footnotes":""},"categories":[79],"tags":[14,93,94,1537,90,89,7,15,11,84,91,12,85,92],"class_list":{"0":"post-132538","1":"post","2":"type-post","3":"status-publish","4":"format-standard","5":"has-post-thumbnail","7":"category-italia","8":"tag-cronaca","9":"tag-cronaca-italiana","10":"tag-cronacaitaliana","11":"tag-it","12":"tag-italia","13":"tag-italy","14":"tag-news","15":"tag-notizie","16":"tag-ultime-notizie","17":"tag-ultime-notizie-e-news-di-oggi","18":"tag-ultime-notizie-italia","19":"tag-ultimenotizie","20":"tag-ultimenotizieenewsdioggi","21":"tag-ultimenotizieitalia"},"share_on_mastodon":{"url":"","error":""},"_links":{"self":[{"href":"https:\/\/www.europesays.com\/it\/wp-json\/wp\/v2\/posts\/132538","targetHints":{"allow":["GET"]}}],"collection":[{"href":"https:\/\/www.europesays.com\/it\/wp-json\/wp\/v2\/posts"}],"about":[{"href":"https:\/\/www.europesays.com\/it\/wp-json\/wp\/v2\/types\/post"}],"author":[{"embeddable":true,"href":"https:\/\/www.europesays.com\/it\/wp-json\/wp\/v2\/users\/3"}],"replies":[{"embeddable":true,"href":"https:\/\/www.europesays.com\/it\/wp-json\/wp\/v2\/comments?post=132538"}],"version-history":[{"count":0,"href":"https:\/\/www.europesays.com\/it\/wp-json\/wp\/v2\/posts\/132538\/revisions"}],"wp:featuredmedia":[{"embeddable":true,"href":"https:\/\/www.europesays.com\/it\/wp-json\/wp\/v2\/media\/132539"}],"wp:attachment":[{"href":"https:\/\/www.europesays.com\/it\/wp-json\/wp\/v2\/media?parent=132538"}],"wp:term":[{"taxonomy":"category","embeddable":true,"href":"https:\/\/www.europesays.com\/it\/wp-json\/wp\/v2\/categories?post=132538"},{"taxonomy":"post_tag","embeddable":true,"href":"https:\/\/www.europesays.com\/it\/wp-json\/wp\/v2\/tags?post=132538"}],"curies":[{"name":"wp","href":"https:\/\/api.w.org\/{rel}","templated":true}]}}