{"id":133009,"date":"2025-09-27T07:28:10","date_gmt":"2025-09-27T07:28:10","guid":{"rendered":"https:\/\/www.europesays.com\/it\/133009\/"},"modified":"2025-09-27T07:28:10","modified_gmt":"2025-09-27T07:28:10","slug":"addio-a-mirko-precazzini-prezioso-collaboratore-di-rcs-sport-aveva-solo-29-anni","status":"publish","type":"post","link":"https:\/\/www.europesays.com\/it\/133009\/","title":{"rendered":"ADDIO A MIRKO PRECAZZINI, PREZIOSO COLLABORATORE DI RCS SPORT: AVEVA SOLO 29 ANNI"},"content":{"rendered":"<p>            <a class=\"category\" href=\"https:\/\/www.tuttobiciweb.it\/articles\/category\/LUTTO\" itemprop=\"about\" rel=\"nofollow noopener\" target=\"_blank\">LUTTO<\/a> | 27\/09\/2025 | 08:06<\/p>\n<p><strong>Mirko Precazzini,<\/strong> nativo di Pejo, noto centro del Trentino, <strong>\u00e8 scomparso a soli 29 anni.<\/strong> Un triste e doloroso evento che lascia dolore e costernazione prima di tutto alla sua famiglia, alla sua comunit\u00e0 e pure agli amici e colleghi della sezione di<strong> molteplici addetti ai lavori al quartiertappa delle sedi d\u2019arrivo del Giro d\u2019Italia e delle altre corse rosa.<\/strong> In vari anni d\u2019attivit\u00e0 nel settore, seppure purtroppo, sfortunatamente, troppo pochi, \u00e8 stato apprezzato, per<strong> unanime, riconosciuta e particolare gentile disponibilit\u00e0 ed efficienza<\/strong> nel disbrigo dei compiti che gli erano stati assegnati nel quadro dell\u2019operativit\u00e0 specifica svolti con efficienza e sempre con un cortese sorriso per tutti.\n            <\/p>\n<p>E ai suoi funerali diversi colleghi e collaboratori vorranno testimoniare con la loro presenza all\u2019ultimo saluito il loro sentimento di partecipazione e cordoglio nel ricordo dei momenti di lavoro- felici \u2013 condivisi con <strong>il giovane Mirko che sapeva trasmettere amicizia e cordialit\u00e0 spontanee,<\/strong> un giovane amante dello sport, come figura anche nell\u2019immagine dell\u2019epigrafe con i dati delle esequie qui proposta dalla famiglia alla quale inviamo sentite e affettuose condoglianze da parte della redazione di tuttoBICI e tuttobiciweb.it\n            <\/p>\n<p><\/p>\n<p>Copyright &amp;copy TBW<\/p>\n","protected":false},"excerpt":{"rendered":"LUTTO | 27\/09\/2025 | 08:06 Mirko Precazzini, nativo di Pejo, noto centro del Trentino, \u00e8 scomparso a soli&hellip;\n","protected":false},"author":3,"featured_media":133010,"comment_status":"","ping_status":"","sticky":false,"template":"","format":"standard","meta":{"footnotes":""},"categories":[1456],"tags":[1824,1825,4851,1537,90,89,3331,245,244],"class_list":{"0":"post-133009","1":"post","2":"type-post","3":"status-publish","4":"format-standard","5":"has-post-thumbnail","7":"category-ciclismo","8":"tag-ciclismo","9":"tag-cycling","10":"tag-giro-ditalia","11":"tag-it","12":"tag-italia","13":"tag-italy","14":"tag-lutto","15":"tag-sport","16":"tag-sports"},"share_on_mastodon":{"url":"","error":""},"_links":{"self":[{"href":"https:\/\/www.europesays.com\/it\/wp-json\/wp\/v2\/posts\/133009","targetHints":{"allow":["GET"]}}],"collection":[{"href":"https:\/\/www.europesays.com\/it\/wp-json\/wp\/v2\/posts"}],"about":[{"href":"https:\/\/www.europesays.com\/it\/wp-json\/wp\/v2\/types\/post"}],"author":[{"embeddable":true,"href":"https:\/\/www.europesays.com\/it\/wp-json\/wp\/v2\/users\/3"}],"replies":[{"embeddable":true,"href":"https:\/\/www.europesays.com\/it\/wp-json\/wp\/v2\/comments?post=133009"}],"version-history":[{"count":0,"href":"https:\/\/www.europesays.com\/it\/wp-json\/wp\/v2\/posts\/133009\/revisions"}],"wp:featuredmedia":[{"embeddable":true,"href":"https:\/\/www.europesays.com\/it\/wp-json\/wp\/v2\/media\/133010"}],"wp:attachment":[{"href":"https:\/\/www.europesays.com\/it\/wp-json\/wp\/v2\/media?parent=133009"}],"wp:term":[{"taxonomy":"category","embeddable":true,"href":"https:\/\/www.europesays.com\/it\/wp-json\/wp\/v2\/categories?post=133009"},{"taxonomy":"post_tag","embeddable":true,"href":"https:\/\/www.europesays.com\/it\/wp-json\/wp\/v2\/tags?post=133009"}],"curies":[{"name":"wp","href":"https:\/\/api.w.org\/{rel}","templated":true}]}}