{"id":133054,"date":"2025-09-27T07:59:12","date_gmt":"2025-09-27T07:59:12","guid":{"rendered":"https:\/\/www.europesays.com\/it\/133054\/"},"modified":"2025-09-27T07:59:12","modified_gmt":"2025-09-27T07:59:12","slug":"giaccherini-a-conte-devo-tutto-che-fatica-fare-loperaio","status":"publish","type":"post","link":"https:\/\/www.europesays.com\/it\/133054\/","title":{"rendered":"Giaccherini: &#8220;A Conte devo tutto. Che fatica fare l&#8217;operaio&#8221;"},"content":{"rendered":"<p>                                L&#8217;ex calciatore delle Juventus e della Nazionale si racconta: &#8220;Mi svegliavo alle 5.30, capii cos&#8217;era il lavoro vero. All&#8217;inizio avevo una Ford con 250mila km: umile come me. A Euro2016 dopo il gol cercai i miei genitori in tribuna, e prima del rigore contro la Germania ho visto la vita passarmi davanti&#8221;.<\/p>\n<p>            <a class=\"image is-50x50\" href=\"https:\/\/www.gazzetta.it\/redazione\/gregorio-spigno\/\" rel=\"nofollow noopener\" target=\"_blank\"><br \/>\n                <img decoding=\"async\" class=\"is-rounded\" src=\"https:\/\/www.europesays.com\/it\/wp-content\/uploads\/2025\/09\/gregorio_spigno.png\" alt=\"Gregorio Spigno\"\/><br \/>\n            <\/a><\/p>\n<p>Giornalista<\/p>\n<p>                    27 settembre &#8211; 08:15  &#8211; MILANO<\/p>\n<p class=\"paragraph\" spellcheck=\"true\">Quale calciatore potrebbe definirsi pi\u00f9 &#8220;operaio&#8221; di chi in fabbrica ci ha lavorato davvero? Emanuele Giaccherini \u2014 fedelissimo soldato di Conte trasformato in &#8220;Giaccherinho&#8221; e perito meccanico ex fabbricante di piste di cemento \u2014 conosce bene il significato del termine fatica. E non solo perch\u00e9 in campo faceva della corsa forsennata una delle caratteristiche fondamentali del suo calcio, ma pure per il passato da operaio vero e proprio.\u00a0<\/p>\n<p class=\"paragraph\" spellcheck=\"true\"><b>Tutto ebbe inizio cos\u00ec\u2026\u00a0<\/b><\/p>\n<p class=\"paragraph\" spellcheck=\"true\">&#8220;Era il 2000, me lo ricordo bene perch\u00e9 c\u2019era l\u2019Europeo. All\u2019epoca avevo 15 anni: scuola appena finita, giocavo negli Allievi del Bibbiena. Fui io a chiedere al mio \u201cbabbo\u201d, operaio, di lavorare. Volevo capire come fosse la fabbrica. Risultato: non lo auguro a nessuno, massacrante. Quell\u2019estate capii cos\u2019\u00e8 un lavoro vero. Allora mi dedicai allo studio e al calcio. Mi sono diplomato come perito meccanico, un buon titolo&#8221;.<\/p>\n<p class=\"paragraph\" spellcheck=\"true\"><b>La giornata tipo in fabbrica?<\/b><\/p>\n<p class=\"paragraph\" spellcheck=\"true\">&#8220;Sveglia alle 5.30 del mattino, ritorno a casa alle 14. Il pomeriggio dormivo ma poi la sera faticavo ad uscire di casa. Nello specifico, costruivo prefabbricati nelle piste di cemento, il peggior ruolo possibile. Preparavo le travi su piste lunghe 120 metri, toglievo il cemento e le armavo con i cavi. Poi una nuova gettata di cemento fresco e via cos\u00ec ogni giorno&#8221;.\u00a0<\/p>\n<p class=\"paragraph\" spellcheck=\"true\"><b>Poi divent\u00f2 professionista, pur non avendo il physique du r\u00f4le del calciatore medio.<\/b><\/p>\n<p class=\"paragraph\" spellcheck=\"true\">&#8220;Devo ringraziare la mia testa e la mia volont\u00e0. Fisicamente non ero calciatore, sul piano tecnico ero bravo ma soprattutto sopperivo al fisico con voglia, testa, corsa. Conte per\u00f2 mi ripeteva sempre che ero forte, se no alla Juve non sarei mai arrivato&#8221;.\u00a0<\/p>\n<p class=\"paragraph\" spellcheck=\"true\"><b>Il ricordo pi\u00f9 bello su Conte?\u00a0<\/b><\/p>\n<p class=\"paragraph\" spellcheck=\"true\">&#8220;Juve-Parma, inaugurazione dello Stadium, il mio esordio in bianconero. Antonio mi voleva a tutti i costi nonostante la societ\u00e0 non fosse molto propensa. Vincemmo 4-0 ma io non feci una buona partita: Conte mi not\u00f2 a testa bassa nello spogliatoio, tornai a casa e trovai un suo messaggio: &#8216;Oggi era difficile, ma so che puoi darmi molto di pi\u00f9&#8217;. Mi tranquillizz\u00f2&#8221;.<\/p>\n<p class=\"paragraph\" spellcheck=\"true\"><b>Fu cos\u00ec che da Giaccherini la trasform\u00f2 in &#8220;Giaccherinho&#8221;?<\/b><\/p>\n<p class=\"paragraph\" spellcheck=\"true\">&#8220;Indelebile, quella Nazionale (Euro 2016, ndr) resta nel cuore di tutti. C\u2019era scetticismo, invece abbiamo vinto contro squadre pi\u00f9 forti grazie al sacrificio e al ct, che ha costruito un\u2019armata. Mi ha dato tantissimo, Antonio. Le lacrime di Barzagli sono state quelle di tutti gli italiani&#8221;.<\/p>\n<p>        <img decoding=\"async\" class=\"is_full_image\" loading=\"lazy\" alt=\"\" src=\"https:\/\/www.europesays.com\/it\/wp-content\/uploads\/2025\/09\/68d6f624e29c4.jpeg\" data-full-src=\"https:\/\/www.europesays.com\/it\/wp-content\/uploads\/2025\/09\/68d6f624e29c4.jpeg\"\/><\/p>\n<p class=\"paragraph\" spellcheck=\"true\"><b>Lei giocava senza\u2026 milza.<\/b><\/p>\n<p class=\"paragraph\" spellcheck=\"true\">&#8220;Categoria Allievi, partita di vertice a Sesto Fiorentino. Passano 5\u2019, involontariamente il portiere avversario si scontra con me e col gomito mi colpisce una costola che piegandosi mi fa esplodere la milza. Ma devo aspettare che finisca la partita, cos\u00ec tutto diventa pi\u00f9 grave. Mi portano in ospedale, faccio una lastra e svengo. I medici notano del sangue nelle urine e capiscono l\u2019emorragia interna, mi operano d\u2019urgenza. Ho davvero rischiato la vita. Oggi devo ancora fare tre vaccini l\u2019anno&#8221;.<\/p>\n<p class=\"paragraph\" spellcheck=\"true\"><b>Il primo gol di quell\u2019Europeo porta la sua firma. Sensazioni in quel momento?<\/b><\/p>\n<p class=\"paragraph\" spellcheck=\"true\">&#8220;Cercai subito i miei genitori in tribuna, abbracciando tutta la squadra. Per\u00f2 \u00e8 nei 30 secondi di tragitto dal centrocampo al dischetto contro la Germania ai quarti che ho visto la mia vita passarmi davanti: tutti i pianti lontano da casa, le fatiche, le docce fredde e i completini mancanti in Serie C, il mio paese, una nazione intera che ti guarda. Davanti alle 70.000 persone dello stadio, io ero solo. Vedevo soltanto Neuer che piano piano diventava sempre pi\u00f9 grosso&#8221;.\u00a0<\/p>\n<p class=\"paragraph\" spellcheck=\"true\"><b>Ha ripensato anche alla Ford con 250mila km su cui si spostava quando giocava in C?\u00a0<\/b><\/p>\n<p class=\"paragraph\" spellcheck=\"true\">&#8220;Una macchina che sar\u00e0 sempre con me. Diventai maggiorenne, pap\u00e0 mi lasci\u00f2 una vecchia Fiesta e la usai altri 5 anni tra Bellaria, Pavia, Forl\u00ec, Cesena. Una macchina umile, come me: \u2018una Giaccherini\u2019. Mi accompagn\u00f2 nel percorso pi\u00f9 difficile&#8221;.<\/p>\n<p class=\"paragraph\" spellcheck=\"true\"><b>Contro la Germania, ai rigori, sembrava fatta\u2026\u00a0<\/b><\/p>\n<p class=\"paragraph\" spellcheck=\"true\">&#8220;Purtroppo, arrivammo a calciare ad oltranza: noi segnavamo sempre, i tedeschi battevano dopo di noi, con la pressione dell\u2019eliminazione in caso di errore, ma anche loro facevano sempre gol. Poi l\u2019errore di Darmian. E non so cosa sia passato per la testa di Pell\u00e9: tutti sbagliano, ma quel gesto a Neuer\u2026&#8221;.<\/p>\n<p class=\"paragraph\" spellcheck=\"true\"><b>Dopo l\u2019Europeo va al Napoli di Sarri: cosa non funzion\u00f2?<\/b><\/p>\n<p class=\"paragraph\" spellcheck=\"true\">&#8220;Non mi \u00e8 stato permesso di restituire alla citt\u00e0 quanto avrei voluto. Tutto si conclude senza rancore, ma il dispiacere resta. Venivo dal punto pi\u00f9 alto della mia carriera, scelsi Napoli per tornare in una big ma Maurizio era un integralista: giocavano solo i suoi e subentravano sempre gli stessi 2-3. Oggi \u00e8 migliorato, per\u00f2 a me vedeva come vice-Callejon e io con lui c\u2019entravo poco, cos\u00ec chiesi di andare via&#8221;.\u00a0<\/p>\n<p class=\"paragraph\" spellcheck=\"true\"><b>Anche la storia di come conobbe sua moglie \u00e8 particolare, pi\u00f9 &#8220;operaia&#8221; che da calciatore.\u00a0<\/b><\/p>\n<p class=\"paragraph\" spellcheck=\"true\">&#8220;Mi trovavo ad un Cesena club, lei era al bar della parrocchia. La vidi per caso e mi balz\u00f2 subito all\u2019occhio. Chiesi informazioni, mi feci vivo io e dopo tanto corteggiamento\u2026 Mi ha fatto sudare, ma col tempo ha capito che non avremmo mai rappresentato l\u2019idea banale del calciatore-velina&#8221;.\u00a0<\/p>\n<p class=\"paragraph\" spellcheck=\"true\"><b>Oggi \u00e8 tornato a Talla, il suo paesino?<\/b><\/p>\n<p><a class=\"is-partner-link\" href=\"http:\/\/www.dazn.com\/gazzetta\" rel=\"nofollow noopener\" target=\"_blank\">Sei cliente diretto DAZN? Per te Gazzetta Digital Edition senza costi aggiuntivi.<\/a><\/p>\n<p class=\"paragraph\" spellcheck=\"true\">&#8220;Quelle sono le mie origini e rimarr\u00e0 sempre casa. Vivo a Firenze, ma a Talla trascorro le estati e appena posso vado a tagliare l\u2019erba: torno operaio, tra gli amici che hanno sognato con me. Sono uno di loro&#8221;.<\/p>\n<p class=\"is-copyright\">\u00a9 RIPRODUZIONE RISERVATA<\/p>\n","protected":false},"excerpt":{"rendered":"L&#8217;ex calciatore delle Juventus e della Nazionale si racconta: &#8220;Mi svegliavo alle 5.30, capii cos&#8217;era il lavoro vero.&hellip;\n","protected":false},"author":3,"featured_media":133055,"comment_status":"","ping_status":"","sticky":false,"template":"","format":"standard","meta":{"footnotes":"","_share_on_mastodon":"0"},"categories":[1452],"tags":[59692,9636,119,2201,2281,721,921,86458,86459,20346,86460,86461,86462,9120,58947,2790,1276,1278,1891,6927,6196,3889,9264,2882,1740,8303,86463,2753,86464,3044,86465,86457,57965,1976,1302,1537,90,89,565,4639,4044,8888,86466,248,61360,2950,1290,86467,489,86468,86469,975,17718,86470,8015,1434,1922,9650,1272,1739,245,244,46081,1928,20184,51135,5489,86471,15288],"class_list":["post-133054","post","type-post","status-publish","format-standard","has-post-thumbnail","category-calcio","tag-abbracciando","tag-allievi","tag-antonio","tag-appena","tag-calciatore","tag-calcio","tag-campo","tag-capii","tag-capii-vero","tag-cemento","tag-cercai","tag-cercai-genitori","tag-cercai-genitori-tribuna","tag-cesena","tag-chiesi","tag-conte","tag-corsa","tag-davvero","tag-devo","tag-difficile","tag-errore","tag-europeo","tag-fabbrica","tag-fatica","tag-football","tag-ford","tag-ford-km","tag-genitori","tag-genitori-tribuna","tag-germania","tag-giaccherinho","tag-giaccherini","tag-giocava","tag-gol","tag-inizio","tag-it","tag-italia","tag-italy","tag-juve","tag-km","tag-macchina","tag-meccanico","tag-milza","tag-napoli","tag-neuer","tag-operaio","tag-partita","tag-passarmi","tag-passato","tag-perito","tag-perito-meccanico","tag-piano","tag-piste","tag-piste-cemento","tag-quell","tag-resta","tag-ricordo","tag-rischiato","tag-so","tag-soccer","tag-sport","tag-sports","tag-talla","tag-testa","tag-tribuna","tag-umile","tag-vero","tag-vero-inizio","tag-vivo"],"share_on_mastodon":{"url":"","error":""},"_links":{"self":[{"href":"https:\/\/www.europesays.com\/it\/wp-json\/wp\/v2\/posts\/133054","targetHints":{"allow":["GET"]}}],"collection":[{"href":"https:\/\/www.europesays.com\/it\/wp-json\/wp\/v2\/posts"}],"about":[{"href":"https:\/\/www.europesays.com\/it\/wp-json\/wp\/v2\/types\/post"}],"author":[{"embeddable":true,"href":"https:\/\/www.europesays.com\/it\/wp-json\/wp\/v2\/users\/3"}],"replies":[{"embeddable":true,"href":"https:\/\/www.europesays.com\/it\/wp-json\/wp\/v2\/comments?post=133054"}],"version-history":[{"count":0,"href":"https:\/\/www.europesays.com\/it\/wp-json\/wp\/v2\/posts\/133054\/revisions"}],"wp:featuredmedia":[{"embeddable":true,"href":"https:\/\/www.europesays.com\/it\/wp-json\/wp\/v2\/media\/133055"}],"wp:attachment":[{"href":"https:\/\/www.europesays.com\/it\/wp-json\/wp\/v2\/media?parent=133054"}],"wp:term":[{"taxonomy":"category","embeddable":true,"href":"https:\/\/www.europesays.com\/it\/wp-json\/wp\/v2\/categories?post=133054"},{"taxonomy":"post_tag","embeddable":true,"href":"https:\/\/www.europesays.com\/it\/wp-json\/wp\/v2\/tags?post=133054"}],"curies":[{"name":"wp","href":"https:\/\/api.w.org\/{rel}","templated":true}]}}