{"id":133521,"date":"2025-09-27T12:53:10","date_gmt":"2025-09-27T12:53:10","guid":{"rendered":"https:\/\/www.europesays.com\/it\/133521\/"},"modified":"2025-09-27T12:53:10","modified_gmt":"2025-09-27T12:53:10","slug":"siamo-qui-per-tadej-ma-anche-per-portare-un-secondo-sloveno-sul-podio","status":"publish","type":"post","link":"https:\/\/www.europesays.com\/it\/133521\/","title":{"rendered":"\u00abSIAMO QUI PER TADEJ, MA ANCHE PER PORTARE UN SECONDO SLOVENO SUL PODIO\u00bb"},"content":{"rendered":"<p><strong>La Slovenia \u00e8 la nazionale pi\u00f9 attesa di questo Mondiale su strada<\/strong>, perch\u00e9 ci sar\u00e0 Tadej Pogacar che deve difendere il titolo conquistato lo scorso anno a Zurigo e perch\u00e9 tutti vogliono vedere chi realmente potr\u00e0 ostacolare la corsa di questo super campione. <strong>Saranno 9 i corridori<\/strong> della Slovenia, un privilegio questo e a indossare la maglia verde della nazionale <strong>c\u2019\u00e8 anche Primoz Roglic<\/strong> che, oltre ad aiutare Pogacar, correr\u00e0 per salire sul podio mondiale.\n            <\/p>\n<p>Roglic, che a Tokyo aveva vinto l\u2019oro nella cronometro olimpica, ha deciso di non partecipare alla crono iridata, preferendo rimanere concentrato sulla gara in linea.\n            <\/p>\n<p>\u00abHo deciso con il mio allenatore di fare <strong>una sessione di allenamento in altura, per preparare nel migliore dei modi questo Mondiale<\/strong> \u2013 ha detto Roglic a Kigali &#8211; \u00c8 stata una decisione presa in base al fatto che, se voglio gareggiare al meglio in queste ultime gare della stagione, l\u2019altura mi avrebbe portato un vantaggio\u00bb.<\/p>\n<p>Al Tour de France lo sloveno \u00e8 arrivato ottavo nella classifica generale e nonostante un terzo posto nella cronoscalata di Peyragudes, ha preferito non partecipare alla crono mondiale.<\/p>\n<p>\u00ab<strong>Cosa posso dire del Tour? Anche se ero in\u00a0 salute, alla fine non sono riuscito a dare di pi\u00f9<\/strong>. Ero in salute, ma non in ottima salute, non tutto \u00e8 stato ottimale. Avevo bisogno del mio tempo, non riuscivo a dare di pi\u00f9 rispetto a quello che ho dato\u00bb.<\/p>\n<p>C\u2019\u00e8 un po\u2019 di rammarico nella voce dello sloveno e per questo ha deciso di concentrarsi solo sulla prova in linea. \u00abPorteremo tutti la maglia della Slovenia e <strong>una Slovenia con nove ciclisti \u00e8 capace di fare molte cose<\/strong> e forse<strong> anche di avere due ciclisti sul podio.\u00a0<\/strong>Questo \u00e8 il momento in cui finalmente abbiamo l&#8217;opportunit\u00e0 di avere un ciclista che correr\u00e0 per la vittoria ma non ci sar\u00e0 solo lui. Sar\u00e0 una gara dura e dovremo lottare tutti per arrivare in fondo al traguardo\u00bb.<\/p>\n<p>Sono successe molte cose in questa stagione in casa della Red Bull &#8211; Bora Hansgrohe e la prossima stagione arriver\u00e0 Remco Evenepoel, che dopo aver conquistato la maglia iridata nella cronometro di domenica scorsa \u00e8 anche tra i favoriti per vincere la prova in linea.<\/p>\n<p>\u00abCredo che <strong>se facessi qualcosa di grande ai Campionati del Mondo, dovremmo fare delle riflessioni.<\/strong> Anche ora, guardandomi indietro, posso dire di essere <strong>decisamente orgoglioso della mia carriera<\/strong> e di tutti i miei successi, ma la motivazione c&#8217;\u00e8 ancora, ed \u00e8 questo che mi spinge ancora avanti. Forse mi aiuta a rimanere giovane o semplicemente ad essere abbastanza giovane per competere con tutti questi ragazzi pi\u00f9 giovani. <strong>Considerando che Remco sta arrivando nella nostra squadra, penso che questo sia fantastico.<\/strong> Dopotutto, non si tratta solo di me, ora si tratta dei risultati:\u00a0 \u00e8 giovane, motivato e pu\u00f2 assumere un ruolo pi\u00f9 importante, e io forse posso essere pi\u00f9 moderato nel cercare le opportunit\u00e0 e le sfide che avr\u00f2 ancora\u00bb.<\/p>\n<p>Roglic nella Red Bull \u2013 Bora Hansgrohe ha un contratto almeno per un altro anno. Ma non ha timore di una carriera che potrebbe finire e pensa che in squadra, <strong>oltre ad Evenepoel ci siano tanti altri giovani che potranno ottenere risultati importanti.<\/strong> Anche gli italiani sono nel team tedesco e tra questi, <strong>c\u2019\u00e8 Lorenzo Finn, che ha vinto il titolo mondiale nella categoria under23 e Giulio Pellizzari<\/strong>, che nel Giro e nella Vuelta ha dimostrato di poter essere un corridore da grandi giri. \u00ab<strong>Trasmettere esperienza e conoscenza a tutte le generazioni successive \u00e8 qualcosa di importante<\/strong>. In questi anni ho accumulato un bel po&#8217; di conoscenza ed esperienza, e sto sicuramente cercando di trasmetterla. Ma sono sempre un ciclista professionista e se mi viene dato un programma da fare lo faccio. Quindi s\u00ec, mi piace lasciare agli altri qualcosa di me, ma c\u2019\u00e8 ancora tempo per fermarmi\u00bb.<\/p>\n","protected":false},"excerpt":{"rendered":"La Slovenia \u00e8 la nazionale pi\u00f9 attesa di questo Mondiale su strada, perch\u00e9 ci sar\u00e0 Tadej Pogacar che&hellip;\n","protected":false},"author":3,"featured_media":133522,"comment_status":"","ping_status":"","sticky":false,"template":"","format":"standard","meta":{"footnotes":""},"categories":[1456],"tags":[1824,1825,1537,90,89,42387,1931,25040,245,244],"class_list":{"0":"post-133521","1":"post","2":"type-post","3":"status-publish","4":"format-standard","5":"has-post-thumbnail","7":"category-ciclismo","8":"tag-ciclismo","9":"tag-cycling","10":"tag-it","11":"tag-italia","12":"tag-italy","13":"tag-mondiali-2025","14":"tag-pogacar","15":"tag-slovenia","16":"tag-sport","17":"tag-sports"},"share_on_mastodon":{"url":"","error":""},"_links":{"self":[{"href":"https:\/\/www.europesays.com\/it\/wp-json\/wp\/v2\/posts\/133521","targetHints":{"allow":["GET"]}}],"collection":[{"href":"https:\/\/www.europesays.com\/it\/wp-json\/wp\/v2\/posts"}],"about":[{"href":"https:\/\/www.europesays.com\/it\/wp-json\/wp\/v2\/types\/post"}],"author":[{"embeddable":true,"href":"https:\/\/www.europesays.com\/it\/wp-json\/wp\/v2\/users\/3"}],"replies":[{"embeddable":true,"href":"https:\/\/www.europesays.com\/it\/wp-json\/wp\/v2\/comments?post=133521"}],"version-history":[{"count":0,"href":"https:\/\/www.europesays.com\/it\/wp-json\/wp\/v2\/posts\/133521\/revisions"}],"wp:featuredmedia":[{"embeddable":true,"href":"https:\/\/www.europesays.com\/it\/wp-json\/wp\/v2\/media\/133522"}],"wp:attachment":[{"href":"https:\/\/www.europesays.com\/it\/wp-json\/wp\/v2\/media?parent=133521"}],"wp:term":[{"taxonomy":"category","embeddable":true,"href":"https:\/\/www.europesays.com\/it\/wp-json\/wp\/v2\/categories?post=133521"},{"taxonomy":"post_tag","embeddable":true,"href":"https:\/\/www.europesays.com\/it\/wp-json\/wp\/v2\/tags?post=133521"}],"curies":[{"name":"wp","href":"https:\/\/api.w.org\/{rel}","templated":true}]}}