{"id":133895,"date":"2025-09-27T17:31:10","date_gmt":"2025-09-27T17:31:10","guid":{"rendered":"https:\/\/www.europesays.com\/it\/133895\/"},"modified":"2025-09-27T17:31:10","modified_gmt":"2025-09-27T17:31:10","slug":"la-presentazione-dei-palinsesti-sky-i-programmi-i-film-e-le-serie-tv-che-vedremo-nel-2025-2026","status":"publish","type":"post","link":"https:\/\/www.europesays.com\/it\/133895\/","title":{"rendered":"La presentazione dei palinsesti Sky: i programmi, i film e le serie tv che vedremo nel 2025-2026"},"content":{"rendered":"<p>Quella appena partita sar\u00e0 una nuova stagione entusiasmante anche per le <b>serie<\/b> in arrivo su Sky e in streaming su NOW. La line-up dei prossimi mesi sar\u00e0 infatti ricca di innumerevoli novit\u00e0 internazionali, di cult Sky Original attesissimi e di molti dei franchise pi\u00f9 iconici e amati di sempre, per un\u2019offerta seriale, tra prime visioni e grandi classici, tre canali interamente dedicati (<b>Sky Atlantic<\/b>, <b>Sky Serie<\/b> e <b>Sky Investigation<\/b>) e titoli di library on demand, davvero senza precedenti.<\/p>\n<p>\u00a0<\/p>\n<p>La stagione \u00e8 appena iniziata con una serie attesissima: il fenomeno <b>The Pitt<\/b>, da qualche giorno su Sky e NOW in esclusiva con i primi episodi. \u201cPotentissimo e incredibilmente soddisfacente\u201d secondo Rolling Stone, quasi un sequel spirituale della storica \u201cE.R. \u2013 Medici in prima linea\u201d pluripremiato agli ultimi Emmy Awards &#8211; Miglior serie drammatica e Miglior attore protagonista a Noah Wyle fra le statuette vinte. \u00a0<\/p>\n<p>\u00a0<\/p>\n<p>Ottobre 2025 prosegue all\u2019insegna della grande serialit\u00e0 internazionale. A inizio mese il legal dramedy <b>Suits LA<\/b>, spin-off californiano dell\u2019amatissimo procedural ambientato a New York, quindi due titoli in esclusiva per l\u2019Italia targati HBO: dal creatore di \u201cOmicidio a Easttown\u201d, dal 12 ottobre arriver\u00e0 <b>Task<\/b>, un nuovo crime drama con Mark Ruffalo e Tom Pelphrey; per Halloween, invece, arriva dal 27 ottobre <b>IT: Welcome to Derry<\/b>, prequel che espande il mondo dei due blockbuster di Andy Muschietti aggiornando il mito dell\u2019iconico (e almeno altrettanto terrificante) Pennywise, dal bestseller di Stephen King. Dal 16 ottobre, invece, una produzione Sky Original britannica quasi interamente girata nel nostro Paese: <b>The Iris Affair \u2013 Missione ad alto rischio<\/b>, tech thriller con Niamh Algar, Tom Hollander e Maya Sansa, che vede due brillanti menti inseguirsi in una corsa mortale attraverso l&#8217;Italia e i suoi soleggiati paesaggi mozzafiato.<\/p>\n<p>\u00a0<\/p>\n<p>Dal 1\u00b0 novembre si accende alla posizione 114 di Sky un nuovo canale: <b>Sky<\/b> <b>Collection<\/b> dar\u00e0 tutte le stagioni di alcune delle serie pi\u00f9 di culto di sempre, quelle che hanno fatto la storia della televisione. Per scoprirle per la prima volta o rivederle episodio dopo episodio, su un unico canale dedicato. Si parte con <b>Friends<\/b> e, subito a seguire, fra novembre e gennaio, arriveranno <b>The Big Bang Theory<\/b>, <b>Romanzo Criminale \u2013 La Serie<\/b>, <b>Il Trono di Spade<\/b>, <b>Sex &amp; The City<\/b>, <b>La signora in giallo<\/b>, <b>Gomorra \u2013 La serie<\/b> e <b>The Office<\/b>.<\/p>\n<p>\u00a0<\/p>\n<p>Con la terza stagione di <b>Call My Agent \u2013 Italia<\/b>, novembre vedr\u00e0 il ritorno su Sky e NOW degli agenti pi\u00f9 divertenti della TV, di nuovo alle prese con le carriere di alcuni dei nomi pi\u00f9 amati dello spettacolo italiano. Guest della terza stagione Luca Argentero, Michelle Hunziker e Aurora Ramazzotti, Stefania Sandrelli, il cast di \u201cRomanzo Criminale \u2013 La serie\u201d (Marco Bocci, Vinicio Marchioni, Francesco Montanari, Edoardo Pesce, Alessandro Roia e Daniela Virgilio), Miriam Leone e Ficarra &amp; Picone. Nello stesso mese il debutto della novit\u00e0 assoluta <b>All Her Fault<\/b>, mistery thriller con la star di \u201cSuccession\u201d Sarah Snook e Dakota Fanning. Nei prossimi mesi anche <b>Amadeus<\/b>, period Sky Original che dopo il film di Milo\u0161 Forman reimmagina la leggendaria rivalit\u00e0 tra Wolfgang \u201cAmadeus\u201d Mozart e Antonio Salieri, e <b>The Rainmaker<\/b>, legal drama dal celebre romanzo di John Grisham \u201cL\u2019uomo della pioggia\u201d, gi\u00e0 adattato per il grande schermo da Francis Ford Coppola.<\/p>\n<p>\u00a0<\/p>\n<p>Il 2026 sar\u00e0 l\u2019anno di due attesissimi ritorni: arriveranno infatti le terze stagioni di due hit assolute targate HBO, <b>Euphoria<\/b> e <b>House of the Dragon<\/b>, mentre a inizio anno sar\u00e0 su Sky e NOW la<b> <\/b>gi\u00e0 chiacchieratissima <b>The Paper<\/b> con Sabrina Impacciatore, divertente sit-com NBCU ambientata nello stesso universo della serie di culto \u201cThe Office\u201d. Fra i titoli del 2026 anche le serie originali <b>Under Salt Marsh<\/b>, small town murder mistery con Kelly Reilly, e <b>Atomic<\/b>, avventura mozzafiato su due personaggi improbabili &#8211; un trafficante di droga e un fuggitivo, interpretati da Alfie Allen e Shazad Latif &#8211; uniti in un viaggio che cambier\u00e0 le loro vite per sempre.<\/p>\n<p>\u00a0<\/p>\n<p>Ma ad aprire il nuovo anno sar\u00e0 il debutto di <b>Gomorra \u2013 Le Origini<\/b>, con Marco D\u2019Amore, storico protagonista della saga Sky Original, dietro la macchina da presa del coming-of-age del futuro boss Pietro Savastano nella Napoli degli Anni \u201970. Nei mesi successivi debutter\u00e0 un nuovo titolo originale, <b>Avvocato Ligas<\/b>, con Luca Argentero nei panni del fascinoso e spregiudicato avvocato protagonista del romanzo \u201cPerdenti. La prima indagine dell\u2019avvocato Ligas\u201d di Gianluca Ferraris (Edizioni Piemme). Sempre nel 2026 l\u2019attesissimo secondo capitolo di \u201cHanno Ucciso l\u2019Uomo Ragno\u201d, <b>Nord Sud Ovest Est<\/b>, che porter\u00e0 a compimento la leggendaria storia degli 883 firmata da Sydney Sibilia.<\/p>\n<p>\u00a0<\/p>\n<p>Inoltre, annunciata oggi una nuova serie originale, inizio riprese previsto per il prossimo anno: <b>Gucci &#8211; Fine dei giochi <\/b>(working title), diretta da Gabriele Muccino, dal memoir omonimo di Allegra Gucci, figlia di Patrizia Reggiani e del celebre leader del marchio Maurizio Gucci. Sky Studios e Lucky Red insieme per un ritratto inedito della famiglia pi\u00f9 iconica del lusso italiano. Sar\u00e0 la prima di una lunga serie di novit\u00e0 originali che verranno svelate solo nei prossimi mesi, frutto della forza produttiva e creativa di Sky.<\/p>\n","protected":false},"excerpt":{"rendered":"Quella appena partita sar\u00e0 una nuova stagione entusiasmante anche per le serie in arrivo su Sky e in&hellip;\n","protected":false},"author":3,"featured_media":133896,"comment_status":"","ping_status":"","sticky":false,"template":"","format":"standard","meta":{"footnotes":""},"categories":[1444],"tags":[203,204,1537,90,89,9008,270,253],"class_list":{"0":"post-133895","1":"post","2":"type-post","3":"status-publish","4":"format-standard","5":"has-post-thumbnail","7":"category-tv","8":"tag-entertainment","9":"tag-intrattenimento","10":"tag-it","11":"tag-italia","12":"tag-italy","13":"tag-programmi","14":"tag-sky","15":"tag-tv"},"share_on_mastodon":{"url":"","error":""},"_links":{"self":[{"href":"https:\/\/www.europesays.com\/it\/wp-json\/wp\/v2\/posts\/133895","targetHints":{"allow":["GET"]}}],"collection":[{"href":"https:\/\/www.europesays.com\/it\/wp-json\/wp\/v2\/posts"}],"about":[{"href":"https:\/\/www.europesays.com\/it\/wp-json\/wp\/v2\/types\/post"}],"author":[{"embeddable":true,"href":"https:\/\/www.europesays.com\/it\/wp-json\/wp\/v2\/users\/3"}],"replies":[{"embeddable":true,"href":"https:\/\/www.europesays.com\/it\/wp-json\/wp\/v2\/comments?post=133895"}],"version-history":[{"count":0,"href":"https:\/\/www.europesays.com\/it\/wp-json\/wp\/v2\/posts\/133895\/revisions"}],"wp:featuredmedia":[{"embeddable":true,"href":"https:\/\/www.europesays.com\/it\/wp-json\/wp\/v2\/media\/133896"}],"wp:attachment":[{"href":"https:\/\/www.europesays.com\/it\/wp-json\/wp\/v2\/media?parent=133895"}],"wp:term":[{"taxonomy":"category","embeddable":true,"href":"https:\/\/www.europesays.com\/it\/wp-json\/wp\/v2\/categories?post=133895"},{"taxonomy":"post_tag","embeddable":true,"href":"https:\/\/www.europesays.com\/it\/wp-json\/wp\/v2\/tags?post=133895"}],"curies":[{"name":"wp","href":"https:\/\/api.w.org\/{rel}","templated":true}]}}