{"id":134021,"date":"2025-09-27T18:57:15","date_gmt":"2025-09-27T18:57:15","guid":{"rendered":"https:\/\/www.europesays.com\/it\/134021\/"},"modified":"2025-09-27T18:57:15","modified_gmt":"2025-09-27T18:57:15","slug":"alla-sfilata-di-dolce-gabbana-il-pigiama-maschile-diventa-il-capo-essential-del-guardaroba-femminile-10-idee-moda-per-indossarlo","status":"publish","type":"post","link":"https:\/\/www.europesays.com\/it\/134021\/","title":{"rendered":"Alla sfilata di Dolce &#038; Gabbana il pigiama maschile diventa il capo essential del guardaroba femminile: 10 idee moda per indossarlo"},"content":{"rendered":"<p>Alla sfilata di Dolce &amp; Gabbana primavera estate 2026, appena presentata alla Milano Fashion Week, il pigiama maschile \u00e8 protagonista in un continuo rimescolamento tra maschile e femminile<\/p>\n<p>\u00abForte, unico, fantastico, cool, chic, femminile\u00bb, cos\u00ec il breve spot che presenta la diretta della sfilata <a href=\"https:\/\/www.vogue.it\/article\/dolce-e-gabbana-abiti-gioiello-party-dress-milano-fashion-week\" target=\"_blank\" rel=\"nofollow noopener\">Dolce &amp; Gabbana<\/a> primavera estate 2026 alla <a href=\"https:\/\/www.vogue.it\/moda\/article\/milano-fashion-week-calendario-sfilate-eventi\" target=\"_blank\" rel=\"nofollow noopener\">Milano Fashion Week<\/a> definisce il capo del giorno, protagonista assoluto dello show: il pigiama. Domenico Dolce e Stefano Gabbana ci avevano gi\u00e0 dato un assaggio di tutte le declinazioni che questo capo pu\u00f2 avere alla sfilata Uomo primavera estate 2026, e ora lo rubano dal guardaroba di lui per adattarlo agli outfit da donna, trasformandolo in un vero passe-partout. Si intitola \u201cPJ Obsession\u201d la collezione, ed \u00e8 un progetto che racconta il fascino di un guardaroba che unisce rigore maschile e seduzione femminile dove i pigiami classici da uomo vengono riletti in chiave sensuale e contemporanea.<\/p>\n<p>Il pigiama \u00e8 ora l&#8217;alternativa al completo, ma anche un capo da abbinare in base alla nostra creativit\u00e0 e al nostro gusto, mixando in libert\u00e0, come piace alla GEN Z. Prepariamoci, quindi, ad accoglierlo nel nostro armadio. Qui vi spieghiamo come abbinarlo in 10 idee moda nuove appena avvistate in passerella (<a href=\"https:\/\/www.vogue.it\/article\/il-diavolo-veste-prada-2-milano-fashion-week-2025-riprese-sfilata-dolce-gabbana\" target=\"_blank\" rel=\"nofollow noopener\">che tra le altre cose ha visto l&#8217;apparizione di Meryl Streep nei panni de \u2018Il Diavolo veste Prada 2\u2019<\/a>). Tutte oscillano costantemente tra maschile e femminile, in nome della libert\u00e0. La parola d&#8217;ordine? Stratificazione.<\/p>\n<p><img decoding=\"async\" alt=\"Dolce amp Gabbana primavera estate 2026\" loading=\"lazy\" class=\"ResponsiveImageContainer-eNxvmU cfBbTk responsive-image__image\"   src=\"https:\/\/www.europesays.com\/it\/wp-content\/uploads\/2025\/09\/Screenshot%202025-09-27%20alle%2015.50.03.png\"\/><\/p>\n<p>Dolce &amp; Gabbana primavera estate 2026<\/p>\n<p>#1 Pigiama maschile e lingerie<\/p>\n<p>Questo accostamento avvicina due mondi simili, perch\u00e9 intimi, ma opposti. \u00c8 la massima espressione dell tra maschile e femminile: il completo morbido, comodo, coprente, si porta in combo con il pi\u00f9 sexy e trasparente dei body intimi.<\/p>\n","protected":false},"excerpt":{"rendered":"Alla sfilata di Dolce &amp; Gabbana primavera estate 2026, appena presentata alla Milano Fashion Week, il pigiama maschile&hellip;\n","protected":false},"author":3,"featured_media":134022,"comment_status":"","ping_status":"","sticky":false,"template":"","format":"standard","meta":{"footnotes":""},"categories":[174],"tags":[86914,203,35889,204,1537,90,89,72128,49367],"class_list":{"0":"post-134021","1":"post","2":"type-post","3":"status-publish","4":"format-standard","5":"has-post-thumbnail","7":"category-intrattenimento","8":"tag-dolce-e-gabbana","9":"tag-entertainment","10":"tag-fashion-week","11":"tag-intrattenimento","12":"tag-it","13":"tag-italia","14":"tag-italy","15":"tag-milano-fashion-week","16":"tag-sfilate"},"share_on_mastodon":{"url":"","error":""},"_links":{"self":[{"href":"https:\/\/www.europesays.com\/it\/wp-json\/wp\/v2\/posts\/134021","targetHints":{"allow":["GET"]}}],"collection":[{"href":"https:\/\/www.europesays.com\/it\/wp-json\/wp\/v2\/posts"}],"about":[{"href":"https:\/\/www.europesays.com\/it\/wp-json\/wp\/v2\/types\/post"}],"author":[{"embeddable":true,"href":"https:\/\/www.europesays.com\/it\/wp-json\/wp\/v2\/users\/3"}],"replies":[{"embeddable":true,"href":"https:\/\/www.europesays.com\/it\/wp-json\/wp\/v2\/comments?post=134021"}],"version-history":[{"count":0,"href":"https:\/\/www.europesays.com\/it\/wp-json\/wp\/v2\/posts\/134021\/revisions"}],"wp:featuredmedia":[{"embeddable":true,"href":"https:\/\/www.europesays.com\/it\/wp-json\/wp\/v2\/media\/134022"}],"wp:attachment":[{"href":"https:\/\/www.europesays.com\/it\/wp-json\/wp\/v2\/media?parent=134021"}],"wp:term":[{"taxonomy":"category","embeddable":true,"href":"https:\/\/www.europesays.com\/it\/wp-json\/wp\/v2\/categories?post=134021"},{"taxonomy":"post_tag","embeddable":true,"href":"https:\/\/www.europesays.com\/it\/wp-json\/wp\/v2\/tags?post=134021"}],"curies":[{"name":"wp","href":"https:\/\/api.w.org\/{rel}","templated":true}]}}