{"id":13443,"date":"2025-07-28T08:43:16","date_gmt":"2025-07-28T08:43:16","guid":{"rendered":"https:\/\/www.europesays.com\/it\/13443\/"},"modified":"2025-07-28T08:43:16","modified_gmt":"2025-07-28T08:43:16","slug":"i-cinque-piu-uno-prodotti-che-segneranno-lautunno-di-apple","status":"publish","type":"post","link":"https:\/\/www.europesays.com\/it\/13443\/","title":{"rendered":"I cinque (pi\u00f9 uno) prodotti che segneranno l&#8217;autunno di Apple"},"content":{"rendered":"<p>Siamo a ridosso del lancio di iPhone 17. Come ogni anno, sar\u00e0 questo il prodotto su cui si concentreranno i grandi media, gli influencer e i creator a caccia di visibilit\u00e0. Gli iPhone restano centrali per Apple, ma da qui alla fine del 2025 sono attesi altri annunci che potrebbero rivelarsi altrettanto influenti \u2014 se non decisivi \u2014 per il futuro della Mela. In questo articolo mettiamo in fila i cinque pi\u00f9 importanti, pi\u00f9 uno che potrebbe sorprendere.<\/p>\n<p>1- iPhone 17 Air (e Pro)<\/p>\n<p>Tra tutte le uscite previste, come detto, quella dell\u2019<strong>iPhone 17 \u00e8 ovviamente <\/strong>l<strong>a pi\u00f9 attesa<\/strong>. Pi\u00f9 atteso ancora \u00e8 <a href=\"https:\/\/www.macitynet.it\/iphone-17-air-novita-prezzo-uscita\/\" rel=\"nofollow noopener\" target=\"_blank\">iPhone 17 Air<\/a> che dovrebbe rappresentare la vera novit\u00e0 dell\u2019anno, una sorta di punto di svolta nel design Apple che vuole <strong>inaugurare un nuovo linguaggio di design come aveva fatto con il MacBook Air<\/strong>.<\/p>\n<p>iPhone 17 Air <a href=\"https:\/\/www.macitynet.it\/iphone-17-air-dieci-cose\/\" rel=\"nofollow noopener\" target=\"_blank\">avr\u00e0 il minor <strong>spessore di tutti i tempi<\/strong>.<\/a> Le indiscrezioni parlano anche di un peso sotto i 150 grammi, un design che mixa <strong>materiali come vetro e titanio <\/strong>e una batteria di nuova generazione, oltre che il nuovo <strong>chip A19<\/strong>.<\/p>\n<p>Ma <a href=\"https:\/\/www.macitynet.it\/iphone-17-pro-novita-caratteristiche-prezzo-uscita\/\" rel=\"nofollow noopener\" target=\"_blank\">anche i Pro<\/a>\u00a0 avranno di che farsi notare. I modelli di fascia pi\u00f9 alta si preparano a subire <strong>la pi\u00f9 grande revisione estetica e strutturale dai tempi di iPhone 12<\/strong>. Sar\u00e0 abbandonato il Titanio e arriveranno l\u2019Alluminio e un particolare mix di vetro e metallo per il dorso.<\/p>\n<p><a href=\"https:\/\/www.macitynet.it\/wp-content\/uploads\/2025\/01\/iphone17Air.jpg\" rel=\"nofollow noopener\" target=\"_blank\"><img fetchpriority=\"high\" decoding=\"async\" class=\"size-full wp-image-1375518\" title=\"All'iPhone 17 Air, Samsung vuole rispondere con l'S25 Slim - macitynet.it\" src=\"data:image\/svg+xml,%3Csvg%20xmlns=\" http:=\"\" alt=\"All'iPhone 17 Air, Samsung vuole rispondere con l'S25 Slim - macitynet.it\" width=\"1200\" height=\"826\" data-lazy- data-lazy- data-lazy-src=\"https:\/\/www.europesays.com\/it\/wp-content\/uploads\/2025\/07\/iphone17Air.jpg.webp.webp\"\/><\/a>Immagine di 9to5Mac<br \/>\n2 \u2013 iOS 26 e iPadOS 26<\/p>\n<p>I due principali sistemi operativi, <a href=\"https:\/\/www.macitynet.it\/ios-26-tutte-le-novita-spiegate-una-per-una\/\" rel=\"nofollow noopener\" target=\"_blank\"><strong>iOS 26<\/strong><\/a> e <strong><a href=\"https:\/\/www.macitynet.it\/ipados-26-data-di-rilascio-novita\/\" rel=\"nofollow noopener\" target=\"_blank\">iPadOS 26<\/a>, avranno come elemento distintivo<\/strong>\u00a0<strong>Liquid Glass<\/strong>, la nuova interfaccia flessibile e adattiva, che ammicca al vetro, capace di reagire in tempo reale al contenuto mostrato e alle abitudini d\u2019uso dell\u2019utente.<\/p>\n<p>Ma in realt\u00e0 dietro ai due Os c\u2019\u00e8 anche molto altro. Apple sta lavorando per affidare ad Apple Intelligence una serie di compiti come intelligenza visiva (via chatGpt), un\u2019app telefono che aiuta a limitare gli scocciatori e a filtrare i messaggi e diversi affinamenti che potrebbero cambiare notevolmente l\u2019uso degli iPhone.<\/p>\n<p>Le <strong>novit\u00e0 di iPadOS 26<\/strong> segnano invece sicuramente in cambiamento importante. Parliamo di un avvicinamento alle modalit\u00e0 d\u2019uso tipiche di un <strong>Mac, una scelta che fa fronte a richieste storiche<\/strong>. Avverr\u00e0 grazie a un <strong>multitasking<\/strong> che si pu\u00f2 davvero definire tale: finestre ridimensionabili e di differenti applicazioni che permetteranno una gestione evoluta degli spazi di lavoro. Completer\u00e0 lo scenario un supporto pi\u00f9 maturo all\u2019uso con tastiera e trackpad che renderanno una macchina pi\u00f9 completa per lavorare in mobilit\u00e0.<\/p>\n<p><a href=\"https:\/\/www.macitynet.it\/wp-content\/uploads\/2025\/06\/ios-26.jpg\" rel=\"nofollow noopener\" target=\"_blank\"><img loading=\"lazy\" decoding=\"async\" class=\"size-full wp-image-1417587\" title=\"Traduzione via AirPods e Wi-Fi condiviso, Apple non se l'\u00e8 dimenticate - macitynet.it\" src=\"data:image\/svg+xml,%3Csvg%20xmlns=\" http:=\"\" alt=\"Traduzione via AirPods e Wi-Fi condiviso, Apple non se l'\u00e8 dimenticate - macitynet.it\" width=\"1200\" height=\"822\" data-lazy- data-lazy- data-lazy-src=\"https:\/\/www.europesays.com\/it\/wp-content\/uploads\/2025\/07\/ios-26.jpg.webp.webp\"\/><\/a>T<br \/>\n3 \u2013 Dispositivi con chip M5<\/p>\n<p>MacBook Pro, Mac Studio e forse anche un nuovo Mac Pro dovrebbero accogliere il <a href=\"https:\/\/www.macitynet.it\/apple-m5\/\" rel=\"nofollow noopener\" target=\"_blank\">chip M5.<\/a> Ma a inaugurare questa <strong>nuova generazione di silicio sar\u00e0 quasi certamente l\u2019iPad Pro,<\/strong> che potrebbe <a href=\"https:\/\/www.macitynet.it\/ipad-pro-2025-data-di-lancio-m5\/\" rel=\"nofollow noopener\" target=\"_blank\">essere aggiornato gi\u00e0 in autunno<\/a>. Sar\u00e0 il primo dispositivo Apple con processore M5, probabilmente costruito su un nodo a 2nm o su un affinamento evolutivo del 3nm attuale, pensato per aumentare l\u2019efficienza energetica e le performance nei carichi di lavoro AI.<\/p>\n<p>I Mac con chip M5 arriveranno, ma pi\u00f9 tardi. <strong>\u00c8 verosimile che i computer con M5 vedranno la luce solo dopo l\u2019inverno<\/strong>, con debutti previsti tra marzo e giugno 2026. Si tratter\u00e0 di aggiornamenti non troppo eclatanti, forse ininfluenti dal punto di vista del design.<\/p>\n<p>Attenzione, per\u00f2, anche a<strong> Vision Pro,<\/strong> c<strong>he potrebbe ricevere un <a href=\"https:\/\/www.macitynet.it\/apple-piani-per-realta-aumentata\/\" rel=\"nofollow noopener\" target=\"_blank\">aggiornamento tecnico con M5<\/a> e<\/strong> \u2014 ancora pi\u00f9 interessante \u2014 <strong>potrebbe finalmente arrivare anche in Italia<\/strong>. La seconda generazione o una revisione hardware minore potrebbe essere l\u2019occasione per espandere la distribuzione internazionale, rispondendo a una domanda che, pur limitata, resta viva anche nel nostro mercato.<\/p>\n<p><a href=\"https:\/\/www.macitynet.it\/wp-content\/uploads\/2025\/06\/processore-M5-apple.jpg\" rel=\"nofollow noopener\" target=\"_blank\"><img loading=\"lazy\" decoding=\"async\" class=\"size-full wp-image-1416803\" title=\"Apple pronta a produrre Pad Pro 2025 ma l'occhio \u00e8 al 2026 - macitynet.it\" src=\"data:image\/svg+xml,%3Csvg%20xmlns=\" http:=\"\" alt=\"Apple pronta a produrre Pad Pro 2025 ma l'occhio \u00e8 al 2026 - macitynet.it\" width=\"1536\" height=\"1024\" data-lazy- data-lazy- data-lazy-src=\"https:\/\/www.europesays.com\/it\/wp-content\/uploads\/2025\/07\/processore-M5-apple.jpg.webp.webp\"\/><\/a>Apple pronta a produrre Pad Pro 2025 ma l\u2019occhio \u00e8 al 2026<br \/>\n4 \u2013 Apple Watch Ultra 3<\/p>\n<p>L\u2019<a href=\"https:\/\/www.macitynet.it\/apple-watch-ultra-3-novita-design-uscita-prezzo\/\" rel=\"nofollow noopener\" target=\"_blank\"><strong>Apple Watch Ultra 3<\/strong><\/a> \u00e8 atteso per settembre 2025 e dovrebbe rappresentare il primo vero aggiornamento sostanziale della linea dal suo debutto. Il design rester\u00e0 in continuit\u00e0 con le versioni precedenti \u2014 titanio, vetro zaffiro, colori noti \u2014 ma con possibili miglioramenti tecnici, come un nuovo retro in metallo per una <strong>ricarica pi\u00f9 rapida<\/strong> e ricezione cellulare potenziata.<\/p>\n<p>Il display non sar\u00e0 microLED, ma potrebbe guadagnare luminosit\u00e0 extra grazie a <strong>pannelli OLED LTPO di terza generazione<\/strong>. \u00c8 possibile che si superi il picco di 3000 nit dell\u2019Ultra 2, mantenendo l\u2019efficienza energetica anche con schermo always-on attivo.<\/p>\n<p>All\u2019interno troveremo probabilmente un <strong>chip S11<\/strong>, pi\u00f9 efficiente e compatto, in grado di supportare nuove gesture e funzioni AI on-device. Sul fronte della connettivit\u00e0 arriver\u00e0 il <strong>5G RedCap<\/strong> pensato per indossabili e, soprattutto, la tanto attesa <strong>connessione satellitare<\/strong> per messaggi d\u2019emergenza senza rete.<\/p>\n<p><a href=\"https:\/\/www.macitynet.it\/wp-content\/uploads\/2025\/05\/apple-watch-ultra-3.jpg\" rel=\"nofollow noopener\" target=\"_blank\"><img loading=\"lazy\" decoding=\"async\" class=\"size-full wp-image-1407654\" title=\"Apple Watch Ultra 3, tutto quello che sappiamo su design, novit\u00e0 salute e uscita - macitynet.it\" src=\"data:image\/svg+xml,%3Csvg%20xmlns=\" http:=\"\" alt=\"Apple Watch Ultra 3, tutto quello che sappiamo su design, novit\u00e0 salute e uscita - macitynet.it\" width=\"1536\" height=\"1024\" data-lazy- data-lazy- data-lazy-src=\"https:\/\/www.europesays.com\/it\/wp-content\/uploads\/2025\/07\/apple-watch-ultra-3.jpg.webp.webp\"\/><\/a><\/p>\n<p>5 \u2013 AirPods Pro 3<\/p>\n<p><strong>La <a href=\"https:\/\/www.macitynet.it\/airpods-pro-3-novita-uscita-prezzo\/\" rel=\"nofollow noopener\" target=\"_blank\">terza generazione degli AirPods Pro<\/a>, che sar\u00e0 molto probabilmente introdotta in autunno con gli iPhone 17, promette il pi\u00f9 ampio salto evolutivo nella storia della gamma, <\/strong>una revisioneche coinvolge design, funzioni e tecnologie interne.<\/p>\n<p>Si parla di <strong>nuovo chip H3 e processore U2<\/strong>: il primo pensato per migliorare audio, latenza e cancellazione del rumore, il secondo per potenziare la localizzazione e rendere pi\u00f9 facile l\u2019accoppiamento tra dispositivi Apple.<\/p>\n<p>Sul fronte del benessere, si rafforza l\u2019ipotesi di <strong>sensori biometrici integrati negli auricolari:<\/strong> rilevazione del battito cardiaco e temperatura corporea sono le due funzioni pi\u00f9 citate, con Apple che si ispira a quanto gi\u00e0 sperimentato nei Powerbeats Pro 2.<\/p>\n<p>Secondo Bloomberg, Apple starebbe anche lavorando a una <strong>funzione di traduzione simultanea,<\/strong> da usare con l\u2019app Traduci di iOS. Indossando gli AirPods Pro 3, si potrebbe ascoltare una conversazione tradotta in tempo reale, con l\u2019iPhone a fare da interprete vocale verso l\u2019interlocutore.<\/p>\n<p><a href=\"https:\/\/www.macitynet.it\/wp-content\/uploads\/2025\/04\/airpods-pro-3.jpg\" rel=\"nofollow noopener\" target=\"_blank\"><img loading=\"lazy\" decoding=\"async\" class=\"size-full wp-image-1405597\" title=\"AirPods Pro 3 in arrivo, novit\u00e0, design, funzioni salute, data di uscita e prezzo - macitynet.it\" src=\"data:image\/svg+xml,%3Csvg%20xmlns=\" http:=\"\" alt=\"AirPods Pro 3 in arrivo, novit\u00e0, design, funzioni salute, data di uscita e prezzo - macitynet.it\" width=\"1536\" height=\"1024\" data-lazy- data-lazy- data-lazy-src=\"https:\/\/www.europesays.com\/it\/wp-content\/uploads\/2025\/07\/airpods-pro-3.jpg.webp.webp\"\/><\/a><\/p>\n<p>Bonus: AirTag 2<\/p>\n<p>Non \u00e8 il prodotto che ruber\u00e0 la scena durante un keynote, ma <a href=\"https:\/\/www.macitynet.it\/airtag-2-novita-uscita-caratteristiche-apple-2025\/\" rel=\"nofollow noopener\" target=\"_blank\">AirTag 2<\/a> potrebbe rivelarsi una delle mosse pi\u00f9 intelligenti di Apple per rafforzare il proprio ecosistema. Dopo un inizio incerto e persino voci di cancellazione, il successore del tracker pi\u00f9 discusso di Cupertino \u00e8 ormai vicino al debutto, con novit\u00e0 importanti sotto la scocca.<\/p>\n<p>A cambiare sar\u00e0 soprattutto il cuore tecnologico: il nuovo chip Ultra Wideband di seconda generazione, gi\u00e0 visto su iPhone 15 e Apple Watch Series 9, garantir\u00e0 una localizzazione pi\u00f9 precisa e reattiva, anche in ambienti affollati o complessi. Si parla anche di integrazione con Vision Pro, con la possibilit\u00e0 di visualizzare in realt\u00e0 aumentata la posizione di un oggetto tracciato: una funzione che potrebbe rendere molto pi\u00f9 intuitivo l\u2019uso quotidiano del dispositivo.<\/p>\n<p>Apple sta lavorando anche su nuove tutele per la privacy, per ridurre i rischi di tracciamento indesiderato. Si ipotizzano controlli pi\u00f9 avanzati per la condivisione della posizione e funzioni che consentano anche alle compagnie aeree di accedere temporaneamente agli AirTag in caso di bagaglio smarrito.<\/p>\n<p><a href=\"https:\/\/www.macitynet.it\/wp-content\/uploads\/2025\/04\/airtag-2.jpg\" rel=\"nofollow noopener\" target=\"_blank\"><img loading=\"lazy\" decoding=\"async\" class=\"size-full wp-image-1406603\" title=\"Airtag 2, - macitynet.it\" src=\"data:image\/svg+xml,%3Csvg%20xmlns=\" http:=\"\" alt=\"Airtag 2, - macitynet.it\" width=\"1536\" height=\"1024\" data-lazy- data-lazy- data-lazy-src=\"https:\/\/www.europesays.com\/it\/wp-content\/uploads\/2025\/07\/airtag-2.jpg.webp.webp\"\/><\/a><\/p>\n<p>\u00a0<\/p>\n","protected":false},"excerpt":{"rendered":"Siamo a ridosso del lancio di iPhone 17. Come ogni anno, sar\u00e0 questo il prodotto su cui si&hellip;\n","protected":false},"author":3,"featured_media":13444,"comment_status":"","ping_status":"","sticky":false,"template":"","format":"standard","meta":{"footnotes":""},"categories":[173],"tags":[624,1537,90,89,195,198,199,197,200,201,194,196],"class_list":{"0":"post-13443","1":"post","2":"type-post","3":"status-publish","4":"format-standard","5":"has-post-thumbnail","7":"category-scienza-e-tecnologia","8":"tag-apple","9":"tag-it","10":"tag-italia","11":"tag-italy","12":"tag-science","13":"tag-science-and-technology","14":"tag-scienceandtechnology","15":"tag-scienza","16":"tag-scienza-e-tecnologia","17":"tag-scienzaetecnologia","18":"tag-technology","19":"tag-tecnologia"},"share_on_mastodon":{"url":"","error":""},"_links":{"self":[{"href":"https:\/\/www.europesays.com\/it\/wp-json\/wp\/v2\/posts\/13443","targetHints":{"allow":["GET"]}}],"collection":[{"href":"https:\/\/www.europesays.com\/it\/wp-json\/wp\/v2\/posts"}],"about":[{"href":"https:\/\/www.europesays.com\/it\/wp-json\/wp\/v2\/types\/post"}],"author":[{"embeddable":true,"href":"https:\/\/www.europesays.com\/it\/wp-json\/wp\/v2\/users\/3"}],"replies":[{"embeddable":true,"href":"https:\/\/www.europesays.com\/it\/wp-json\/wp\/v2\/comments?post=13443"}],"version-history":[{"count":0,"href":"https:\/\/www.europesays.com\/it\/wp-json\/wp\/v2\/posts\/13443\/revisions"}],"wp:featuredmedia":[{"embeddable":true,"href":"https:\/\/www.europesays.com\/it\/wp-json\/wp\/v2\/media\/13444"}],"wp:attachment":[{"href":"https:\/\/www.europesays.com\/it\/wp-json\/wp\/v2\/media?parent=13443"}],"wp:term":[{"taxonomy":"category","embeddable":true,"href":"https:\/\/www.europesays.com\/it\/wp-json\/wp\/v2\/categories?post=13443"},{"taxonomy":"post_tag","embeddable":true,"href":"https:\/\/www.europesays.com\/it\/wp-json\/wp\/v2\/tags?post=13443"}],"curies":[{"name":"wp","href":"https:\/\/api.w.org\/{rel}","templated":true}]}}