{"id":134784,"date":"2025-09-28T05:45:12","date_gmt":"2025-09-28T05:45:12","guid":{"rendered":"https:\/\/www.europesays.com\/it\/134784\/"},"modified":"2025-09-28T05:45:12","modified_gmt":"2025-09-28T05:45:12","slug":"non-e-piu-la-sanita-in-cui-credevo-aiutero-chi-ha-bisogno","status":"publish","type":"post","link":"https:\/\/www.europesays.com\/it\/134784\/","title":{"rendered":"\u00abNon \u00e8 pi\u00f9 la sanit\u00e0 in cui credevo. Aiuter\u00f2 chi ha bisogno\u00bb"},"content":{"rendered":"<p><a href=\"https:\/\/www.ilgazzettino.it\/t\/pordenone\" rel=\"nofollow noopener\" target=\"_blank\">PORDENONE<\/a> &#8211; Rimettersi in gioco a 65 anni, dopo una carriera di medico legale e dirigente del Dipartimento di prevenzione dell\u2019Azienda sanitaria Friuli Occidentale. <a href=\"https:\/\/www.ilgazzettino.it\/t\/lucio-bomben\" rel=\"nofollow noopener\" target=\"_blank\">Lucio Bomben<\/a>, pordenonese con il cuore che batte in Val Tramontina, dal 1\u00b0\u00a0ottobre sar\u00e0 il nuovo <a href=\"https:\/\/www.ilgazzettino.it\/t\/medico\" rel=\"nofollow noopener\" target=\"_blank\">medico<\/a> di base di Meduno, Tramonti di Sopra e Tramonti di Sotto.<\/p>\n<p>    &#13;<\/p>\n<p>APPROFONDIMENTI<\/p>\n<p>&#13;<\/p>\n<p>                            &#13;<br \/>\n                                            &#13;<br \/>\n                            <a href=\"https:\/\/www.ilgazzettino.it\/schede\/monia_zanette_casa_ater_asfo_proroga_31_dicembre_cerco_lavoro_commessa-8962502.html\" rel=\"nofollow noopener\" target=\"_blank\">&#13;<br \/>\n                                                                <img decoding=\"async\" src=\"https:\/\/www.europesays.com\/it\/wp-content\/uploads\/2025\/09\/8962502_17195718_monia_zanette_casa_asfo.jpg\"\/>&#13;<br \/>\n                            <\/a>&#13;<br \/>\n                        &#13;<br \/>\n                                        &#13;<\/p>\n<p>                            &#13;<br \/>\n                                            &#13;<br \/>\n                            <a href=\"https:\/\/www.ilgazzettino.it\/schede\/monia_zanette_appello_sfratto_casa_figlio_guadagno_700_euro-8896544.html\" rel=\"nofollow noopener\" target=\"_blank\">&#13;<br \/>\n                                                                <img decoding=\"async\" src=\"https:\/\/www.europesays.com\/it\/wp-content\/uploads\/2025\/09\/8896544_13203855_casa_asfo_sfratto_pordenone.jpg\"\/>&#13;<br \/>\n                            <\/a>&#13;<br \/>\n                        &#13;<br \/>\n                                        &#13;<\/p>\n<p>        &#13;<\/p>\n<p><strong>Dottor Bomben, perch\u00e9 ha preso questa decisione?<\/strong><br \/>\u00abPrimo perch\u00e9 non potevo vedere pi\u00f9 di duemila abitanti senza un\u2019assistenza adeguata, mi \u00e8 scappata una promessa e l\u2019ho dovuta mantenere. L\u2019altra ragione \u00e8 pi\u00f9 pesante. Bisogna guardare la vita da un\u2019altra prospettiva: ho capito che non era pi\u00f9 la sanit\u00e0 pubblica in cui credevo. Poi ho letto un articolo dell\u2019attuale rettore della Cattolica, la professoressa Elena Beccalli, in cui diceva che la sanit\u00e0 per essere rifondata dovrebbe basarsi su quattro pilastri: persona, cura, dedizione e solidariet\u00e0. Ti guardi intorno e la persona \u00e8 stata sostituita dal cliente, la cura dalla prestazione, la dedizione dalla disillusione e la solidariet\u00e0 dall\u2019individualismo. Per me vengono a crollare i presupposti di una sanit\u00e0 pubblica come dovrebbe essere, quindi qualsiasi aggiustamento organizzativo, se queste sono le fondamenta, diventa una sovrastruttura quasi inutile\u00bb.<\/p>\n<p><strong>Come si pu\u00f2 invertire la rotta?<\/strong><br \/>\u00abTutti i tentativi sono destinati a fallire o a restare lo slogan di qualcuno. La stragrande maggioranza di chi lavora nella sanit\u00e0 sono persone di una bravura, professionalit\u00e0 e capacit\u00e0 incredibili, che nonostante le difficolt\u00e0 si fanno il mazzo per mandare avanti la baracca. Basta vedere la vicenda delle ricette con scadenza? Ma chi \u00e8 stato? \u00c8 uno che non ha la minima idea di come siamo organizzati. Io sono un accanito lettore di Antonio Tabucchi, sono innamorato di un suo racconto: \u201cNotte, mare o distanza\u201d, in cui parla di un poeta le cui battaglie non sono servite a nulla e le uniche armi rimaste sono il sarcasmo e l\u2019amarezza\u00bb.<\/p>\n<p><strong>\u00c8 stata una decisione dolorosa la sua allora?<\/strong><br \/>\u00abLe decisioni difficili devono essere dolorose, perch\u00e9 vuol dire rinunciare a un certo status, come essere direttore di Dipartimento, e andare allo sbaraglio. Un po\u2019 di timore c\u2019\u00e8, confesso che sono molto preoccupato per quello che succeder\u00e0 dal 1. ottobre. Ho gi\u00e0 superato i 1.500 assistiti&#8230;\u00bb.<\/p>\n<p><strong>Veramente la stanno aspettando a braccia aperte&#8230;<\/strong><br \/>\u00abHo paura di aver creato troppo aspettative. Si aspettano tanto e a me aumenta il livello di ansia\u00bb.<\/p>\n<p><strong>Come sono stati gli ultimi 14 anni al Dipartimento?<\/strong><br \/>\u00abDuri. Passi dalla lingua blu al decesso, dalle vaccinazioni a problemi di medicina del lavoro&#8230; hai una variet\u00e0 di argomenti che devi cercare di approfondire. Anche se ti rendi conto di come sia difficile riuscire a fare quello che la norma prevede e quello che la tua coscienza ti dice di fare. L\u2019anno scorso, ad esempio, la Regione ha dato 4 milioni e mezzo di euro per fare un programma di population health, cio\u00e8 \u201csalute della popolazione\u201d, per verificare quali siano i bisogni nei vari comuni. Il progetto \u00e8 partito a novembre con i primi incontri, ma dobbiamo ancora iniziare perch\u00e9 ci sono problemi di privacy. Ovvero, certi gestionali non possiamo utilizzarli perch\u00e9 riusciremmo a capire chi ha determinate patologie. Significa che se in una zona ci sono aumenti di casi di tumore, non posso incrociare i dati con quelli di ricaduta delle emissioni per capire se ci sono fattori di rischio. \u00c8 un ostacolo che ci sta impedendo di proseguire\u00bb.<\/p>\n<p><strong>E se ripensa al Covid?<\/strong><br \/>\u00abNon abbiano capito nulla. Poi leggo le dichiarazioni di qualcuno che \u00e8 seduto negli scranni alti e mi viene la depressione. Se non ci mettiamo insieme a livello internazionale, come \u00e8 stato fatto per la ricerca sui vaccini, noi siamo finiti. Quando sento dire che possiamo fare a meno dell\u2019Oms, mi vengono i brividi\u00bb.<\/p>\n<p><strong>Che consiglio darebbe a chi prender\u00e0 il suo posto al Dipartimento di prevenzione?<\/strong><br \/>\u00abDi studiare. Solo se studi e conosci riesci a governare in maniera ottimale. E di avere quella sensibilit\u00e0 di capire i problemi degli altri e di aiutarli\u00bb.<\/p>\n<p><strong>E a un giovane specializzando in medicina legale?<\/strong><br \/>\u00abChe \u00e8 il mestiere pi\u00f9 bello del mondo, per\u00f2 dovrebbe fare solo patologia forense, occuparsi solo dei nostri cari morti\u00bb.<\/p>\n<p><strong>Come medico legale che bilancio fa?<\/strong><br \/>\u00abCon la Procura chiudo alle ore 8 del 29 settembre. Non sono pi\u00f9 di turno. Basta. Poi se \u00e8 di turno mia moglie e sono a casa&#8230; cosa fai? E poi continuer\u00f2 a studiare perch\u00e9 \u00e8 una cosa troppo bella. Abbiamo la fortuna di avere in regione il professor D\u2019Errico a Trieste: se vedete una delle sue autopsie, beh, un trattato di anatomia\u00bb.<br \/>Non crede che attraverso un medico legale si possa avere uno spaccato della nostra societ\u00e0?<br \/>\u00abS\u00ec. Posso garantire che mai, come quando sei chiamato da carabinieri e polizia per i decessi, ti rendi conto del livello di solitudine che c\u2019\u00e8. In tanti muoiono da soli, ti rendi conto di come questa societ\u00e0 sia malata dentro, c\u2019\u00e8 tantissima solitudine\u00bb.<\/p>\n<p><strong>Si riesce ad affrontare queste situazioni con distacco, senza restarne coinvolti?<\/strong><br \/>\u00abNon riesco pi\u00f9 a staccare. Sar\u00e0 l\u2019et\u00e0, sar\u00e0 che vedo i nipotini che crescono, ma non ce la faccio pi\u00f9. Mi viene in mente la poesia di Montale&#8230; \u201cspesso il male di vivere ho incontrato\u201d. Io l\u2019ho incontrato troppe volte, non ce la faccio pi\u00f9 a reggere\u00bb.<\/p>\n<p><strong>Quali sono i casi di cronaca che non riesce a dimenticare?<\/strong><br \/>\u00abIl marocchino che a Pordenone ha ucciso moglie e figlia (Touria e Hiba di 7 anni, ndr). E poi un infanticidio di Sacile: una bimba appena partorita messa in lavatrice&#8230; A un certo punto ho detto scusate devo andare in bagno, ma sono andato a piangere, mi viene anche adesso (gli salgono le lacrime agli occhi e la voce si incrina)\u00bb.<\/p>\n<p><strong>Che cosa si aspetta dalla nuova esperienza?<\/strong><br \/>\u00abSpero di riallacciare le relazioni umane, sentire i bisogni della gente. Spero che comprendano i primi periodi, saranno per me durissimi. Faccio 26 ore di ambulatorio, ma va bene, voglio capire le loro esigenze, e far\u00f2 visite a domicilio\u00bb.<\/p>\n<p><strong>Lei \u00e8 un uomo di fede?<\/strong><br \/>\u00abA volte s\u00ec a volte no. Con papa Francesco s\u00ec, con Giovanni Paolo II no. Tra l\u2019altro vogliono farmi un regalo quando vado via dal Dipartimento, ho chiesto che i soldi raccolti vengano devoluti al Centro Balducci, la comunit\u00e0 di don Pierluigi Di Piazza, un prete a cui ero legato. Quando vado a Sappada, mi fermo a Tualis a trovarlo, apro il cancello del cimitero, entro da solo e cambia tutto. \u00c8 una delle persone che ho ammirato e continuo ad ammirare. Ho studiato quello che ha scritto e ho capito che per fortuna quel po\u2019 di fede che mi resta \u00e8 perch\u00e9 ci sono preti come lui. Pi\u00f9 vado avanti e pi\u00f9 mi accorgo l\u2019impronta che mi ha dato l\u2019Universit\u00e0 Cattolica, mi ha segnato vedere certi medici e infermieri come si ponevano davanti alle persone che avevano bisogno. \u00c8 tutto l\u00ec\u00bb.\u00a0<\/p>\n","protected":false},"excerpt":{"rendered":"PORDENONE &#8211; Rimettersi in gioco a 65 anni, dopo una carriera di medico legale e dirigente del Dipartimento&hellip;\n","protected":false},"author":3,"featured_media":134785,"comment_status":"","ping_status":"","sticky":false,"template":"","format":"standard","meta":{"footnotes":""},"categories":[175],"tags":[239,1537,90,89,87100,452,14940,240],"class_list":{"0":"post-134784","1":"post","2":"type-post","3":"status-publish","4":"format-standard","5":"has-post-thumbnail","7":"category-salute","8":"tag-health","9":"tag-it","10":"tag-italia","11":"tag-italy","12":"tag-lucio-bomben","13":"tag-medico","14":"tag-pordenone","15":"tag-salute"},"share_on_mastodon":{"url":"","error":""},"_links":{"self":[{"href":"https:\/\/www.europesays.com\/it\/wp-json\/wp\/v2\/posts\/134784","targetHints":{"allow":["GET"]}}],"collection":[{"href":"https:\/\/www.europesays.com\/it\/wp-json\/wp\/v2\/posts"}],"about":[{"href":"https:\/\/www.europesays.com\/it\/wp-json\/wp\/v2\/types\/post"}],"author":[{"embeddable":true,"href":"https:\/\/www.europesays.com\/it\/wp-json\/wp\/v2\/users\/3"}],"replies":[{"embeddable":true,"href":"https:\/\/www.europesays.com\/it\/wp-json\/wp\/v2\/comments?post=134784"}],"version-history":[{"count":0,"href":"https:\/\/www.europesays.com\/it\/wp-json\/wp\/v2\/posts\/134784\/revisions"}],"wp:featuredmedia":[{"embeddable":true,"href":"https:\/\/www.europesays.com\/it\/wp-json\/wp\/v2\/media\/134785"}],"wp:attachment":[{"href":"https:\/\/www.europesays.com\/it\/wp-json\/wp\/v2\/media?parent=134784"}],"wp:term":[{"taxonomy":"category","embeddable":true,"href":"https:\/\/www.europesays.com\/it\/wp-json\/wp\/v2\/categories?post=134784"},{"taxonomy":"post_tag","embeddable":true,"href":"https:\/\/www.europesays.com\/it\/wp-json\/wp\/v2\/tags?post=134784"}],"curies":[{"name":"wp","href":"https:\/\/api.w.org\/{rel}","templated":true}]}}