{"id":134788,"date":"2025-09-28T05:47:16","date_gmt":"2025-09-28T05:47:16","guid":{"rendered":"https:\/\/www.europesays.com\/it\/134788\/"},"modified":"2025-09-28T05:47:16","modified_gmt":"2025-09-28T05:47:16","slug":"la-prova-di-iphone-air-e-17-pro-tra-peso-piuma-batteria-e-super-zoom","status":"publish","type":"post","link":"https:\/\/www.europesays.com\/it\/134788\/","title":{"rendered":"La prova di iPhone Air e 17 Pro: tra peso piuma, batteria e super zoom"},"content":{"rendered":"<p>Ascolta la versione audio dell&#8217;articolo<\/p>\n<p class=\"atext\">iPhone Air riprende il nome e la filosofia di fondo dal MacBook Air perch\u00e9 in effetti \u00e8 molto molto leggero e sottile. Il feeling una volta preso in mano \u00e8 molto piacevole, sta in tasca e non te ne accorgi, e anche il design \u00e8 riuscito. Soprattutto: \u00e8 qualcosa di nuovo dopo anni di form factor molto simili da una generazione all\u2019altra. Come si comporta nell\u2019utilizzo quotidiano? Ci arriviamo, e parliamo anche di iPhone 17 Pro, <a target=\"_self\" href=\"https:\/\/stream24.ilsole24ore.com\/video\/tecnologia\/iphone-air-contro-17-pro-nostra-prova\/AH7NXOrC\" rel=\"nofollow noopener\">provato anch\u2019esso per una settimana.<\/a><\/p>\n<p class=\"atext\">iPhone Air \u00e8 spesso 5,6 millimetri e pesa poco 165 grammi. Mentre il 17 Pro ne pesa 204, qualcosa in pi\u00f9 del 16 Pro, e il 17 Pro Max ne pesa 240.<\/p>\n<p class=\"atext\">Questo del peso e della maneggevolezza \u00e8 sicuramente il primo pregio di questo nuovo iPhone, ma quello che mi \u00e8 piaciuto di pi\u00f9 \u00e8 che abbina questa leggerezza a uno schermo da 6,5 pollici. Per quanto ormai usiamo il telefono per le foto, per i video, per i montaggi video quella dei 6,5 pollici \u00e8 una dimensione molto comoda. Sempre come metro di paragone il 17 Pro ha uno schermo da 6,3 pollici, e il Pro Max da 6,9 pollici. E anche il modello 17 base ha 6,3 pollici, mentre il 16 era a 6.1.<\/p>\n<p class=\"atext\">Stiamo un po\u2019 su iPhone Air visto che \u00e8 la novit\u00e0. Gli ingegneri di Apple con cui ho parlato <a target=\"_self\" href=\"https:\/\/www.ilsole24ore.com\/art\/l-iphone-air-e-risultato-dell-ossessione-l-efficienza-chip-AH6s7NjC\" rel=\"nofollow noopener\">al centro di design di Monaco<\/a>, che lavorano su alcuni dei nuovi chip realizzati da Apple per questo dispositivo, si sono concentrati moltissimo sull\u2019efficienza. Qui dentro \u00e8 tutto molto piccolo per fare spazio alla batteria, che senza questo lavoro non sarebbe stata all\u2019altezza. La fotocamera singola da 48 MP e la maggior parte dei componenti infatti sono concentrati qui sopra in modo da lasciare tutto lo spazio alla batteria. Inoltre non c\u2019\u00e8 lo slot per la sim fisica ma solo per l\u2019esim. Perch\u00e9? Sempre per recuperare spazio per la batteria. Da notare che in diversi Paesi, tra cui gli Stati Uniti, tutta la gamma di iPhone 17 ha solo esim. Anche il 17 Pro cambia rispetto ai precedenti come design il comparto fotocamere, con una parte del processo di ottimizzazione di componenti in comune con l\u2019Air.<\/p>\n<p><a class=\"aprev aprev--acor aprev--acor-small aprev--shline\" href=\"https:\/\/consigli24.ilsole24ore.com\/\" rel=\"nofollow noopener\" target=\"_blank\"><img decoding=\"async\" class=\"img-fluid\" src=\"https:\/\/www.europesays.com\/it\/wp-content\/uploads\/2025\/08\/258x258.png\" alt=\"Scopri di pi\u00f9\"\/><\/a><a class=\"aprev aprev--acor aprev--acor-small aprev--shline\" href=\"https:\/\/podcast.ilsole24ore.com\/serie\/elon-AGVeMRHC\" rel=\"nofollow noopener\" target=\"_blank\"><img decoding=\"async\" class=\"img-fluid\" src=\"https:\/\/www.europesays.com\/it\/wp-content\/uploads\/2025\/08\/258x258.png\" alt=\"Scopri di pi\u00f9\"\/><\/a><\/p>\n<p>La scelta dei materiali<\/p>\n<p class=\"atext\">Per quanto riguarda i materiali, Air e 17 Pro hanno rivestimento anteriore e posteriore in ceramic shield, un tipo di vetro ceramico proprietario molto pi\u00f9 resistente a graffi e cadute. Air ha struttura in titanio. Nei test di Apple ha dimostrato di resistere a una pressione tre volte superiore a quanto possa fare un uomo con ogni sforzo senza piegarsi. O meglio: si piega ma poi torna nella posizione originale. Provandoci a tutta forza con le mani, si flette leggermente ma solo durante la spinta.<\/p>\n","protected":false},"excerpt":{"rendered":"Ascolta la versione audio dell&#8217;articolo iPhone Air riprende il nome e la filosofia di fondo dal MacBook Air&hellip;\n","protected":false},"author":3,"featured_media":134789,"comment_status":"","ping_status":"","sticky":false,"template":"","format":"standard","meta":{"footnotes":""},"categories":[173],"tags":[1537,90,89,195,198,199,197,200,201,194,196],"class_list":{"0":"post-134788","1":"post","2":"type-post","3":"status-publish","4":"format-standard","5":"has-post-thumbnail","7":"category-scienza-e-tecnologia","8":"tag-it","9":"tag-italia","10":"tag-italy","11":"tag-science","12":"tag-science-and-technology","13":"tag-scienceandtechnology","14":"tag-scienza","15":"tag-scienza-e-tecnologia","16":"tag-scienzaetecnologia","17":"tag-technology","18":"tag-tecnologia"},"share_on_mastodon":{"url":"","error":""},"_links":{"self":[{"href":"https:\/\/www.europesays.com\/it\/wp-json\/wp\/v2\/posts\/134788","targetHints":{"allow":["GET"]}}],"collection":[{"href":"https:\/\/www.europesays.com\/it\/wp-json\/wp\/v2\/posts"}],"about":[{"href":"https:\/\/www.europesays.com\/it\/wp-json\/wp\/v2\/types\/post"}],"author":[{"embeddable":true,"href":"https:\/\/www.europesays.com\/it\/wp-json\/wp\/v2\/users\/3"}],"replies":[{"embeddable":true,"href":"https:\/\/www.europesays.com\/it\/wp-json\/wp\/v2\/comments?post=134788"}],"version-history":[{"count":0,"href":"https:\/\/www.europesays.com\/it\/wp-json\/wp\/v2\/posts\/134788\/revisions"}],"wp:featuredmedia":[{"embeddable":true,"href":"https:\/\/www.europesays.com\/it\/wp-json\/wp\/v2\/media\/134789"}],"wp:attachment":[{"href":"https:\/\/www.europesays.com\/it\/wp-json\/wp\/v2\/media?parent=134788"}],"wp:term":[{"taxonomy":"category","embeddable":true,"href":"https:\/\/www.europesays.com\/it\/wp-json\/wp\/v2\/categories?post=134788"},{"taxonomy":"post_tag","embeddable":true,"href":"https:\/\/www.europesays.com\/it\/wp-json\/wp\/v2\/tags?post=134788"}],"curies":[{"name":"wp","href":"https:\/\/api.w.org\/{rel}","templated":true}]}}