{"id":134904,"date":"2025-09-28T07:21:16","date_gmt":"2025-09-28T07:21:16","guid":{"rendered":"https:\/\/www.europesays.com\/it\/134904\/"},"modified":"2025-09-28T07:21:16","modified_gmt":"2025-09-28T07:21:16","slug":"il-giorno-dei-pro-i-pensieri-di-villa-a-poche-ore-dal-via","status":"publish","type":"post","link":"https:\/\/www.europesays.com\/it\/134904\/","title":{"rendered":"Il giorno dei pro&#8217;: i pensieri di Villa a poche ore dal via"},"content":{"rendered":"<p class=\"\">KIGALI (Rwanda) \u2013 I corridori si sono alzati da tavola intorno alle 21 e lentamente si sono avviati verso la riunione. <strong>La corsa partir\u00e0 alle 8,45 e per Marco Villa sar\u00e0 il primo mondiale come <a href=\"https:\/\/bici.pro\/focus\/incontri\/primi-passi-villa-guida-pro-salto-lungo\/\" target=\"_blank\" rel=\"noreferrer noopener nofollow\">citt\u00ec della strada<\/a><\/strong>. L\u2019incarico pi\u00f9 inatteso, accettato un po\u2019 per senso di responsabilit\u00e0 e un po\u2019 per sfida, \u00e8 arrivato alla prima verifica. Per questo il citt\u00ec dei due ori su pista, dei tanti mondiali e dal palmares che ne fa a buon diritto <strong>uno dei tecnici azzurri pi\u00f9 vincenti dello sport italiano<\/strong>, ieri sera tradiva la comprensibile tensione.<\/p>\n<p class=\"\">\u00abE\u2019 una gara diversa \u2013 diceva \u2013 <strong>le finali in pista te le soffi in quattro minuti, questa volta ho sette ore<\/strong>, spero (un sorriso, ndr). Per\u00f2 \u00e8 stato una bel percorso, <strong>ci arrivo naturalmente con poca esperienza ed \u00e8 inutile nasconderlo<\/strong>. Il mondiale su strada l\u2019ho vissuta da collaboratore, ma il giorno prima andavo a vedere le altre gare con la radiolina per aiutare gli altri. Oggi sono stato qua con la mia squadra. Sono uscito con loro, li ho seguiti in macchina. <strong>Abbiamo parlato di tutto, abbiamo fatto una bella giornata assieme<\/strong> (in apertura un\u2019immagine da Instagram, ndr). Adesso facciamo la riunione. Per me \u00e8 una prima volta, sicuramente non \u00e8 stata la routine di un commissario tecnico navigato\u00bb.<\/p>\n<p><img loading=\"lazy\" decoding=\"async\" width=\"1024\" height=\"560\" src=\"data:image\/svg+xml,%3Csvg%20xmlns=\" http:=\"\" alt=\"\" class=\"wp-image-435193\" data-lazy- data-lazy- data-lazy-src=\"https:\/\/www.europesays.com\/it\/wp-content\/uploads\/2025\/09\/fedd1_header_dk-1024x560.jpg\"\/>Villa \u00e8 anche tecnico delle crono. Ha sfiorato il podio con Finn e il 4\u00b0 posto \u00e8 venuto anche nel mixed relay: qui con Venturelli e Trinca Colonel<\/p>\n<p><img loading=\"lazy\" decoding=\"async\" width=\"844\" height=\"1024\" src=\"data:image\/svg+xml,%3Csvg%20xmlns=\" http:=\"\" alt=\"Campionati del mondo 2025, Kigali, Federica Venturelli, Monica Trinca COlonel sfinite dopo il team mixed relay\" class=\"wp-image-435194\" data-lazy- data-lazy- data-lazy-src=\"https:\/\/www.europesays.com\/it\/wp-content\/uploads\/2025\/09\/fedd1_header_mb-844x1024.jpg\"\/>Villa \u00e8 anche tecnico delle crono. Ha sfiorato il podio con Finn e il 4\u00b0 posto \u00e8 venuto anche nel mixed relay: qui con Venturelli e Trinca Colonel<\/p>\n<p>La nazionale da rifare<\/p>\n<p class=\"\">La nazionale che aveva disegnato quando ne parlammo poche settimane fa ha subito qualche grosso scossone. <strong><a href=\"https:\/\/bici.pro\/news\/professionisti\/tetris-villa-africa-francia-nasce-italia\/\" target=\"_blank\" rel=\"noreferrer noopener nofollow\">Con Pellizzari, Caruso e Tiberi attorno a Ciccone<\/a>, l\u2019impatto sarebbe stato diverso<\/strong>. Invece si \u00e8 trattato di immaginare nuovamente un\u2019intelaiatura e tirare su la struttura pi\u00f9 solida possibile.<\/p>\n<p class=\"\">\u00abSicuramente \u2013 dice Villa \u2013 mi dispiace per Caruso e Pellizzari, per l\u2019incidente alla mano e il malanno. <strong>Per Tiberi invece mi dispiace perch\u00e9 l\u2019ho sentito un po\u2019 demoralizzato<\/strong>, la stagione non \u00e8 andata benissimo. Erano tre con cui volevo iniziare a lavorare anche perch\u00e9 <strong>avremo per tre anni un mondiale con queste caratteristiche<\/strong>. Caruso per l\u2019esperienza, Pellizzari per fargli fare esperienza e Tiberi per vederlo e responsabilizzarlo anche nelle gare di un giorno. <strong>Farlo crescere come uomo della nazionale<\/strong>. Anche se si sta specializzando tanto nelle gare a tappe, per me pu\u00f2 lavorare anche a quelle di un giorno e questa era l\u2019occasione per fare un gradino in pi\u00f9\u00bb.<\/p>\n<p><img loading=\"lazy\" decoding=\"async\" width=\"1009\" height=\"500\" src=\"data:image\/svg+xml,%3Csvg%20xmlns=\" http:=\"\" alt=\"Campionati del mondo, Kigali 2025, percorso gara in linea professionisti\" class=\"wp-image-435868\" data-lazy- data-lazy- data-lazy-src=\"https:\/\/www.europesays.com\/it\/wp-content\/uploads\/2025\/09\/vimar5_img_dk.jpg\"\/>Al chilometro 163,5 arriva la scalata di Mount Kigali. Poi negli ultimi 5 chilometri il pav\u00e9 di Kimihurura<\/p>\n<p><img loading=\"lazy\" decoding=\"async\" width=\"559\" height=\"745\" data-id=\"435869\" src=\"data:image\/svg+xml,%3Csvg%20xmlns=\" http:=\"\" alt=\"Campionati del mondo, Kigali 2025, percorso gara in linea professionisti\" class=\"wp-image-435869\" data-lazy- data-lazy- data-lazy-src=\"https:\/\/www.europesays.com\/it\/wp-content\/uploads\/2025\/09\/vimar5a_img_mb.jpg\"\/>Al chilometro 163,5 arriva la scalata di Mount Kigali: troppo lontana per fare un vero attacco?<\/p>\n<p><img loading=\"lazy\" decoding=\"async\" width=\"559\" height=\"745\" data-id=\"435870\" src=\"data:image\/svg+xml,%3Csvg%20xmlns=\" http:=\"\" alt=\"Campionati del mondo, Kigali 2025, percorso gara in linea professionisti\" class=\"wp-image-435870\" data-lazy- data-lazy- data-lazy-src=\"https:\/\/www.europesays.com\/it\/wp-content\/uploads\/2025\/09\/vimar5b_img_mb.jpg\"\/>Gli ultimi cinque chilometri: il finale sullo strappo di Kimihurura far\u00e0 la selezione decisiva<\/p>\n<p>La carta Bettiol<\/p>\n<p class=\"\">Il processo, <a href=\"https:\/\/bici.pro\/news\/professionisti\/ciccone-rwanda-primi-colpi-pedale-siamo\/\" target=\"_blank\" rel=\"noreferrer noopener nofollow\">tanto lodato da Ciccone<\/a>, ha visto il tecnico e <strong>il capitano lavorare fianco a fianco per la scelta degli uomini<\/strong>. Una grossa responsabilit\u00e0 per l\u2019abruzzese e per lo stesso Villa. Sono lontani gli anni di Alfredo Martini e anche quelli di Ballerini, in cui l\u2019abbondanza di uomini vincenti ai massimi livelli poteva permettere di giocare pi\u00f9 carte.<\/p>\n<p class=\"\">\u00abMi ricordo anche io i tempi di Martini \u2013 sorride Villa \u2013 che aveva cinque capitani e doveva metterli d\u2019accordo. <strong>Bravissimo, \u00e8 stato un grande a metterli d\u2019accordo e a volte aveva i suoi problemi<\/strong>. Noi abbiamo dei nomi che mi piacciono, dei giovani che stanno crescendo. Magari fra cinque o sei anni, sperando di esserci ancora (sorride, ndr), <strong>questi giovani saranno cresciuti e mi metteranno in difficolt\u00e0<\/strong>. Per quest\u2019anno abbiamo Ciccone e credo che per un mondiale come questo fosse dall\u2019inizio uno dei possibili leader. <strong>Avevo parlato anche con Bettiol, ma mi ha detto subito che lo considerava troppo duro<\/strong>. Se avesse avuto la gamba di questi giorni, forse mi avrebbe detto di s\u00ec. Per\u00f2 quando abbiamo parlato al campionato italiano, non si sentiva bene, non aveva un buon feeling e <strong>probabilmente non ha voluto mettermi in difficolt\u00e0<\/strong> occupando un posto che non si sentiva\u00bb.<\/p>\n<p><img loading=\"lazy\" decoding=\"async\" width=\"1009\" height=\"500\" data-id=\"435862\" src=\"data:image\/svg+xml,%3Csvg%20xmlns=\" http:=\"\" alt=\"Campionati del mondo, Kigali 2025, Matteo Sobrero in allenamento sul percorso\" class=\"wp-image-435862\" data-lazy- data-lazy- data-lazy-src=\"https:\/\/www.europesays.com\/it\/wp-content\/uploads\/2025\/09\/vimar2_img_dk.jpg\"\/>Sobrero non ha vissuto la sua giornata migliore nel mixed relay, ma \u00e8 pronto per fare la sua parte su strada<\/p>\n<p><img loading=\"lazy\" decoding=\"async\" width=\"1009\" height=\"500\" data-id=\"435864\" src=\"data:image\/svg+xml,%3Csvg%20xmlns=\" http:=\"\" alt=\"Campionati del mondo, Kigali 2025, Marco Frigo, Matteo Sobrero, Fausto Masnada in allenamento\" class=\"wp-image-435864\" data-lazy- data-lazy- data-lazy-src=\"https:\/\/www.europesays.com\/it\/wp-content\/uploads\/2025\/09\/vimar3_img_dk.jpg\"\/>Frigo, e Masnada e dietro Sobrero: secondo Villa, ruoli diversi, con un occhio per le fughe<\/p>\n<p><img loading=\"lazy\" decoding=\"async\" width=\"559\" height=\"745\" data-id=\"435863\" src=\"data:image\/svg+xml,%3Csvg%20xmlns=\" http:=\"\" alt=\"Campionati del mondo, Kigali 2025, Matteo Sobrero in allenamento sul percorso\" class=\"wp-image-435863\" data-lazy- data-lazy- data-lazy-src=\"https:\/\/www.europesays.com\/it\/wp-content\/uploads\/2025\/09\/vimar2_img_mb.jpg\"\/>Sobrero non ha vissuto la sua giornata migliore nel mixed relay, ma \u00e8 pronto per fare la sua parte su strada<\/p>\n<p><img loading=\"lazy\" decoding=\"async\" width=\"559\" height=\"745\" data-id=\"435865\" src=\"data:image\/svg+xml,%3Csvg%20xmlns=\" http:=\"\" alt=\"Campionati del mondo, Kigali 2025, Marco Frigo, Matteo Sobrero, Fausto Masnada in allenamento\" class=\"wp-image-435865\" data-lazy- data-lazy- data-lazy-src=\"https:\/\/www.europesays.com\/it\/wp-content\/uploads\/2025\/09\/vimar3_img_mb.jpg\"\/>Frigo, e Masnada e dietro Sobrero: secondo Villa, ruoli diversi, con un occhio per le fughe<\/p>\n<p>Ciccone e i suoi fratelli<\/p>\n<p class=\"\">La squadra \u00e8 cos\u00ec nata una volta e poi \u00e8 rinata una seconda e <strong>solo lui sa quante ne avr\u00e0 fatte e disfatte nei suoi appunti e nei suoi pensieri<\/strong>. La strada non \u00e8 la pista, in cui la consapevolezza dei tempi ti offre la proiezione del risultato possibile. <strong>Su strada puoi avere il pi\u00f9 forte e dominare, come pure rimanere ingabbiato in una corsa insignificante<\/strong>, come <a href=\"https:\/\/bici.pro\/news\/donne\/longo-borghini-severa-forse-troppo-rovinato-tutto\/\" target=\"_blank\" rel=\"noreferrer noopener nofollow\">quella delle donne elite<\/a>, in cui le migliori si sono neutralizzate a vicenda.<\/p>\n<p class=\"\">\u00abNon sapendo come avrei interpretato la corsa \u2013 concorda Villa \u2013 <strong>ho preferito ragionare sul percorso<\/strong>. La Vuelta ci ha fatto vedere che <strong>Ciccone sta bene, dopo essere stato <a href=\"https:\/\/bici.pro\/news\/professionisti\/bravi-azzurri-liegi-ciccone-velasco-bagioli\/\" target=\"_blank\" rel=\"noreferrer noopener nofollow\">secondo a Liegi<\/a> e aver vinto San Sebastian<\/strong>. Non ha fatto un anno in sordina, al contrario \u00e8 stato sempre vicino ai pi\u00f9 forti di questa stagione. E quelli sono tutti qui a Kigali e Giulio se la dovr\u00e0 giocare con loro. <strong><a href=\"https:\/\/bici.pro\/news\/professionisti\/ayuso-contro-frigo-scontro-rabbie-diverse\/\" target=\"_blank\" rel=\"noreferrer noopener nofollow\">Abbiamo Frigo<\/a>, che alla <a href=\"http:\/\/www.lavuelta.es\" target=\"_blank\" rel=\"noreferrer noopener nofollow\">Vuelta<\/a> ha fatto un secondo dietro Ayuso e un terzo<\/strong> e aveva anche vinto al Tour of the Alps. Fortunato al <a href=\"http:\/\/www.giroditalia.it\" target=\"_blank\" rel=\"noreferrer noopener nofollow\">Giro d\u2019Italia<\/a> era in fuga quasi tutti i giorni e ha vinto la maglia azzurra dei GPM. <strong>L\u2019ho visto molto impegnato e professionale <a href=\"https:\/\/bici.pro\/news\/professionisti\/vine-vince-fortunato-fiuta-vetta-punta-mondiale\/\" target=\"_blank\" rel=\"noreferrer noopener nofollow\">nella ricerca della forma del Giro<\/a><\/strong>. Sappiamo tutti che non \u00e8 matematica, per\u00f2 ha cercato di arrivare qua nelle migliori condizioni. Cattaneo e Sobrero mi servivano anche per la cronometro e il mixed relay. <strong>Bagioli alla Vuelta c\u2019\u00e8 stato ogni volta che Ciccone ne ha avuto bisogno<\/strong>. Quindi le scelte sono state fatte anche in base a questi ragionamenti\u00bb.<\/p>\n<p><img loading=\"lazy\" decoding=\"async\" width=\"1009\" height=\"500\" src=\"data:image\/svg+xml,%3Csvg%20xmlns=\" http:=\"\" alt=\"Campionati del mondo, Kigali 2025, festa e brindisi in hotel per la vittoria di Lorenzo Finn\" class=\"wp-image-435866\" data-lazy- data-lazy- data-lazy-src=\"https:\/\/www.europesays.com\/it\/wp-content\/uploads\/2025\/09\/vimar4_img_dk.jpg\"\/>Questo il brindisi per Finn, ieri per Chantal Pegolo: nell\u2019hotel degli azzurri ora si aspettano soltanto i pro\u2019<\/p>\n<p><img loading=\"lazy\" decoding=\"async\" width=\"559\" height=\"745\" src=\"data:image\/svg+xml,%3Csvg%20xmlns=\" http:=\"\" alt=\"Campionati del mondo, Kigali 2025, festa e brindisi in hotel per la vittoria di Lorenzo Finn\" class=\"wp-image-435867\" data-lazy- data-lazy- data-lazy-src=\"https:\/\/www.europesays.com\/it\/wp-content\/uploads\/2025\/09\/vimar4_img_mb.jpg\"\/>Questo il brindisi per Finn, ieri per Chantal Pegolo: nell\u2019hotel degli azzurri ora si aspettano soltanto i pro\u2019<\/p>\n<p>Presenti nelle fughe<\/p>\n<p class=\"\">Con questo mosaico, si va alla sfida su un percorso che inizialmente \u00e8 parso durissimo. Poi ha continuato a fare selezione, mostrando per\u00f2 delle lunghe fasi di recupero. Sta di fatto che, <strong>nonostante non si passi pi\u00f9 di tanto tempo in salita, gli arrivi sono stati tutti\u2026 centellinati come a capo di tappe di montagna<\/strong>. Un percorso che scava e presenta il conto alla fine: aperto ad azioni solitarie, come pure a colpi di mano sull\u2019ultimo strappo in pav\u00e9 di Kimihurura.<\/p>\n<p class=\"\">\u00abNoi non dobbiamo nasconderci \u2013 dice Villa \u2013 dobbiamo essere l\u00e0, magari anche anticipare. <strong>Non \u00e8 facile, vediamo come sar\u00e0 la partenza, per\u00f2 se va via una fuga importante ci dobbiamo essere<\/strong>. Non corriamo per nasconderci. Giulio invece dovr\u00e0 gestirsi guardando quei 7-8 che potrebbero essere alla sua portata\u00bb.<\/p>\n<p><img loading=\"lazy\" decoding=\"async\" width=\"1009\" height=\"500\" src=\"data:image\/svg+xml,%3Csvg%20xmlns=\" http:=\"\" alt=\"Campionati del mondo, Kigali 2025, colore, tamburi, tifosi\" class=\"wp-image-435871\" data-lazy- data-lazy- data-lazy-src=\"https:\/\/www.europesays.com\/it\/wp-content\/uploads\/2025\/09\/vimar6_img_dk.jpg\"\/>Il suono dei tamburi \u00e8 assordante: il tifo sta diventando molto caloroso. Oggi il gran finale<\/p>\n<p><img loading=\"lazy\" decoding=\"async\" width=\"559\" height=\"745\" src=\"data:image\/svg+xml,%3Csvg%20xmlns=\" http:=\"\" alt=\"Campionati del mondo, Kigali 2025, colore, tamburi, tifosi\" class=\"wp-image-435872\" data-lazy- data-lazy- data-lazy-src=\"https:\/\/www.europesays.com\/it\/wp-content\/uploads\/2025\/09\/vimar6_img_mb.jpg\"\/>Il suono dei tamburi \u00e8 assordante: il tifo sta diventando molto caloroso. Oggi il gran finale<\/p>\n<p class=\"\">Non avendo le radio con cui correggere eventuali imprevisti, <strong>sar\u00e0 tutto nella capacit\u00e0 dei corridori di parlarsi in corsa e di entrare in azione nei tempi concordati<\/strong>. Il fatto di avere un leader riconosciuto potrebbe essere un vantaggio. Il rischio \u00e8 che la corsa si disperda in mille rivoli prima che abbia trovato un senso: <strong>la presenza di <a href=\"https:\/\/bici.pro\/focus\/incontri\/pogacar-evenepoel-quel-sorpasso-ricacciargli-gola\/\" target=\"_blank\" rel=\"noreferrer noopener nofollow\">Pogacar<\/a>, Evenepoel e di quelli che dovranno tenerla in mano<\/strong> sar\u00e0 certamente un fattore a nostro vantaggio.<\/p>\n","protected":false},"excerpt":{"rendered":"KIGALI (Rwanda) \u2013 I corridori si sono alzati da tavola intorno alle 21 e lentamente si sono avviati&hellip;\n","protected":false},"author":3,"featured_media":134905,"comment_status":"","ping_status":"","sticky":false,"template":"","format":"standard","meta":{"footnotes":"","_share_on_mastodon":"0"},"categories":[1456],"tags":[1824,1825,17086,1537,90,89,55622,55621,58746,245,244],"class_list":["post-134904","post","type-post","status-publish","format-standard","has-post-thumbnail","category-ciclismo","tag-ciclismo","tag-cycling","tag-giulio-ciccone","tag-it","tag-italia","tag-italy","tag-kigali-2025","tag-marco-villa","tag-rwanda","tag-sport","tag-sports"],"share_on_mastodon":{"url":"","error":""},"_links":{"self":[{"href":"https:\/\/www.europesays.com\/it\/wp-json\/wp\/v2\/posts\/134904","targetHints":{"allow":["GET"]}}],"collection":[{"href":"https:\/\/www.europesays.com\/it\/wp-json\/wp\/v2\/posts"}],"about":[{"href":"https:\/\/www.europesays.com\/it\/wp-json\/wp\/v2\/types\/post"}],"author":[{"embeddable":true,"href":"https:\/\/www.europesays.com\/it\/wp-json\/wp\/v2\/users\/3"}],"replies":[{"embeddable":true,"href":"https:\/\/www.europesays.com\/it\/wp-json\/wp\/v2\/comments?post=134904"}],"version-history":[{"count":0,"href":"https:\/\/www.europesays.com\/it\/wp-json\/wp\/v2\/posts\/134904\/revisions"}],"wp:featuredmedia":[{"embeddable":true,"href":"https:\/\/www.europesays.com\/it\/wp-json\/wp\/v2\/media\/134905"}],"wp:attachment":[{"href":"https:\/\/www.europesays.com\/it\/wp-json\/wp\/v2\/media?parent=134904"}],"wp:term":[{"taxonomy":"category","embeddable":true,"href":"https:\/\/www.europesays.com\/it\/wp-json\/wp\/v2\/categories?post=134904"},{"taxonomy":"post_tag","embeddable":true,"href":"https:\/\/www.europesays.com\/it\/wp-json\/wp\/v2\/tags?post=134904"}],"curies":[{"name":"wp","href":"https:\/\/api.w.org\/{rel}","templated":true}]}}