{"id":135267,"date":"2025-09-28T11:28:16","date_gmt":"2025-09-28T11:28:16","guid":{"rendered":"https:\/\/www.europesays.com\/it\/135267\/"},"modified":"2025-09-28T11:28:16","modified_gmt":"2025-09-28T11:28:16","slug":"diamanti-io-la-juve-linter-il-livorno-laustralia-conte-e","status":"publish","type":"post","link":"https:\/\/www.europesays.com\/it\/135267\/","title":{"rendered":"Diamanti: &#8220;Io, la Juve, l&#8217;Inter, il Livorno, l&#8217;Australia, Conte e&#8230;&#8221;"},"content":{"rendered":"<p>                                L\u2019ex fantasista oggi allena le giovanili del Melbourne: &#8220;Non ho mai inseguito i soldi, ho giocato per la gente. Baggio il mio idolo: lo imitavo in tutto, anche nelle scarpe&#8221;<\/p>\n<p>\n                                                    Lorenzo Cascini e Francesco Pietrella\n                            <\/p>\n<p>                    28 settembre 2025 (modifica alle 11:10)  &#8211; MILANO<\/p>\n<p class=\"paragraph\" spellcheck=\"true\">Alino Diamanti lo riconosci anche se ti d\u00e0 le spalle. Soprattutto d\u2019estate. Sul polpaccio sinistro c\u2019\u00e8 uno &#8220;smile&#8221; grosso cos\u00ec. Un volto sorridente tatuato ai tempi del Brescia e lasciato in bella vista per tutta la carriera. Un simbolo, una bandiera: &#8220;Era un momento felice della mia vita, entrai dal tatuatore e gli chiesi &#8216;Oh, mi disegni uno smile?&#8217;. E lui esegu\u00ec&#8221;. Alino si racconta con lo stesso sorriso. Vive in Australia con la famiglia, allena le giovanili del Melbourne City e infila all\u2019incrocio \u201cbad vibes\u201d e malelingue: &#8220;L\u2019amore della gente vale pi\u00f9 di cento trofei&#8221;.<\/p>\n<p class=\"paragraph\" spellcheck=\"true\"><b>In carriera le \u00e8 mancata una big. Pensa mai a &#8220;come sarebbe andata se\u2026&#8221;?<\/b><\/p>\n<p class=\"paragraph\" spellcheck=\"true\">&#8220;Mai. Magari \u00e8 stato a causa del mio carattere: non ho mai abbassato la testa&#8221;.<\/p>\n<p class=\"paragraph\" spellcheck=\"true\">&#8220;Non me n\u2019\u00e8 mai importato&#8221;.<\/p>\n<p>        <img decoding=\"async\" class=\"is_full_image\" loading=\"lazy\" alt=\"MILAN, ITALY - MARCH 10:  Massimo Moratti speaks during the presentation of the book celebrating FC Internazionale's 110th anniversary 'INTER 110' on March 10, 2018 in Milan, Italy.  (Photo by Claudio Villa - Inter\/Inter via Getty Images)\" src=\"https:\/\/www.europesays.com\/it\/wp-content\/uploads\/2025\/09\/68b840f2579f9.jpeg\" data-full-src=\"https:\/\/www.europesays.com\/it\/wp-content\/uploads\/2025\/09\/68b840f2579f9.jpeg\"\/><\/p>\n<p class=\"paragraph\" spellcheck=\"true\"><b>Nel 2009 \u00e8 stato vicino all\u2019Inter.<\/b><\/p>\n<p class=\"paragraph\" spellcheck=\"true\">&#8220;Moratti mi voleva l\u00ec. Quando mi chiam\u00f2 pensai fosse uno scherzo: &#8216;Sei il nuovo Recoba, devi giocare per noi&#8217;. Poi arriv\u00f2 Mourinho, gli dissero che volevano prendere Diamanti e lui rispose &#8216;Diamanti chi?&#8217;. Voleva un nome diverso&#8221;.<\/p>\n<p class=\"paragraph\" spellcheck=\"true\"><b>C\u2019erano anche Juve e Napoli.<\/b><\/p>\n<p class=\"paragraph\" spellcheck=\"true\">&#8220;Il Napoli sia nell\u2019estate dell\u2019Inter sia qualche anno dopo. La Juve, invece, pi\u00f9 avanti. Avevo il gruppo dei compagni di nazionale che spingeva per il mio trasferimento. Poi, per\u00f2, Conte disse delle cose che non mi piacquero e rifiutai. E la notte dormii lo stesso, sia chiaro. Ero impulsivo, forse troppo, ma \u00e8 andata bene cos\u00ec&#8221;.<\/p>\n<p>        <img decoding=\"async\" class=\"is_full_image\" loading=\"lazy\" alt=\"Aldo Spinelli, 80 anni. (lapresse)\" src=\"https:\/\/www.europesays.com\/it\/wp-content\/uploads\/2025\/09\/61f7ac9a8ec1a.jpeg\" data-full-src=\"https:\/\/www.europesays.com\/it\/wp-content\/uploads\/2025\/09\/61f7ac9a8ec1a.jpeg\"\/><\/p>\n<p class=\"paragraph\" spellcheck=\"true\"><b>Alla fine, and\u00f2 al West Ham.<\/b><\/p>\n<p class=\"paragraph\" spellcheck=\"true\">&#8220;Un cinema. Ero del Livorno, il presidente Spinelli non voleva mandarmi via. Arriviamo all\u2019ultimo giorno di mercato: ci convoca nel suo ufficio a Genova e inizia a contrattare. Ogni mezz\u2019ora cambiava idea. &#8216;Non posso, mio figlio ci rimane male&#8217;. Poi dopo un po\u2019 cedeva. &#8216;Ok ti vendo, ma di quanti soldi stavamo parlando?&#8217;. Penso di aver firmato a mezzanotte. Il presidente era unico&#8221;.<\/p>\n<p class=\"paragraph\" spellcheck=\"true\"><b>&#8220;Lasciare la Premier fu un errore&#8221;, disse.<\/b><\/p>\n<p class=\"paragraph\" spellcheck=\"true\">&#8220;Ma anche qui nessun rimpianto: una scelta sbagliata. Stavo bene, ma lo feci per la nazionale. Lippi disse che per avere chance avrei dovuto giocare in Italia, cos\u00ec andai a Brescia&#8221;.<\/p>\n<p class=\"paragraph\" spellcheck=\"true\"><b>La Nazionale, poi, se l\u2019\u00e8 presa col tempo.<\/b><\/p>\n<p class=\"paragraph\" spellcheck=\"true\">&#8220;Ci sarei arrivato comunque, senza fretta. Eravamo un gruppo fantastico, arrivato fino alla finale dell\u2019Europeo del 2012. A Prandelli devo molto, ho realizzato il mio sogno&#8221;.<\/p>\n<p class=\"paragraph\" spellcheck=\"true\"><b>Anche se poi non l\u2019ha portata al Mondiale?<\/b><\/p>\n<p class=\"paragraph\" spellcheck=\"true\">&#8220;In tanti mi dissero che avrei dovuto avercela con lui. Io, invece, gli dico solo grazie. Non ho mai seguito la massa, \u00e8 da codardi. Ho sempre seguito solo il mio credo&#8221;.<\/p>\n<p class=\"paragraph\" spellcheck=\"true\"><b>Sar\u00e0 cos\u00ec anche da allenatore?<\/b><\/p>\n<p class=\"paragraph\" spellcheck=\"true\">&#8220;Assolutamente s\u00ec. Mi concentrer\u00f2 sulla tecnica e sulla gestione della persona. Io da giocatore sono stato un rompiscatole vero. Non ho mai accettato chi si allenava senza passione. Se uno crede in s\u00e9 stesso pu\u00f2 arrivare ovunque. I giocatori devono essere liberi di esprimersi&#8221;.<\/p>\n<p>        <img decoding=\"async\" class=\"is_full_image\" loading=\"lazy\" alt=\"Guangzhou Evergrande's Alessandro Diamanti of Italy, top, is challaged by Yokohama F Marinos'  Kosuke Nakamachi during their group stage soccer match of the AFC Champions League in Yokohama,  near Tokyo, Tuesday, March 12, 2014. The match ended in 1-1 draw. (AP Photo\/Shuji Kajiyama)\" src=\"https:\/\/www.europesays.com\/it\/wp-content\/uploads\/2025\/09\/677d650d74992.jpeg\" data-full-src=\"https:\/\/www.europesays.com\/it\/wp-content\/uploads\/2025\/09\/677d650d74992.jpeg\"\/><\/p>\n<p class=\"paragraph\" spellcheck=\"true\"><b>Chi l\u2019ha capita di pi\u00f9?<\/b><\/p>\n<p class=\"paragraph\" spellcheck=\"true\">&#8220;Bisoli e Pioli. Bisoli mi disse: &#8216;Se non arrivi in Serie A, vuol dire che ho sbagliato io. Sei troppo forte&#8217;. \u00c8 stato il primo a crederci sul serio. Con lui in C prendevo tante di quelle botte che non ha idea. Non c\u2019erano n\u00e9 telecamere n\u00e9 tutele. Pesavo 60 chili, andavo a contrasto con chi ne aveva 90 senza paura. Un altro con cui mi sono divertito \u00e8 stato Pioli, a Bologna. Davanti eravamo io e Gila. Il mister mi chiedeva di fare la fase difensiva ma poi mi lasciava libero di giocare come sapevo. Penso di avergli dato tanto&#8221;.<\/p>\n<p class=\"paragraph\" spellcheck=\"true\"><b>Capitolo compagni. Il pi\u00f9 forte?<\/b><\/p>\n<p class=\"paragraph\" spellcheck=\"true\">&#8220;Pirlo, un genio. Gli potevi dare il pallone in qualsiasi modo, lui lo puliva e te lo ridava perfetto. Abbiamo fatto 50 partite insieme, lui in 48 sar\u00e0 stato il migliore in campo&#8221;.<\/p>\n<p class=\"paragraph\" spellcheck=\"true\"><b>Sulle punizioni ve la giocavate?<\/b><\/p>\n<p class=\"paragraph\" spellcheck=\"true\">&#8220;Impossibile, era troppo forte. Cambiava modo di calciare a seconda della posizione e segnava comunque. Poi non te ne lasciava una. Una volta, a Londra contro la Nigeria, presi l\u2019incrocio dei pali. &#8216;Te l\u2019avevo detto che non avresti segnato\u2026&#8217;, mi disse. La buttava sempre dentro. Uno che mi metteva in difficolt\u00e0 era Zola, al West Ham. A quasi 50 anni calciava ancora a foglia morta&#8221;.<\/p>\n<p>        <img decoding=\"async\" class=\"is_full_image\" loading=\"lazy\" alt=\"Italian forward Mario Balotelli celebrates after scoring the second goal during the Euro 2012 football championships semi-final match Germany vs Italy on June 28, 2012 at the National Stadium in Warsaw.   AFP PHOTO \/ GABRIEL BOUYS (Photo by GABRIEL BOUYS \/ AFP)\" src=\"https:\/\/www.europesays.com\/it\/wp-content\/uploads\/2025\/09\/6773031472395.jpeg\" data-full-src=\"https:\/\/www.europesays.com\/it\/wp-content\/uploads\/2025\/09\/6773031472395.jpeg\"\/><\/p>\n<p class=\"paragraph\" spellcheck=\"true\">&#8220;Nel 2012 era tra i centravanti pi\u00f9 forti al mondo. Aveva un tiro devastante. I portieri, a fine allenamento, non paravano\u2026 si riparavano\u201d&#8221;.<\/p>\n<p class=\"paragraph\" spellcheck=\"true\"><b>Lei ha avuto un solo idolo d\u2019infanzia, Roberto Baggio. Ricordi del primo incontro?<\/b><\/p>\n<p class=\"paragraph\" spellcheck=\"true\">&#8220;Roby per me \u00e8 il calcio. Cercavo di imitarlo in tutto e per tutto: lui cambiava scarpe? Lo facevo anche io. Giocavo pure con la fascia colorata al braccio come lui. L\u2019ho incontrato a Bologna, per caso, e l\u2019ho abbracciato per due minuti. Prima di tornare in Australia andr\u00f2 a salutarlo&#8221;.<\/p>\n<p class=\"paragraph\" spellcheck=\"true\"><b>Prima di Melbourne, la Cina: qualche cartolina?<\/b><\/p>\n<p class=\"paragraph\" spellcheck=\"true\">&#8220;L\u2019Asia \u00e8 intensa, particolare. Devi viverla per capirla. Ho giocato a Guangzhou nel 2014. Andammo a visitare lo zoo dei coccodrilli. Una volta usciti da l\u00ec, c\u2019erano negozi che vendevano carne di coccodrillo, cappotti di coccodrillo, borse di coccodrillo. Assurdo&#8221;.<\/p>\n<p class=\"paragraph\" spellcheck=\"true\"><b>Come mai l\u2019Australia l\u2019ha conquistata?<\/b><\/p>\n<p class=\"paragraph\" spellcheck=\"true\">&#8220;Rispecchia la mia personalit\u00e0&#8221;.<\/p>\n<p><a class=\"is-partner-link\" href=\"http:\/\/www.dazn.com\/gazzetta\" rel=\"nofollow noopener\" target=\"_blank\">Sei cliente diretto DAZN? Per te Gazzetta Digital Edition senza costi aggiuntivi.<\/a><\/p>\n<p class=\"paragraph\" spellcheck=\"true\">&#8220;Libera, passionale. E con un\u2019energia particolare. Non ho mai inseguito i soldi. Ho giocato per la gente&#8221;.<\/p>\n<p class=\"is-copyright\">\u00a9 RIPRODUZIONE RISERVATA<\/p>\n","protected":false},"excerpt":{"rendered":"L\u2019ex fantasista oggi allena le giovanili del Melbourne: &#8220;Non ho mai inseguito i soldi, ho giocato per la&hellip;\n","protected":false},"author":3,"featured_media":135268,"comment_status":"","ping_status":"","sticky":false,"template":"","format":"standard","meta":{"footnotes":""},"categories":[1452],"tags":[87319,15336,87320,87321,1961,3077,3631,8290,87322,586,6073,721,67007,1902,14517,4021,2790,87323,87324,122,87325,87326,7882,34536,10407,87327,87328,71766,1907,1533,1740,3440,4965,1889,2267,87329,11370,87330,24161,128,4038,25997,9813,87331,87332,350,1537,90,89,565,87333,1914,13155,248,1354,1316,4966,87334,87335,3531,135,87336,14285,87337,1739,2991,87338,87339,245,244,13027,3616],"class_list":{"0":"post-135267","1":"post","2":"type-post","3":"status-publish","4":"format-standard","5":"has-post-thumbnail","7":"category-calcio","8":"tag-alino","9":"tag-allena","10":"tag-allena-giovanili","11":"tag-allena-giovanili-melbourne","12":"tag-andata","13":"tag-arrivato","14":"tag-australia","15":"tag-baggio","16":"tag-bisoli","17":"tag-bologna","18":"tag-brescia","19":"tag-calcio","20":"tag-cambiava","21":"tag-carriera","22":"tag-coccodrillo","23":"tag-compagni","24":"tag-conte","25":"tag-conte-disse","26":"tag-conte-disse-cose","27":"tag-cose","28":"tag-cose-piacquero","29":"tag-cose-piacquero-rifiutai","30":"tag-devi","31":"tag-diamanti","32":"tag-disse","33":"tag-disse-cose","34":"tag-disse-cose-piacquero","35":"tag-dissero","36":"tag-dovuto","37":"tag-estate","38":"tag-football","39":"tag-forte","40":"tag-gente","41":"tag-giocare","42":"tag-giocato","43":"tag-giocato-gente","44":"tag-giovanili","45":"tag-giovanili-melbourne","46":"tag-ham","47":"tag-idea","48":"tag-idolo","49":"tag-incrocio","50":"tag-inseguito","51":"tag-inseguito-soldi","52":"tag-inseguito-soldi-giocato","53":"tag-inter","54":"tag-it","55":"tag-italia","56":"tag-italy","57":"tag-juve","58":"tag-lasciava","59":"tag-li","60":"tag-melbourne","61":"tag-napoli","62":"tag-ne","63":"tag-particolare","64":"tag-penso","65":"tag-piacquero","66":"tag-piacquero-rifiutai","67":"tag-pioli","68":"tag-presidente","69":"tag-rifiutai","70":"tag-scarpe","71":"tag-smile","72":"tag-soccer","73":"tag-soldi","74":"tag-soldi-giocato","75":"tag-soldi-giocato-gente","76":"tag-sport","77":"tag-sports","78":"tag-voleva","79":"tag-west"},"share_on_mastodon":{"url":"","error":""},"_links":{"self":[{"href":"https:\/\/www.europesays.com\/it\/wp-json\/wp\/v2\/posts\/135267","targetHints":{"allow":["GET"]}}],"collection":[{"href":"https:\/\/www.europesays.com\/it\/wp-json\/wp\/v2\/posts"}],"about":[{"href":"https:\/\/www.europesays.com\/it\/wp-json\/wp\/v2\/types\/post"}],"author":[{"embeddable":true,"href":"https:\/\/www.europesays.com\/it\/wp-json\/wp\/v2\/users\/3"}],"replies":[{"embeddable":true,"href":"https:\/\/www.europesays.com\/it\/wp-json\/wp\/v2\/comments?post=135267"}],"version-history":[{"count":0,"href":"https:\/\/www.europesays.com\/it\/wp-json\/wp\/v2\/posts\/135267\/revisions"}],"wp:featuredmedia":[{"embeddable":true,"href":"https:\/\/www.europesays.com\/it\/wp-json\/wp\/v2\/media\/135268"}],"wp:attachment":[{"href":"https:\/\/www.europesays.com\/it\/wp-json\/wp\/v2\/media?parent=135267"}],"wp:term":[{"taxonomy":"category","embeddable":true,"href":"https:\/\/www.europesays.com\/it\/wp-json\/wp\/v2\/categories?post=135267"},{"taxonomy":"post_tag","embeddable":true,"href":"https:\/\/www.europesays.com\/it\/wp-json\/wp\/v2\/tags?post=135267"}],"curies":[{"name":"wp","href":"https:\/\/api.w.org\/{rel}","templated":true}]}}