{"id":135323,"date":"2025-09-28T12:07:13","date_gmt":"2025-09-28T12:07:13","guid":{"rendered":"https:\/\/www.europesays.com\/it\/135323\/"},"modified":"2025-09-28T12:07:13","modified_gmt":"2025-09-28T12:07:13","slug":"massiccio-raid-russo-sullucraina-varsavia-chiude-lo-spazio-aereo-al-confine-e-fa-decollare-i-caccia-danimarca-droni-vicino-ai-nostri-siti-militari","status":"publish","type":"post","link":"https:\/\/www.europesays.com\/it\/135323\/","title":{"rendered":"Massiccio raid russo sull&#8217;Ucraina. Varsavia chiude lo spazio aereo al confine e fa decollare i caccia. Danimarca: &#8220;Droni vicino ai nostri siti militari&#8221;"},"content":{"rendered":"<p>                            Danimarca: \u201cAvvistati nella notte droni vicino ai nostri siti militari\u201d<\/p>\n<p>Nella notte sono stati avvistati <strong>droni<\/strong> nei pressi di siti militari in <strong>Danimarca,<\/strong> lo riporta il sito della difesa danese: \u201cLa Difesa conferma che durante la notte sono stati avvistati dei droni in diverse <strong>localit\u00e0 militari.<\/strong> Sono state dispiegate diverse risorse\u201d riferisce il comunicato. L\u2019emittente di servizio pubblico danese, Dr, ha contattato la difesa che non ha voluto rilasciare ulteriori commenti. Anche la notte precedente erano stati avvistati droni nei pressi di siti militari in Danimarca.<\/p>\n<p>                            Peskov: \u201cSe Kiev attaccasse il Cremlino? \u00c8 meglio non parlarne nemmeno\u201d<\/p>\n<p>\u201cIl presidente russo <strong>Vladimir Putin<\/strong> ha gi\u00e0 messo in guardia sulla risposta che ricever\u00e0 Kiev se tenter\u00e0 di attaccare il <strong>Cremlino.<\/strong> \u00c8 meglio non fare nemmeno ipotesi su un simile sviluppo\u201d. Lo ha detto il portavoce del presidente russo <strong>Dmitry Peskov<\/strong> in un\u2019intervista alla televisione russa. \u201cIl nostro comandante in capo, il presidente, ne ha gi\u00e0 parlato. \u00c8 meglio non parlarne nemmeno. E tutti lo capiscono\u201d, ha aggiunto quando gli \u00e8 stato chiesto come avrebbe reagito la Russia a tali attacchi, se fossero stati lanciati.<\/p>\n<p>                            Finlandia: \u201cBrutale attacco di Mosca. Avanti con le sanzioni Ue\u201d<\/p>\n<p>\u201cNella notte, la Russia ha lanciato un massiccio attacco con droni e missili su Kiev, prendendo di nuovo di mira a <strong>sangue freddo<\/strong> i civili. Tra le vittime, \u00e8 stato confermato che ci sono un bambino e alcuni operatori sanitari. Questo <strong>brutale attacco,<\/strong> avvenuto subito dopo la settimana dell\u2019Assemblea generale delle <strong>Nazioni Unite,<\/strong> mette a nudo le false narrazioni della Russia sulla guerra e, ancora una volta, mostra al mondo il vero volto dell\u2019aggressore\u201d. Lo scrive su X il presidente finlandese <strong>Alexander Stubb,<\/strong> evidenziando che \u201c\u00e8 giunto il momento di approvare il prossimo pacchetto di <strong>sanzioni<\/strong> <strong>dell\u2019Ue<\/strong> e di continuare a esercitare pressione sulla macchina da guerra russa\u201d.\u00a0<\/p>\n<p>                            Mosca: \u201cCondotto un massiccio raid contro il complesso militare-industriale di Kiev\u201d<\/p>\n<p>La Russia ha affermato di aver colpito obiettivi <strong>militari<\/strong> in Ucraina durante i bombardamenti notturni. \u201cIeri sera le forze armate della Federazione Russa hanno condotto un <strong>massiccio<\/strong> attacco contro le imprese del <strong>complesso militare<\/strong>\u2013<strong>industriale<\/strong> ucraino\u201d, ha annunciato il Ministero della Difesa russo in una nota.\u00a0<\/p>\n<p>                            Kiev: \u201cAttacco di artiglieria russa nel Donetsk. Feriti ed edifici danneggiati\u201d<\/p>\n<p>Kiev denuncia un violento attacco dell\u2019artiglieria russa nel <strong>Donetsk<\/strong> sotto controllo ucraino, che prosegue da ieri sera, e che ha danneggiato <strong>diversi edifici<\/strong> in otto localit\u00e0. Molti i feriti, riferiscono i media locali. Dal fronte, si afferma, sono state <strong>evacuate<\/strong> in mattinata quasi 350 persone.<\/p>\n<p>                            Tajani ribadisce: \u201cItaliani tranquilli, Putin non ci attaccher\u00e0\u201d<\/p>\n<p><strong>\u201cPutin<\/strong> ha un\u2019aggressivit\u00e0 inaccettabile, per\u00f2 non credo assolutamente che voglia attaccare <strong>l\u2019Italia,<\/strong> questo lo posso smentire. Comunque la nostra difesa aerea \u00e8 sempre vigile e attenta. L\u2019efficienza dell\u2019aeronautica militare \u00e8 sempre alta sia a terra sia in cielo, quindi gli italiani possono stare <strong>tranquilli\u201d,<\/strong> ha detto il vicepremier e ministro Esteri <strong>Antonio Tajani<\/strong> a margine della festa di Forza Italia a Telese Terme. \u201cNon dobbiamo drammatizzare \u2013 ha detto \u2013 non ci risulta nulla di preoccupante per il nostro Paese, voglio rassicurare tutti. Ho parlato anche con il ministro della Difesa <strong>Guido Crosetto<\/strong> stamattina, ci siamo consultati, tranquillizziamo tutti\u201d.<\/p>\n<p>                            Zelensky: \u201c595 droni e 48\u00a0missili nell\u2019attacco notturno della Russia\u201d<\/p>\n<p>Il \u201cmassiccio <strong>attacco russo<\/strong> all\u2019Ucraina \u00e8 durato pi\u00f9 di 12 ore\u201d e ha visto l\u2019impiego di \u201cquasi <strong>595 droni<\/strong> e pi\u00f9 di <strong>48<\/strong>\u00a0<strong>missili<\/strong>\u201d e \u201cal mattino gli Shahed russo-iraniani erano di nuovo nei nostri cieli\u201d. Lo scrive il presidente ucraino, <strong>Volodymyr<\/strong> <strong>Zelensky<\/strong>, sul suo canale Telegram dove sottolinea che \u201cquesto vile attacco \u00e8 avvenuto nella settimana dell\u2019Assemblea Generale delle <strong>Nazioni<\/strong> <strong>Unite<\/strong>, ed \u00e8 cos\u00ec che la Russia dichiara la sua posizione reale\u201d. E ancora: \u201cMosca vuole continuare a combattere e uccidere e merita solo la pressione pi\u00f9 dura del mondo\u201d. Per questo, secondo il presidente ucraino \u201cchiunque voglia la pace deve sostenere gli sforzi del presidente <strong>Trump<\/strong> e fermare qualsiasi importazione russa. Il tempo per un\u2019azione decisiva \u00e8 arrivato, e contiamo su una forte reazione degli Stati Uniti, dell\u2019Europa, del G7 e del G20\u2033.<\/p>\n<p>                            Salgono a 4 i morti negli attacchi russi, almeno 27 i feriti<\/p>\n<p>Negli attacchi russi a Kiev avvenuti nella notte sono morte 4 persone, tra cui un minorenne. Lo ha riferito il capo dell\u2019amministrazione militare della capitale ucraina Timur Tkachenko su Telegram. Almeno altre 27 persone sono state ferite, ha aggiunto sul social Mykola Kalashnyk, dell\u2019amministrazione militare di Kiev. Il ministro degli Esteri ucraino Andrii Sybiha ha dichiarato che il \u201cmassiccio\u201d attacco aereo contro il Paese ha coinvolto centinaia di missili e droni.<\/p>\n<p>                            Due morti e 10 feriti nell\u2019attacco a Kiev: uccisa anche una dodicenne<\/p>\n<p>A Kiev due persone sono state uccise e 10 ferite in seguito a un attacco russo, secondo il capo dell\u2019amministrazione militare della citt\u00e0, Timur Tkachenko citato da Ukrinform. \u201cAl momento a Kiev sono stati confermati 10 feriti e almeno 2 morti. Probabilmente i dati non sono definitivi\u201d, ha scritto Tkachenko su Telegram.\u00a0 Secondo le prime informazioni, una bambina di 12 anni \u00e8 rimasta uccisa nel quartiere Solomiansky di Kiev.<\/p>\n","protected":false},"excerpt":{"rendered":"Danimarca: \u201cAvvistati nella notte droni vicino ai nostri siti militari\u201d Nella notte sono stati avvistati droni nei pressi&hellip;\n","protected":false},"author":3,"featured_media":135324,"comment_status":"","ping_status":"","sticky":false,"template":"","format":"standard","meta":{"footnotes":""},"categories":[160],"tags":[14,164,165,166,7,15,11,167,12,168,161,162,163],"class_list":{"0":"post-135323","1":"post","2":"type-post","3":"status-publish","4":"format-standard","5":"has-post-thumbnail","7":"category-mondo","8":"tag-cronaca","9":"tag-dal-mondo","10":"tag-dalmondo","11":"tag-mondo","12":"tag-news","13":"tag-notizie","14":"tag-ultime-notizie","15":"tag-ultime-notizie-di-mondo","16":"tag-ultimenotizie","17":"tag-ultimenotiziedimondo","18":"tag-world","19":"tag-world-news","20":"tag-worldnews"},"share_on_mastodon":{"url":"","error":""},"_links":{"self":[{"href":"https:\/\/www.europesays.com\/it\/wp-json\/wp\/v2\/posts\/135323","targetHints":{"allow":["GET"]}}],"collection":[{"href":"https:\/\/www.europesays.com\/it\/wp-json\/wp\/v2\/posts"}],"about":[{"href":"https:\/\/www.europesays.com\/it\/wp-json\/wp\/v2\/types\/post"}],"author":[{"embeddable":true,"href":"https:\/\/www.europesays.com\/it\/wp-json\/wp\/v2\/users\/3"}],"replies":[{"embeddable":true,"href":"https:\/\/www.europesays.com\/it\/wp-json\/wp\/v2\/comments?post=135323"}],"version-history":[{"count":0,"href":"https:\/\/www.europesays.com\/it\/wp-json\/wp\/v2\/posts\/135323\/revisions"}],"wp:featuredmedia":[{"embeddable":true,"href":"https:\/\/www.europesays.com\/it\/wp-json\/wp\/v2\/media\/135324"}],"wp:attachment":[{"href":"https:\/\/www.europesays.com\/it\/wp-json\/wp\/v2\/media?parent=135323"}],"wp:term":[{"taxonomy":"category","embeddable":true,"href":"https:\/\/www.europesays.com\/it\/wp-json\/wp\/v2\/categories?post=135323"},{"taxonomy":"post_tag","embeddable":true,"href":"https:\/\/www.europesays.com\/it\/wp-json\/wp\/v2\/tags?post=135323"}],"curies":[{"name":"wp","href":"https:\/\/api.w.org\/{rel}","templated":true}]}}