{"id":135349,"date":"2025-09-28T12:27:17","date_gmt":"2025-09-28T12:27:17","guid":{"rendered":"https:\/\/www.europesays.com\/it\/135349\/"},"modified":"2025-09-28T12:27:17","modified_gmt":"2025-09-28T12:27:17","slug":"ottimi-risultati-per-rai-isoradio-guidata-da-alessandra-ferraro","status":"publish","type":"post","link":"https:\/\/www.europesays.com\/it\/135349\/","title":{"rendered":"Ottimi risultati per Rai Isoradio guidata da Alessandra Ferraro"},"content":{"rendered":"<p>Ha fatto registrare risultati positivi di ascolto <strong>Rai Isoradio<\/strong>: \u00a0\u00e8 cresciuta del 61.3% nel quarto d\u2019ora medio rispetto al 2023 (37.33%), il dato piu\u2019 alto degli ultimi 5 anni. Sono risultati, secondo le anticipazioni dell\u2019indagine Audiradio sulla rilevazione ufficiale dell\u2019ascolto delle emittenti radiofoniche pubbliche e private, nazionali e locali, relative al primo semestre 2025, che portano Isoradio a sorpassare Radio3 nell\u2019ascolto settimanale.<\/p>\n<p>Un successo che coinvolge anche la Valle d\u2019Aosta: alla direzione della radio on the road del servizio pubblico c\u2019\u00e8 una giornalista valdostana, <strong>Alessandra Ferraro<\/strong>, che ha lasciato, nel giugno del 2023, la guida della\u00a0 TGR Valle d\u2019Aosta per approdare a Isoradio.\u00a0\u201cDopo due anni da quando ho assunto la direzione del Canale \u2013 ha commentato \u2013\u00a0 questi risultati del progetto editoriale dicono che siamo sulla strada giusta. L\u2019obiettivo \u00e8 dare ai nostri ascoltatori sempre pi\u00f9 informazione, musica e viabilit\u00e0 con un linguaggio chiaro e tanto ritmo. Abbiamo una grande responsabilit\u00e0 come servizio pubblico\u201d.<\/p>\n","protected":false},"excerpt":{"rendered":"Ha fatto registrare risultati positivi di ascolto Rai Isoradio: \u00a0\u00e8 cresciuta del 61.3% nel quarto d\u2019ora medio rispetto&hellip;\n","protected":false},"author":3,"featured_media":135350,"comment_status":"","ping_status":"","sticky":false,"template":"","format":"standard","meta":{"footnotes":"","_share_on_mastodon":"0"},"categories":[1443],"tags":[87361,203,204,87362,1537,90,89,1538,1539],"class_list":["post-135349","post","type-post","status-publish","format-standard","has-post-thumbnail","category-musica","tag-alessandra-ferraro","tag-entertainment","tag-intrattenimento","tag-isoradio","tag-it","tag-italia","tag-italy","tag-music","tag-musica"],"share_on_mastodon":{"url":"","error":""},"_links":{"self":[{"href":"https:\/\/www.europesays.com\/it\/wp-json\/wp\/v2\/posts\/135349","targetHints":{"allow":["GET"]}}],"collection":[{"href":"https:\/\/www.europesays.com\/it\/wp-json\/wp\/v2\/posts"}],"about":[{"href":"https:\/\/www.europesays.com\/it\/wp-json\/wp\/v2\/types\/post"}],"author":[{"embeddable":true,"href":"https:\/\/www.europesays.com\/it\/wp-json\/wp\/v2\/users\/3"}],"replies":[{"embeddable":true,"href":"https:\/\/www.europesays.com\/it\/wp-json\/wp\/v2\/comments?post=135349"}],"version-history":[{"count":0,"href":"https:\/\/www.europesays.com\/it\/wp-json\/wp\/v2\/posts\/135349\/revisions"}],"wp:featuredmedia":[{"embeddable":true,"href":"https:\/\/www.europesays.com\/it\/wp-json\/wp\/v2\/media\/135350"}],"wp:attachment":[{"href":"https:\/\/www.europesays.com\/it\/wp-json\/wp\/v2\/media?parent=135349"}],"wp:term":[{"taxonomy":"category","embeddable":true,"href":"https:\/\/www.europesays.com\/it\/wp-json\/wp\/v2\/categories?post=135349"},{"taxonomy":"post_tag","embeddable":true,"href":"https:\/\/www.europesays.com\/it\/wp-json\/wp\/v2\/tags?post=135349"}],"curies":[{"name":"wp","href":"https:\/\/api.w.org\/{rel}","templated":true}]}}