{"id":135521,"date":"2025-09-28T14:23:10","date_gmt":"2025-09-28T14:23:10","guid":{"rendered":"https:\/\/www.europesays.com\/it\/135521\/"},"modified":"2025-09-28T14:23:10","modified_gmt":"2025-09-28T14:23:10","slug":"atlantico-ostaggio-di-una-tempesta-e-un-uragano-categoria-5-cosa-sta-accadendo","status":"publish","type":"post","link":"https:\/\/www.europesays.com\/it\/135521\/","title":{"rendered":"Atlantico ostaggio di una tempesta e un uragano categoria 5, cosa sta accadendo"},"content":{"rendered":"<p>Meteo: Atlantico ostaggio di una tempesta e un uragano categoria 5, cosa sta accadendo<\/p>\n<p class=\"article_author__info\">\n                Articolo del 28\/09\/2025<br \/>\n                ore 14:00<br \/>\n                di <a href=\"https:\/\/www.ilmeteo.it\/portale\/federico-brescia\" title=\"Visita il profilo di Federico Brescia\" rel=\"nofollow noopener\" target=\"_blank\">Federico Brescia<\/a> Meteorologo\n        <\/p>\n<p><img decoding=\"async\" fetchpriority=\"high\" loading=\"eager\" itemprop=\"image\" class=\"news_content_image\" src=\"https:\/\/www.europesays.com\/it\/wp-content\/uploads\/2025\/09\/uragani-atlantico280925.jpg.jpg\" alt=\"\" title=\"I due sistemi ciclonici visti dal satellite\" width=\"700\" height=\"483\"\/>I due sistemi ciclonici visti dal satellite\n<\/p>\n<p>L&#8217;Atlantico occidentale \u00e8 attualmente sotto l&#8217;influenza di <b>due intensi sistemi ciclonici<\/b> che stanno tenendo in allerta i residenti dalle coste della <b>Florida<\/b> alle <b>Bahamas<\/b> e i <b>Caraibi<\/b>. Fortunatamente, le proiezioni attuali indicano che entrambi i sistemi dovrebbero coinvolgere solo marginalmente alcune terre, vediamo meglio.<\/p>\n<p><b>HUMBERTO, URAGANO CAT.5<br \/><\/b>Il sistema pi\u00f9 preoccupante si chiama Humberto ed \u00e8 un <b>Uragano<\/b> che ha raggiunto l&#8217;apice della scala Saffir-Simpson, classificandosi come <b>Categoria 5<\/b>. Questo indica venti sostenuti di 252 km\/h o superiori, capaci di causare danni catastrofici.<br \/>I modelli concordano sul fatto che l&#8217;uragano dovrebbe presto iniziare una <b>rotazione verso nord e successivamente nord-est<\/b>, allontanandosi dal continente e rimanendo sull&#8217;Oceano Atlantico. Sebbene la sua vicinanza possa portare a mareggiate e forti correnti lungo le coste della Florida e delle Bahamas, \u00e8 davvero improbabile che tocchi terra con questa intensit\u00e0. <\/p>\n<p><b>DEPRESSIONE TROPICALE<br \/><\/b>L&#8217;altro sistema in questione \u00e8 una <b>Depressione Tropicale prevista evolvere rapidamente in Tempesta Tropicale<\/b>. Sebbene meno intensa dell&#8217;uragano, rappresenta comunque un pericolo significativo  soprattutto per una sua possibile evoluzione in uragano e perch\u00e8 rispetto a Humberto si trova molto pi\u00f9 vicino alle coste e la sua traiettoria \u00e8 in linea con le Bahamas, pertanto potrebbe creare pi\u00f9 problemi nonostante la sua notevole forza minore.<br \/>Nell&#8217;immagine vediamo le traiettorie dei due cicloni.<img decoding=\"async\" fetchpriority=\"low\" loading=\"lazy\" itemprop=\"image\" class=\"news_content_image\" src=\"https:\/\/www.europesays.com\/it\/wp-content\/uploads\/2025\/09\/traiettoria-uragani280925.jpg.jpg\" alt=\"\" title=\"La traiettoria di Humberto a destra e di Nine a sinistra\" width=\"700\" height=\"450\"\/>La traiettoria di Humberto a destra e di Nine a sinistraNonostante le incoraggianti previsioni che prevedono che i sistemi non toccheranno terra, le autorit\u00e0 continuano a esortare i residenti delle aree costiere (specialmente in Florida e nelle Bahamas) a mantenere un alto livello di vigilanza.<\/p>\n","protected":false},"excerpt":{"rendered":"Meteo: Atlantico ostaggio di una tempesta e un uragano categoria 5, cosa sta accadendo Articolo del 28\/09\/2025 ore&hellip;\n","protected":false},"author":3,"featured_media":135522,"comment_status":"","ping_status":"","sticky":false,"template":"","format":"standard","meta":{"footnotes":""},"categories":[160],"tags":[14,164,165,419,166,7,15,11,167,12,168,161,162,163],"class_list":{"0":"post-135521","1":"post","2":"type-post","3":"status-publish","4":"format-standard","5":"has-post-thumbnail","7":"category-mondo","8":"tag-cronaca","9":"tag-dal-mondo","10":"tag-dalmondo","11":"tag-meteo","12":"tag-mondo","13":"tag-news","14":"tag-notizie","15":"tag-ultime-notizie","16":"tag-ultime-notizie-di-mondo","17":"tag-ultimenotizie","18":"tag-ultimenotiziedimondo","19":"tag-world","20":"tag-world-news","21":"tag-worldnews"},"share_on_mastodon":{"url":"","error":""},"_links":{"self":[{"href":"https:\/\/www.europesays.com\/it\/wp-json\/wp\/v2\/posts\/135521","targetHints":{"allow":["GET"]}}],"collection":[{"href":"https:\/\/www.europesays.com\/it\/wp-json\/wp\/v2\/posts"}],"about":[{"href":"https:\/\/www.europesays.com\/it\/wp-json\/wp\/v2\/types\/post"}],"author":[{"embeddable":true,"href":"https:\/\/www.europesays.com\/it\/wp-json\/wp\/v2\/users\/3"}],"replies":[{"embeddable":true,"href":"https:\/\/www.europesays.com\/it\/wp-json\/wp\/v2\/comments?post=135521"}],"version-history":[{"count":0,"href":"https:\/\/www.europesays.com\/it\/wp-json\/wp\/v2\/posts\/135521\/revisions"}],"wp:featuredmedia":[{"embeddable":true,"href":"https:\/\/www.europesays.com\/it\/wp-json\/wp\/v2\/media\/135522"}],"wp:attachment":[{"href":"https:\/\/www.europesays.com\/it\/wp-json\/wp\/v2\/media?parent=135521"}],"wp:term":[{"taxonomy":"category","embeddable":true,"href":"https:\/\/www.europesays.com\/it\/wp-json\/wp\/v2\/categories?post=135521"},{"taxonomy":"post_tag","embeddable":true,"href":"https:\/\/www.europesays.com\/it\/wp-json\/wp\/v2\/tags?post=135521"}],"curies":[{"name":"wp","href":"https:\/\/api.w.org\/{rel}","templated":true}]}}