{"id":135721,"date":"2025-09-28T16:44:22","date_gmt":"2025-09-28T16:44:22","guid":{"rendered":"https:\/\/www.europesays.com\/it\/135721\/"},"modified":"2025-09-28T16:44:22","modified_gmt":"2025-09-28T16:44:22","slug":"a-rischio-ospedali-e-case-di-comunita-per-la-calabria-triste-prospettiva","status":"publish","type":"post","link":"https:\/\/www.europesays.com\/it\/135721\/","title":{"rendered":"\u00abA rischio ospedali e case di comunit\u00e0, per la Calabria triste prospettiva\u00bb"},"content":{"rendered":"<p><strong>CATANZARO <\/strong>\u00a0\u201cIl ministro per il Pnrr Foti, rispondendo l\u2019altro giorno ad un\u2019interrogazione parlamentare, ha\u00a0 chiamato in causa le Regioni, circa l\u2019apertura degli ospedali e le case di comunit\u00e0, in quanto responsabili della misura 6 del Pnrr. In sostanza, \u00e8 fondato il pericolo di perdere le risorse Pnrr, visto che in Italia su 1.038 case di comunit\u00e0 ne sono state aperte 191 e di ospedali di comunit\u00e0 50 su oltre 300\u201d. Lo afferma Francesco Pitaro, candidato alle Regionali nel collegio centro nella lista dei Democratici Progressisti. \u201cIn Calabria, poi, siamo all\u2019anno zero. Implementando un dibattito sulle grandi infrastrutture ospedaliere che si avranno negli anni \u2013 prosegue Pitaro \u2013 \u00a0non sono state messe in campo le azioni tempestive per rendere effettive le nuove strutture e migliorare la sanit\u00e0 territoriale.\u00a0 Infatti, nella regione di case di comunit\u00e0 ne sono state aperte solo 2 su 63 programmate. E il rischio \u00e8, a nove mesi dalla scadenza del Pnrr, di vanificare la possibilit\u00e0 di avere questi pilastri della sanit\u00e0 territoriale. Dopo 4 anni di commissariamento, la Calabria ha la triste prospettiva di non rafforzare l\u2019assistenza sanitaria sul territorio; non migliorare l\u2019assistenza domiciliare e sviluppare la\u00a0telemedicina; \u00a0non potenziare la digitalizzazione delle strutture sanitarie; non ammodernare le apparecchiature mediche, come TAC e risonanze magnetiche e di non promuovere l\u2019innovazione, la ricerca e la formazione del personale sanitario. Tutto ci\u00f2 aggraverebbe la disarticolazione del Sistema regionale della sanit\u00e0, incidendo pesantemente sul diritto alle cure dei cittadini. Perci\u00f2 \u2013 prosegue Pitaro \u2013 \u00e8 necessario demistificare il racconto esaltante dell\u2019on. Occhiuto e di fare i conti con una realt\u00e0 da cui si evince che, anche quando gli ospedali e le case di comunit\u00e0 saranno messe a terra e secondo Agenas serviranno cinque o sei anni per completare i progetti, \u00a0il rischio, una volta perse le risorse europee, \u00e8 che gli ospedali e le case di comunit\u00e0 restino edifici senza strumenti e senza personale. \u00a0Altro che sostenere il passaggio tra l\u2019ospedalizzazione e il domicilio, lo scenario che s\u2019intravede, se non si corre ai ripari, \u00e8 la capitolazione della sanit\u00e0 pubblica\u201d.<\/p>\n<p>\u00a0<strong>Il Corriere della Calabria \u00e8 anche su WhatsApp. Basta\u00a0<\/strong><a href=\"https:\/\/whatsapp.com\/channel\/0029Va8fM6g5a24CQcoq2O3j\" target=\"_blank\" rel=\"noreferrer noopener nofollow\"><strong>cliccare qui\u00a0<\/strong><\/a><strong>per iscriverti al canale ed essere sempre\u00a0aggiornato<\/strong><strong\/><\/p>\n","protected":false},"excerpt":{"rendered":"CATANZARO \u00a0\u201cIl ministro per il Pnrr Foti, rispondendo l\u2019altro giorno ad un\u2019interrogazione parlamentare, ha\u00a0 chiamato in causa le&hellip;\n","protected":false},"author":3,"featured_media":135722,"comment_status":"","ping_status":"","sticky":false,"template":"","format":"standard","meta":{"footnotes":""},"categories":[1481],"tags":[2065,2066,23137,87483,87484,239,2063,2064,1537,90,89,2890,87485,87486,477,136,240],"class_list":{"0":"post-135721","1":"post","2":"type-post","3":"status-publish","4":"format-standard","5":"has-post-thumbnail","7":"category-assistenza-sanitaria","8":"tag-assistenza-sanitaria","9":"tag-assistenzasanitaria","10":"tag-case-comunita","11":"tag-democratici-progressisti","12":"tag-francesco-pitaro","13":"tag-health","14":"tag-health-care","15":"tag-healthcare","16":"tag-it","17":"tag-italia","18":"tag-italy","19":"tag-ospedali","20":"tag-ospedali-comunitacase-comunita","21":"tag-pitaro","22":"tag-politica","23":"tag-regionali","24":"tag-salute"},"share_on_mastodon":{"url":"","error":""},"_links":{"self":[{"href":"https:\/\/www.europesays.com\/it\/wp-json\/wp\/v2\/posts\/135721","targetHints":{"allow":["GET"]}}],"collection":[{"href":"https:\/\/www.europesays.com\/it\/wp-json\/wp\/v2\/posts"}],"about":[{"href":"https:\/\/www.europesays.com\/it\/wp-json\/wp\/v2\/types\/post"}],"author":[{"embeddable":true,"href":"https:\/\/www.europesays.com\/it\/wp-json\/wp\/v2\/users\/3"}],"replies":[{"embeddable":true,"href":"https:\/\/www.europesays.com\/it\/wp-json\/wp\/v2\/comments?post=135721"}],"version-history":[{"count":0,"href":"https:\/\/www.europesays.com\/it\/wp-json\/wp\/v2\/posts\/135721\/revisions"}],"wp:featuredmedia":[{"embeddable":true,"href":"https:\/\/www.europesays.com\/it\/wp-json\/wp\/v2\/media\/135722"}],"wp:attachment":[{"href":"https:\/\/www.europesays.com\/it\/wp-json\/wp\/v2\/media?parent=135721"}],"wp:term":[{"taxonomy":"category","embeddable":true,"href":"https:\/\/www.europesays.com\/it\/wp-json\/wp\/v2\/categories?post=135721"},{"taxonomy":"post_tag","embeddable":true,"href":"https:\/\/www.europesays.com\/it\/wp-json\/wp\/v2\/tags?post=135721"}],"curies":[{"name":"wp","href":"https:\/\/api.w.org\/{rel}","templated":true}]}}