{"id":135851,"date":"2025-09-28T18:20:51","date_gmt":"2025-09-28T18:20:51","guid":{"rendered":"https:\/\/www.europesays.com\/it\/135851\/"},"modified":"2025-09-28T18:20:51","modified_gmt":"2025-09-28T18:20:51","slug":"tranquilla-non-e-cambiato-nulla-la-celentano-e-identica-o-peggiore-lunedi-le-nozze-con-andreas-muller","status":"publish","type":"post","link":"https:\/\/www.europesays.com\/it\/135851\/","title":{"rendered":"\u00abTranquilla non \u00e8 cambiato nulla, la Celentano \u00e8 identica o peggiore\u00bb. Luned\u00ec le nozze con Andreas Muller"},"content":{"rendered":"<p>&#13;<br \/>\n                               &#13;<br \/>\n                                                &#13;<br \/>\n                &#13;<\/p>\n<p>Si torna sempre dove si \u00e8 stati bene, anche a distanza di quattro anni. \u00c8 proprio questo il caso di <strong><a href=\"https:\/\/www.leggo.it\/t\/veronica-peparini\" rel=\"nofollow noopener\" target=\"_blank\">Veronica Peparini<\/a><\/strong> che a distanza di qualche tempo ritorna tra i professori di danza di <strong><a href=\"https:\/\/www.leggo.it\/t\/amici\" rel=\"nofollow noopener\" target=\"_blank\">Amici<\/a><\/strong>.\u00a0\u00a0Oggi domenica 28 settembre si sta formando la nuova classe di studenti del talent show di Maria De Filippi che ha accolto con molto piacere la ex insegnante che, dopo la nascita delle gemelline Ginevra e Penelope, nate dall&#8217;amore con il ballerino Andreas Muller, si \u00e8 rimessa in gioco ed \u00e8 tornata al bancone dei prof insieme ad Alessandra Celentano ed Emanuel Lo.\u00a0\u00a0<\/p>\n<p>&#13;<br \/>\n&#13;<br \/>\n&#13;<br \/>\n&#13;<br \/>\n&#13;<br \/>\n&#13;<br \/>\n&#13;<br \/>\n&#13;<br \/>\nIl ritorno di Peparini&#13;<br \/>\n&#13;<br \/>\n&#13;<br \/>\n&#13;<\/p>\n<p><strong>Veronica Peparini<\/strong> viene accolta da un grandissimo applauso degli spettatori che attendevano il suo ritorno da tempo. <\/p>\n<p>La coreografa ha preso il posto di Deborah Lettieri.\u00a0Maria De Filippi ha voluto rassicurare Veronica che dal suo ultimo anno come prof \u00abNon \u00e8 cambiato niente, la Celentano \u00e8 identica o peggiore con l\u2019avanzare dell\u2019anagrafe, non si \u00e8 fidanzata, ma\u00a0\u00e8 sempre in forma\u00bb. \u00a0&#13;<br \/>\n&#13;<\/p>\n<p>Nel video di presentazioni, anche un dolcissimo messaggio:\u00a0\u00abTorna a casa dopo 4 anni\u00bb perch\u00e9 per Peparini era proprio una vera casa dove ad attenderla c&#8217;era la sua famiglia di sempre.\u00a0<\/p>\n<p>&#13;<br \/>\n&#13;<\/p>\n<p><strong>Il matrimonio di Veronica Peparini e Andreas Muller<\/strong><\/p>\n<p>&#13;<br \/>\n&#13;<\/p>\n<p>Veronica Peparini ritorna ad Amici poco prima del matrimonio con il compagno <a href=\"https:\/\/www.leggo.it\/t\/andreas-muller\" rel=\"nofollow noopener\" target=\"_blank\">Andreas Muller<\/a>, con un nuovo look biondo pi\u00f9 corto.\u00a0Sar\u00e0 domani, luned\u00ec 29 settembre il giorno pi\u00f9 importante per la coppia, dopo la nascita delle gemelline Ginevra e Penelope.<br \/>&#13;<br \/>\nLa proposta di nozze \u00e8 arrivata durante la finale di La Talpa, il reality a cui hanno partecipato insieme come unico concorrente. La prof ha commentato a Nuovo: \u00abNon me l\u2019aspettavo assolutamente! Anzi, in quel momento stavo pensando a tutt\u2019altro. Dopo la proposta siamo stati eliminati e ci sono rimasta male. Mi dispiaceva che una cosa cos\u00ec bella e personale fosse capitata in una serata che coincideva con l\u2019uscita dal reality show\u00bb.<br \/>&#13;<br \/>\nIntanto i preparativi servono: \u00abSogno un abito semplice e romantico, ma non completamente bianco. Ci diremo \u201cS\u00ec\u201d in Comune, a Roma, e saranno i nostri figli a portare le fedi\u00bb.<\/p>\n<p>                                &#13;<br \/>\n                &#13;<br \/>\n&#13;<br \/>\n                Ultimo aggiornamento: domenica 28 settembre 2025, 15:51&#13;<br \/>\n                <br \/>&#13;<br \/>\n                &#13;<br \/>\n                  &#13;<br \/>\n                    &#13;<br \/>\n                        \u00a9 RIPRODUZIONE RISERVATA&#13;<\/p>\n<p>&#13;<\/p>\n<p>                    &#13;<\/p>\n","protected":false},"excerpt":{"rendered":"&#13; &#13; &#13; &#13; Si torna sempre dove si \u00e8 stati bene, anche a distanza di quattro anni.&hellip;\n","protected":false},"author":3,"featured_media":135852,"comment_status":"","ping_status":"","sticky":false,"template":"","format":"standard","meta":{"footnotes":""},"categories":[1444],"tags":[1266,87514,203,204,1537,90,89,253,17707],"class_list":{"0":"post-135851","1":"post","2":"type-post","3":"status-publish","4":"format-standard","5":"has-post-thumbnail","7":"category-tv","8":"tag-amici","9":"tag-deborah-lettieri","10":"tag-entertainment","11":"tag-intrattenimento","12":"tag-it","13":"tag-italia","14":"tag-italy","15":"tag-tv","16":"tag-veronica-peparini"},"share_on_mastodon":{"url":"","error":""},"_links":{"self":[{"href":"https:\/\/www.europesays.com\/it\/wp-json\/wp\/v2\/posts\/135851","targetHints":{"allow":["GET"]}}],"collection":[{"href":"https:\/\/www.europesays.com\/it\/wp-json\/wp\/v2\/posts"}],"about":[{"href":"https:\/\/www.europesays.com\/it\/wp-json\/wp\/v2\/types\/post"}],"author":[{"embeddable":true,"href":"https:\/\/www.europesays.com\/it\/wp-json\/wp\/v2\/users\/3"}],"replies":[{"embeddable":true,"href":"https:\/\/www.europesays.com\/it\/wp-json\/wp\/v2\/comments?post=135851"}],"version-history":[{"count":0,"href":"https:\/\/www.europesays.com\/it\/wp-json\/wp\/v2\/posts\/135851\/revisions"}],"wp:featuredmedia":[{"embeddable":true,"href":"https:\/\/www.europesays.com\/it\/wp-json\/wp\/v2\/media\/135852"}],"wp:attachment":[{"href":"https:\/\/www.europesays.com\/it\/wp-json\/wp\/v2\/media?parent=135851"}],"wp:term":[{"taxonomy":"category","embeddable":true,"href":"https:\/\/www.europesays.com\/it\/wp-json\/wp\/v2\/categories?post=135851"},{"taxonomy":"post_tag","embeddable":true,"href":"https:\/\/www.europesays.com\/it\/wp-json\/wp\/v2\/tags?post=135851"}],"curies":[{"name":"wp","href":"https:\/\/api.w.org\/{rel}","templated":true}]}}