{"id":136313,"date":"2025-09-28T23:54:14","date_gmt":"2025-09-28T23:54:14","guid":{"rendered":"https:\/\/www.europesays.com\/it\/136313\/"},"modified":"2025-09-28T23:54:14","modified_gmt":"2025-09-28T23:54:14","slug":"proiettile-consegnato-a-don-patriciello-durante-la-messa-a-caivano-fermato-un-uomo","status":"publish","type":"post","link":"https:\/\/www.europesays.com\/it\/136313\/","title":{"rendered":"Proiettile consegnato a Don Patriciello durante la messa a Caivano: fermato un uomo"},"content":{"rendered":"<p>                <img width=\"690\" height=\"362\" src=\"https:\/\/www.europesays.com\/it\/wp-content\/uploads\/2025\/09\/patriciello_1200-690x362.jpg\" class=\"attachment-ifq-big size-ifq-big wp-post-image\" alt=\"Minacciato il prete anticamorra don Patriciello: il suocero di un boss gli consegna un proiettile durante la messa\" decoding=\"async\" fetchpriority=\"high\"\/>            <\/p>\n<p>Si \u00e8 messo in fila per ricevere la ccomunione, nella chiesa del Parco Verde di <strong>Caivano<\/strong>, Napoli. Una volta arrivato davanti a don <strong>Maurizio Patriciello<\/strong>, gli ha consegnato una busta con dentro un bossolo, un <strong>proiettile<\/strong> calibro 9 x 21. \u00c8 la ricostruzione effettuata dai carabinieri di quanto avvenuto nella mattinata di domenica, nella parrocchia di San Paolo Apostolo. L\u2019uomo \u00e8 stato fermato dalla scorta del sacerdote e da una pattuglia di militari presenti all\u2019esterno della chiesa. \u00c8 stato condotto al comando della compagnia di Caivano, dove si trova in attesa di accertamenti. Si tratta di un 75enne, Vincenzo De Luca, suocero di un boss del clan <strong>Ciccarelli<\/strong>\u2013<strong>Sautto<\/strong>, gi\u00e0 noto alle forze dell\u2019ordine e che in passato ha manifestato problemi psichiatrici: \u00e8 stato arrestato con l\u2019accusa di atti persecutori (stalking) aggravati dal metodo mafioso.<\/p>\n<p>Gi\u00e0 in passato l\u2019anziano si era reso protagonista un episodio simile: a giugno 2024 era stato fermato dalle forze dell\u2019ordine all\u2019interno della chiesa perch\u00e9 dalla tasca del suo pantalone fuoriusciva un <strong>coltello<\/strong>. In quella circostanza era stato denunciato a piede libero e nei suoi confronti era stato emesso un avviso orale.Il proiettile usato per la minaccia \u00e8 stato probabilmmente esploso durante una <strong>sparatoria<\/strong> avvenuta sabato sera a poca distanza dalla parrocchia, davanti all\u2019ingresso di un<strong> parco giochi inclusivo<\/strong> inaugurato la stessa mattina in viale dei Tulipani. Responsabile della \u201cstesa\u201d un gruppo di una decina di persone a bordo di alcuni scooter. Secondo le prime ipotesi degli inquirenti, si \u00e8 trattato di <strong>un\u2019intimidazione<\/strong> nei confronti delle associazioni di volontariato sociale attive nel Parco Verde di Caivano. Il fatto ha destato grande scalpore: sulla vicenda il sacerdote nelle ultime ore ha preso una <strong>dura posizione<\/strong> sui <strong>social<\/strong>.<\/p>\n<p>Al parroco, si apprende dal Quirinale, ha voluto esprimere la propria vicinanza e solidariet\u00e0 il presidente della Repubblica <strong>Sergio Mattarella<\/strong>. Sui social la premier <strong>Giorgia Meloni<\/strong> parla di \u201cun gesto vigliacco e criminale, compiuto nel luogo e nel momento pi\u00f9 sacro, che non intimidir\u00e0 chi, come don Patriciello, rappresenta coraggio e dedizione a favore della comunit\u00e0 e della legalit\u00e0. Al fianco di don Patriciello e di tutti coloro che non si piegano alla criminalit\u00e0. Lo Stato \u00e8 con voi, e non faremo mai un passo indietro\u201d, afferma. Patriciello ha ricevuto una telefonata anche dal ministro dell\u2019Interno <strong>Matteo Piantedosi<\/strong>, che nell\u2019occasione ha preannunciato una visita a Caivano e ha fatto sapere di aver inviato pattuglie aggiuntive per presidiare il parco verde, disponendo anche l\u2019innalzamento della tutela per il sacerdote. Il vicepremier e leader di Forza Italia <strong>Antonio<\/strong> <strong>Tajani<\/strong> ha citato l\u2019episodio nell\u2019intervento conclusivo della festa del partito a Telese Terme: \u201cVoglio inviare un messaggio di solidariet\u00e0 a don Maurizio Patriciello, che oggi a Caivano durante la messa, da un signore che faceva finta di fare la comunione, ha ricevuto un proiettile. Profanare un sacramento \u00e8 <strong>malavita<\/strong>\u201c.<\/p>\n<ul class=\"ifq-paywall__offers\">\n<li class=\"ifq-paywall__offer ifq-paywall__offer--light\" data-el=\"ifq-paywall-offer-sostenitore\">\n<p>\n\t\t\t\t\t\t\t\t\tNaviga il sito senza limiti di pagine e senza pubblicit\u00e0.\t\t\t\t\t\t\t\t<\/p>\n<p>\n\t\t\t\t\t\t\t\t\tAnnuale<\/p>\n<p>\t\t\t\t\t\t\t\t\tMensile\n\t\t\t\t\t\t\t\t<\/p>\n<p>\n\t\t\t\t\t\t\t\t\t\t\t\u20ac 1<br \/>\n\t\t\t\t\t\t\t\t\t\t\t,00\n\t\t\t\t\t\t\t\t\t\t<\/p>\n<p>\t\t\t\t\t\t\t\t\t\tper il primo mese<\/p>\n<p>poi \u20ac 5,99 al mese<\/p>\n<p>\t\t\t\t\t\t\t\t<a class=\"ifq-paywall__actions-button\" href=\"https:\/\/shop.ilfattoquotidiano.it\/abbonati-subito\/?group_id=Sostenitore&amp;coupon=promo-paywall&amp;buy=256540\" target=\"_blank\" rel=\"nofollow noopener\" data-monthly-url=\"https:\/\/shop.ilfattoquotidiano.it\/abbonati-subito\/?group_id=Sostenitore&amp;coupon=promo-paywall&amp;buy=256540\" data-yearly-url=\"https:\/\/shop.ilfattoquotidiano.it\/abbonati-subito\/?group_id=Sostenitre&amp;buy=256541\" data-paywall-product=\"sostenitore\"><br \/>\n\t\t\t\t\t\t\t\t\tABBONATI<br \/>\n\t\t\t\t\t\t\t\t<\/a><\/p>\n<p>\n\t\t\t\t\t\t\t\t\tRinnovo automatico. Disattiva quando vuoi\n\t\t\t\t\t\t\t\t<\/p>\n<ul class=\"ifq-paywall__included-list\">\n<li class=\"ifq-paywall__included-item\">Accedere a tutti gli articoli del sito (eccetto FQ In Edicola)<\/li>\n<li class=\"ifq-paywall__included-item\">Navigare senza pubblicit\u00e0<\/li>\n<li class=\"ifq-paywall__included-item\">Partecipare in diretta alla riunione di redazione ogni gioved\u00ec alle 16.00<\/li>\n<li class=\"ifq-paywall__included-item\">Accedere al Forum con la redazione per discutere di temi di interesse pubblico<\/li>\n<li class=\"ifq-paywall__included-item\">Proporre post per il blog dedicato<\/li>\n<li class=\"ifq-paywall__included-item\">Commentare tutti gli articoli del sito<\/li>\n<li class=\"ifq-paywall__included-item\">Ricevere le newsletter tematiche<\/li>\n<li class=\"ifq-paywall__included-item\">Accedere agli articoli del quotidiano 7 giorni dopo la pubblicazione<\/li>\n<li class=\"ifq-paywall__included-item\">Sconto del 30% sull&#8217;abbonamento annuale a TvLoft e sui libri Paper First<\/li>\n<li class=\"ifq-paywall__included-item\">Sconto del 20% sul nostro shop online<\/li>\n<li class=\"ifq-paywall__included-item\">Tesseramento alla Fondazione il Fatto Quotidiano a \u20ac 5,00 (anzich\u00e9 \u20ac 20,00)<\/li>\n<li class=\"ifq-paywall__included-item\">Card digitale con accesso ai vantaggi esclusivi delle Partnership<\/li>\n<\/ul>\n<\/li>\n<li class=\"ifq-paywall__offer ifq-paywall__offer--dark\" data-el=\"ifq-paywall-offer-sostenitore\">\n<p>\n\t\t\t\t\t\t\t\t\tSfoglia ogni giorno i contenuti di FQ IN EDICOLA sul tuo pc e sulla nuova app.\t\t\t\t\t\t\t\t<\/p>\n<p>\t\t\t\t\t\t\t\t<a class=\"ifq-paywall__actions-button\" href=\"https:\/\/shop.ilfattoquotidiano.it\/abbonati-subito\/?group_id=Partner&amp;buy=256545\" target=\"_blank\" rel=\"nofollow noopener\" data-monthly-url=\"https:\/\/shop.ilfattoquotidiano.it\/abbonati-subito\/?group_id=Partner&amp;buy=256545\" data-yearly-url=\"https:\/\/shop.ilfattoquotidiano.it\/abbonati-subito\/?group_id=Partner&amp;buy=916408\" data-paywall-product=\"partner\"><br \/>\n\t\t\t\t\t\t\t\t\tABBONATI<br \/>\n\t\t\t\t\t\t\t\t<\/a><\/p>\n<p>\n\t\t\t\t\t\t\t\t\tRinnovo automatico. Disattiva quando vuoi\n\t\t\t\t\t\t\t\t<\/p>\n<ul class=\"ifq-paywall__included-list\">\n<li class=\"ifq-paywall__included-item\">Accedere a tutti gli articoli del quotidiano tramite app e sito<\/li>\n<li class=\"ifq-paywall__included-item\">Accedere all&#8217;archivio completo de il Fatto Quotidiano<\/li>\n<li class=\"ifq-paywall__included-item\">Accedere ad uno sconto dedicato a 4 corsi esclusivi della Scuola del Fatto<\/li>\n<li class=\"ifq-paywall__included-item\">Partecipare in diretta alla riunione di redazione ogni gioved\u00ec alle 16.00<\/li>\n<li class=\"ifq-paywall__included-item\">Commentare tutti gli articoli del sito<\/li>\n<li class=\"ifq-paywall__included-item\">Navigare senza pubblicit\u00e0<\/li>\n<li class=\"ifq-paywall__included-item\">Accedere a tutti i programmi di TvLoft<\/li>\n<li class=\"ifq-paywall__included-item\">Sconto del 20% sul nostro shop online<\/li>\n<li class=\"ifq-paywall__included-item\">Tesseramento alla Fondazione il Fatto Quotidiano a \u20ac 5,00 (anzich\u00e9 \u20ac 20,00)<\/li>\n<li class=\"ifq-paywall__included-item\">Card digitale con accesso ai vantaggi esclusivi delle Partnership<\/li>\n<\/ul>\n<\/li>\n<\/ul>\n","protected":false},"excerpt":{"rendered":"Si \u00e8 messo in fila per ricevere la ccomunione, nella chiesa del Parco Verde di Caivano, Napoli. Una&hellip;\n","protected":false},"author":3,"featured_media":136314,"comment_status":"","ping_status":"","sticky":false,"template":"","format":"standard","meta":{"footnotes":""},"categories":[79],"tags":[14,93,94,1537,90,89,7,15,11,84,91,12,85,92],"class_list":{"0":"post-136313","1":"post","2":"type-post","3":"status-publish","4":"format-standard","5":"has-post-thumbnail","7":"category-italia","8":"tag-cronaca","9":"tag-cronaca-italiana","10":"tag-cronacaitaliana","11":"tag-it","12":"tag-italia","13":"tag-italy","14":"tag-news","15":"tag-notizie","16":"tag-ultime-notizie","17":"tag-ultime-notizie-e-news-di-oggi","18":"tag-ultime-notizie-italia","19":"tag-ultimenotizie","20":"tag-ultimenotizieenewsdioggi","21":"tag-ultimenotizieitalia"},"share_on_mastodon":{"url":"","error":""},"_links":{"self":[{"href":"https:\/\/www.europesays.com\/it\/wp-json\/wp\/v2\/posts\/136313","targetHints":{"allow":["GET"]}}],"collection":[{"href":"https:\/\/www.europesays.com\/it\/wp-json\/wp\/v2\/posts"}],"about":[{"href":"https:\/\/www.europesays.com\/it\/wp-json\/wp\/v2\/types\/post"}],"author":[{"embeddable":true,"href":"https:\/\/www.europesays.com\/it\/wp-json\/wp\/v2\/users\/3"}],"replies":[{"embeddable":true,"href":"https:\/\/www.europesays.com\/it\/wp-json\/wp\/v2\/comments?post=136313"}],"version-history":[{"count":0,"href":"https:\/\/www.europesays.com\/it\/wp-json\/wp\/v2\/posts\/136313\/revisions"}],"wp:featuredmedia":[{"embeddable":true,"href":"https:\/\/www.europesays.com\/it\/wp-json\/wp\/v2\/media\/136314"}],"wp:attachment":[{"href":"https:\/\/www.europesays.com\/it\/wp-json\/wp\/v2\/media?parent=136313"}],"wp:term":[{"taxonomy":"category","embeddable":true,"href":"https:\/\/www.europesays.com\/it\/wp-json\/wp\/v2\/categories?post=136313"},{"taxonomy":"post_tag","embeddable":true,"href":"https:\/\/www.europesays.com\/it\/wp-json\/wp\/v2\/tags?post=136313"}],"curies":[{"name":"wp","href":"https:\/\/api.w.org\/{rel}","templated":true}]}}