{"id":136315,"date":"2025-09-28T23:55:11","date_gmt":"2025-09-28T23:55:11","guid":{"rendered":"https:\/\/www.europesays.com\/it\/136315\/"},"modified":"2025-09-28T23:55:11","modified_gmt":"2025-09-28T23:55:11","slug":"torino-bambino-di-4-anni-cade-dal-balcone-e-in-gravi-condizioni","status":"publish","type":"post","link":"https:\/\/www.europesays.com\/it\/136315\/","title":{"rendered":"Torino, bambino di 4 anni cade dal balcone: \u00e8 in gravi condizioni"},"content":{"rendered":"<p>Un bambino di quattro anni \u00e8 precipitato dal balcone di casa a Torino. Il piccolo, in gravi condizioni, avrebbe riportato un grave trauma cranico. L&#8217;incidente \u00e8 avvenuto in corso Taranto, nella periferia nord della citt\u00e0. Il piccolo \u00e8 intubato e ricoverato in rianimazione in prognosi riservata all&#8217;ospedale infantile Regina Margherita di Torino.\u00a0<\/p>\n<p>Non \u00e8 chiaro al momento se la caduta sia avvenuta da un piano rialzato o da un primo piano, in una delle grandi palazzine di corso Taranto. Uno dei balconi al primo piano visibili dalla strada ha una sbarra mancante nella ringhiera in ferro.<\/p>\n<p>\u00a0<\/p>\n","protected":false},"excerpt":{"rendered":"Un bambino di quattro anni \u00e8 precipitato dal balcone di casa a Torino. Il piccolo, in gravi condizioni,&hellip;\n","protected":false},"author":3,"featured_media":136316,"comment_status":"","ping_status":"","sticky":false,"template":"","format":"standard","meta":{"footnotes":""},"categories":[6],"tags":[694,49448,364,14,8,298,1537,90,89,7,15,82,9,83,10,13,1641,11,80,84,12,81,85],"class_list":{"0":"post-136315","1":"post","2":"type-post","3":"status-publish","4":"format-standard","5":"has-post-thumbnail","7":"category-ultime-notizie","8":"tag-bambino","9":"tag-bimbo-caduto","10":"tag-collaboratori","11":"tag-cronaca","12":"tag-headlines","13":"tag-incidente","14":"tag-it","15":"tag-italia","16":"tag-italy","17":"tag-news","18":"tag-notizie","19":"tag-notizie-di-cronaca","20":"tag-notizie-principali","21":"tag-notiziedicronaca","22":"tag-notizieprincipali","23":"tag-titoli","24":"tag-torino","25":"tag-ultime-notizie","26":"tag-ultime-notizie-di-cronaca","27":"tag-ultime-notizie-e-news-di-oggi","28":"tag-ultimenotizie","29":"tag-ultimenotiziedicronaca","30":"tag-ultimenotizieenewsdioggi"},"share_on_mastodon":{"url":"","error":""},"_links":{"self":[{"href":"https:\/\/www.europesays.com\/it\/wp-json\/wp\/v2\/posts\/136315","targetHints":{"allow":["GET"]}}],"collection":[{"href":"https:\/\/www.europesays.com\/it\/wp-json\/wp\/v2\/posts"}],"about":[{"href":"https:\/\/www.europesays.com\/it\/wp-json\/wp\/v2\/types\/post"}],"author":[{"embeddable":true,"href":"https:\/\/www.europesays.com\/it\/wp-json\/wp\/v2\/users\/3"}],"replies":[{"embeddable":true,"href":"https:\/\/www.europesays.com\/it\/wp-json\/wp\/v2\/comments?post=136315"}],"version-history":[{"count":0,"href":"https:\/\/www.europesays.com\/it\/wp-json\/wp\/v2\/posts\/136315\/revisions"}],"wp:featuredmedia":[{"embeddable":true,"href":"https:\/\/www.europesays.com\/it\/wp-json\/wp\/v2\/media\/136316"}],"wp:attachment":[{"href":"https:\/\/www.europesays.com\/it\/wp-json\/wp\/v2\/media?parent=136315"}],"wp:term":[{"taxonomy":"category","embeddable":true,"href":"https:\/\/www.europesays.com\/it\/wp-json\/wp\/v2\/categories?post=136315"},{"taxonomy":"post_tag","embeddable":true,"href":"https:\/\/www.europesays.com\/it\/wp-json\/wp\/v2\/tags?post=136315"}],"curies":[{"name":"wp","href":"https:\/\/api.w.org\/{rel}","templated":true}]}}